{"id":249593,"date":"2016-06-24T12:45:43","date_gmt":"2016-06-24T12:45:43","guid":{"rendered":"http:\/\/diariodominicano.ddns.net\/?p=249593"},"modified":"2016-06-24T12:45:43","modified_gmt":"2016-06-24T12:45:43","slug":"el-vendaval-del-brexit-barre-a-cameron-y-hunde-los-mercados","status":"publish","type":"post","link":"https:\/\/diariodominicano.com\/?p=249593","title":{"rendered":"El vendaval del brexit barre a Cameron y hunde los mercados"},"content":{"rendered":"<p><body><\/p>\n<p><img decoding=\"async\" src=\"img3\/b95f3e3f2d13b6697112b006a07e70cf417639ab.jpg\" \/><br \/><img decoding=\"async\" src=\"img3\/7840c38df04a08ce8c588c1bafa57689e19ceb2e.jpg\" \/><br \/><img decoding=\"async\" src=\"img3\/f7640277a00cf3062c6fc8b787f4039247fe1199.jpg\" \/>  <\/p>\n<\/p>\n<p>AFP \/ Leon Neal<\/p>\n<p>Un periodista sigue con un tel\u00e9fono m\u00f3vil la comparecencia del primer ministro brit\u00e1nico, David Cameron, el 24 de junio de 2016 en Londres<\/p>\n<p>La decisi\u00f3n de los brit\u00e1nicos de salir de la Uni\u00f3n Europea provoc\u00f3 un terremoto que le cost\u00f3 el cargo al primer ministro David Cameron, hundi\u00f3 los mercados y amenaza con desintegrar Reino Unido.<\/p>\n<p>Los socios europeos lamentaron la decisi\u00f3n de los brit\u00e1nicos e instaron a Londres a empezar cuanto antes las negociaciones de ruptura, para las que hay un plazo de dos a\u00f1os prorrogable.<\/p>\n<p>El &#8216;brexit&#8217; es un \u00abgolpe a Europa\u00bb, declar\u00f3 la canciller alemana, Angela Merkel, que invit\u00f3 al presidente franc\u00e9s, Fran\u00e7ois Hollande; al primer ministro italiano, Matteo Renzi; y al presidente del Consejo Europeo, Donald Tusk, a reunirse en Berl\u00edn el lunes.<\/p>\n<\/p>\n<p>AFP \/ &#8211;<\/p>\n<p>Resultado definitivos del refer\u00e9ndum sobre si Reino Unido debe seguir siendo miembro o no de la Uni\u00f3n Europea <\/p>\n<p>Hollande, por su parte, consider\u00f3 que la salida \u00abpone a prueba a Europa\u00bb, pero Jean-Claude Juncker, presidente de la Comisi\u00f3n Europea, neg\u00f3 que fuera el fin de la Uni\u00f3n Europea.<\/p>\n<p>S\u00ed que fue el fin de Cameron, que present\u00f3 su dimisi\u00f3n al poco de conocerse la victoria del &#8216;brexit&#8217; en el refer\u00e9ndum del jueves por un 52% frente a un 48%.<\/p>\n<p>La renuncia del primer ministro se har\u00e1 efectiva antes del congreso del partido Conservador, en octubre.<\/p>\n<p>\u00abNo ser\u00eda correcto que yo fuera el capit\u00e1n que dirigiera al pa\u00eds\u00bb, dijo ante su residencia de Downing Street.<\/p>\n<p>&#8211; L\u00e1grimas en las calles de Londres &#8211;<\/p>\n<\/p>\n<p>AFP \/ Odd Andersen<\/p>\n<p>El primer ministro brit\u00e1nico, David Cameron, realiza una comparecencia delante de su residencia oficial, el n\u00famero 10 de Downing Street, en Londres, el 24 de junio de 2016<\/p>\n<p>Los ganadores estaban exultantes. Con apenas un diputado en el Parlamento, el l\u00edder antieurope\u00edsta Nigel Farage se convirti\u00f3 en el gran ganador al haber conseguido centrar la campa\u00f1a en el tema de la inmigraci\u00f3n, donde m\u00e1s le interesaba.<\/p>\n<p>Farage pidi\u00f3 que el 23 de junio sea declarado festivo y \u00abD\u00eda de la Independencia\u00bb.<\/p>\n<p>\u00abAhora tenemos una oportunidad gloriosa para aprobar nuestras leyes y fijar nuestros impuestos\u00bb, dijo el conservador Boris Johnson, exalcalde de Londres.<\/p>\n<p>La euforia de los &#8216;brexiters&#8217; contrastaba con las l\u00e1grimas de Francesca Crimp, una empleada bancaria que iba camino al trabajo: \u00abEstoy asustada, vot\u00e9 por el futuro de mi hijo y ahora me siento muy insegura\u00bb.<\/p>\n<\/p>\n<p>AFP \/ Glyn Kirk<\/p>\n<p>Una persona felicita al l\u00edder del Partido de la Independencia de Reino Unido, Nigel Farage (d), el 24 de junio de 2016 cerca del Parlamento, en Londres<\/p>\n<p>\u00abEsta ciudad multicultural en la que vivo cambiar\u00e1 dr\u00e1sticamente, y el mundo ya no es el mismo\u00bb, sentenci\u00f3.<\/p>\n<p>&#8211; Efecto domin\u00f3 &#8211;<\/p>\n<p>\u00abHay momentos en que lo correcto es consultar a la gente\u00bb, asegur\u00f3 Cameron, defendiendo su decisi\u00f3n de convocar el refer\u00e9ndum, aunque sus consecuencias podr\u00edan sentirse durante mucho tiempo.<\/p>\n<p>As\u00ed, Espa\u00f1a pidi\u00f3 inmediatamente una \u00absoberan\u00eda compartida\u00bb sobre Gibraltar, los independentistas escoceses anunciaron el inicio de los preparativos legales para un segundo refer\u00e9ndum de independencia; el Sinn Fein irland\u00e9s quiere tambi\u00e9n que el \u00dalster pueda votar unirse a Irlanda y los ultraderechistas de Francia y Holanda reclamaron poder pronunciarse sobre la UE.<\/p>\n<\/p>\n<p>POOL\/AFP \/ Rob Stothard<\/p>\n<p>Una se\u00f1al de ne\u00f3n alusiva al refer\u00e9ndum sobre la permanencia de Reino Unido en la Uni\u00f3n Europea, colocado en las puerta del Ayuntamiento de Manchester y fotografiado el 23 de junio de 2016<\/p>\n<p>Para el virtual candidato republicano a la presidencia de Estados Unidos, Donald Trump, que se encontraba en Escocia este viernes, el &#8216;brexit&#8217; es \u00abfant\u00e1stico\u00bb y es un fen\u00f3meno parecido al suyo.<\/p>\n<p>\u00abVeo un paralelismo real\u00bb entre mi campa\u00f1a y la del &#8216;brexit&#8217;, dijo Trump en su campo de golf del sudoeste de Escocia, a\u00f1adiendo: \u00abLa gente quiere recuperar su pa\u00eds, quieren la independencia\u00bb.<\/p>\n<p>&#8211; Viernes negro en los mercados &#8211;<\/p>\n<p>\u00abUn jodido desastre\u00bb: as\u00ed resumi\u00f3 el &#8216;brexit&#8217;, a preguntas de la AFP, un operador de la Bolsa de Londres.<\/p>\n<\/p>\n<p>AFP \/ -, &#8211;<\/p>\n<p>Mapa de Reino Unido y resultados del refer\u00e9ndum para abandonar la Uni\u00f3n Europea <\/p>\n<p>Las bolsas cayeron en picado, la libra esterlina marcaba sus peores registros de los \u00faltimos 30 a\u00f1os y los inversores compraban alocadamente deuda alemana, amenazando con una nueva crisis financiera a la maltrecha zona euro.<\/p>\n<p>El Banco de Inglaterra se mostr\u00f3 dispuesto a inyectar inmediatamente 250.000 millones de libras esterlinas en liquidez.<\/p>\n<p>\u00abLos brit\u00e1nicos votaron [por el &#8216;brexit&#8217;] pese a las advertencias de la enorme mayor\u00eda de los expertos econ\u00f3micos. No hay que sorprenderse entonces de que esta ma\u00f1ana los resultados del refer\u00e9ndum provoquen oleajes en los mercados financieros globales\u00bb, dijo Daniel Vernazza, economista de Unicredit Research.<\/p>\n<p>Adem\u00e1s, la salida forzar\u00e1 un traslado de miles de ejecutivos de la City de Londres a Fr\u00e1ncfort, Par\u00eds o Dubl\u00edn.<\/p>\n<p>&#8211; Sin precedentes en la UE &#8211;<\/p>\n<\/p>\n<p>AFP \/ Justin Tallis<\/p>\n<p>El exalcalde de Londres Boris Johnson, partidario del &#8216;brexit&#8217;, sale de su casa en Londres el 24 de junio de 2016<\/p>\n<p>Nunca en la historia de la UE un pa\u00eds hab\u00eda votado para abandonar ese proyecto, que naci\u00f3 en los a\u00f1os 1950, de las cenizas de la Segunda Guerra Mundial.<\/p>\n<p>Los ministros de Relaciones Exteriores alem\u00e1n, franc\u00e9s, holand\u00e9s, italiano, belga y luxemburgu\u00e9s anunciaron una reuni\u00f3n de urgencia en Berl\u00edn.<\/p>\n<p>\u00abSoy totalmente consciente de cu\u00e1n serio, dram\u00e1tico es este momento. (&#8230;) Es un momento hist\u00f3rico, pero ciertamente no es un momento para reacciones hist\u00e9ricas\u00bb, declar\u00f3 el presidente del Consejo Europeo, Donald Tusk.<\/p>\n<p>No habr\u00e1 vac\u00edo jur\u00eddico mientras Reino Unido negocia c\u00f3mo abandonar el bloque, insisti\u00f3.<\/p>\n<p>La negociaci\u00f3n, seg\u00fan los tratados europeos, puede llevar dos a\u00f1os como m\u00e1ximo, a partir del momento en que un miembro los denuncia.<\/p>\n<p>Transcurridos esos dos a\u00f1os, el divorcio debe consumarse, sean cuales sean los desacuerdos a\u00fan existentes.<\/p>\n<p>En juego est\u00e1 el estatuto legal de millones de trabajadores europeos en Reino Unido, de centenares de miles de jubilados brit\u00e1nicos en pa\u00edses como Espa\u00f1a, Francia o Portugal.<\/p>\n<p>\u00abEstoy conmocionada, no me puedo creer que el sentimiento patri\u00f3tico haya llevado a este caos\u00bb, explic\u00f3 a la AFP Carmen Mart\u00ednez, de 43 a\u00f1os, los tres \u00faltimos en Londres.<\/p>\n<p>Mart\u00ednez, funcionaria en excedencia, estudi\u00f3 para profesora en Reino Unido y no considera irse, de momento. \u00abSi me ponen trabas, tendr\u00e9 que irme. A Malta, que es europea y hablan ingl\u00e9s. O a Escocia, si siguen en la UE\u00bb, afirm\u00f3.<\/p>\n<h6> 2016-06-24 12:45:43 <\/h6>\n<p><!--\n<link rel=\"stylesheet\" href=\"css\/bootstrap.min.css\">\n\n\n<ul class=\"pagination\">\n\t    \n\t\n\n<li >\n\t<a href='?page_no=19237'>Previous<\/a>\n\t<\/li>\n\n\n       \n    \n\n<li><a href='?page_no=1'>1<\/a><\/li>\n\n\n\n<li><a href='?page_no=2'>2<\/a><\/li>\n\n\n\n<li><a>...<\/a><\/li>\n\n\n\n<li><a href='?page_no=19236'>19236<\/a><\/li>\n\n\n\n<li><a href='?page_no=19237'>19237<\/a><\/li>\n\n\n\n<li class='active'><a>19238<\/a><\/li>\n\n\n\n<li><a href='?page_no=19239'>19239<\/a><\/li>\n\n\n\n<li><a href='?page_no=19240'>19240<\/a><\/li>\n\n\n\n<li><a>...<\/a><\/li>\n\n\n\n<li><a href='?page_no=51012'>51012<\/a><\/li>\n\n\n\n<li><a href='?page_no=51013'>51013<\/a><\/li>\n\n    \n\t\n\n<li >\n\t<a href='?page_no=19239'>Next<\/a>\n\t<\/li>\n\n\n    \n\n<li><a href='?page_no=51013'>Last &rsaquo;&rsaquo;<\/a><\/li>\n\n<\/ul>\n\n\n--><br \/>\n<\/body><\/p>\n","protected":false},"excerpt":{"rendered":"<p>AFP \/ Leon Neal Un periodista sigue con un tel\u00e9fono m\u00f3vil la comparecencia del primer ministro brit\u00e1nico, David Cameron, el 24 de junio de 2016 en Londres La decisi\u00f3n de los brit\u00e1nicos de salir de la Uni\u00f3n Europea provoc\u00f3 un terremoto que le cost\u00f3 el cargo al primer ministro David Cameron, hundi\u00f3 los mercados y [&hellip;]<\/p>\n","protected":false},"author":3,"featured_media":0,"comment_status":"open","ping_status":"open","sticky":false,"template":"","format":"standard","meta":{"footnotes":""},"categories":[23],"tags":[],"class_list":["post-249593","post","type-post","status-publish","format-standard","hentry","category-internacional"],"_links":{"self":[{"href":"https:\/\/diariodominicano.com\/index.php?rest_route=\/wp\/v2\/posts\/249593","targetHints":{"allow":["GET"]}}],"collection":[{"href":"https:\/\/diariodominicano.com\/index.php?rest_route=\/wp\/v2\/posts"}],"about":[{"href":"https:\/\/diariodominicano.com\/index.php?rest_route=\/wp\/v2\/types\/post"}],"author":[{"embeddable":true,"href":"https:\/\/diariodominicano.com\/index.php?rest_route=\/wp\/v2\/users\/3"}],"replies":[{"embeddable":true,"href":"https:\/\/diariodominicano.com\/index.php?rest_route=%2Fwp%2Fv2%2Fcomments&post=249593"}],"version-history":[{"count":0,"href":"https:\/\/diariodominicano.com\/index.php?rest_route=\/wp\/v2\/posts\/249593\/revisions"}],"wp:attachment":[{"href":"https:\/\/diariodominicano.com\/index.php?rest_route=%2Fwp%2Fv2%2Fmedia&parent=249593"}],"wp:term":[{"taxonomy":"category","embeddable":true,"href":"https:\/\/diariodominicano.com\/index.php?rest_route=%2Fwp%2Fv2%2Fcategories&post=249593"},{"taxonomy":"post_tag","embeddable":true,"href":"https:\/\/diariodominicano.com\/index.php?rest_route=%2Fwp%2Fv2%2Ftags&post=249593"}],"curies":[{"name":"wp","href":"https:\/\/api.w.org\/{rel}","templated":true}]}}