{"id":249590,"date":"2016-06-24T17:00:40","date_gmt":"2016-06-24T17:00:40","guid":{"rendered":"http:\/\/diariodominicano.ddns.net\/?p=249590"},"modified":"2016-06-24T17:00:40","modified_gmt":"2016-06-24T17:00:40","slug":"cristina-fernandez-denuncia-persecucion-politica","status":"publish","type":"post","link":"https:\/\/diariodominicano.com\/?p=249590","title":{"rendered":"&#13;&#13;Cristina Fern\u00e1ndez denuncia persecuci\u00f3n pol\u00edtica"},"content":{"rendered":"<p><body><\/p>\n<p><img decoding=\"async\" src=\"img3\/puerta-violentada.jpg\" \/>  <\/p>\n<\/p>\n<p>Buenos Aires, 24 jun (PL) La expresidenta de Argentina Cristina Fern\u00e1ndez denuncia hoy a trav\u00e9s de las redes sociales persecuci\u00f3n pol\u00edtica luego que desconocidos violentaran la casa donde vivieron los padres de N\u00e9stor Kirchner.<\/p>\n<\/p>\n<p>En su mensaje del que se hacen eco tambi\u00e9n medios digitales, la exdignataria apunta a la Polic\u00eda Metropolitana de la capital y atribuy\u00f3 tal acto de vandalismo a \u00abun clima de persecuci\u00f3n pol\u00edtica y hostigamiento medi\u00e1tico\u00bb por parte del actual gobierno nacional.<\/p>\n<\/p>\n<p>La exmandataria relata que el pasado s\u00e1bado rompieron y abrieron, a patadas, la puerta de entrada de la vivienda en R\u00edo Gallegos, provincia de Santa Cruz.<\/p>\n<\/p>\n<p>\u00abNo es cualquier lugar. Es la casa de los padres de quien fuera mi compa\u00f1ero, en la que tambi\u00e9n viv\u00ed junto a \u00e9l y mi hijo reci\u00e9n nacido, hasta que pudimos mudarnos\u00bb, cuenta Cristina Fern\u00e1ndez en el primer p\u00e1rrafo de un texto que se titula \u00abViolencia de \u00e9poca\u00bb.<\/p>\n<\/p>\n<p>Luego de ese acto vand\u00e1lico, aconteci\u00f3 otro en la ciudad Concepci\u00f3n de Uruguay, Entre R\u00edos, donde a un busto de N\u00e9stor Kirchner personas desconocidas le arrancaron la cabeza.<\/p>\n<\/p>\n<p>En dura acusaci\u00f3n, Cristina Fern\u00e1ndez recalca que hoy en Argentina existe \u00abpersecuci\u00f3n ideol\u00f3gica y hostigamiento medi\u00e1tico. Armado de causas judiciales de funcionarios del Gobierno anterior a diestra y siniestra, que se dan de patadas con la Constituci\u00f3n, los C\u00f3digos y los m\u00e1s elementales derechos y garant\u00edas de cualquier ciudadano\u00bb, enfatiza.<\/p>\n<\/p>\n<p>Sobre el hecho en R\u00edo Gallegos, la exmandataria acus\u00f3 que se trata de un suceso \u00ababsolutamente violento e intimidatorio, que refleja claramente un clima de \u00e9poca\u00bb.<\/p>\n<\/p>\n<p>\u00abEsa metodolog\u00eda -la de abrir las puertas a patadas- nos remite a tiempos pasados. Las dos marcas sobre la pintura blanca traen, adem\u00e1s, el sello inconfundible de los borcegu\u00edes. La confirmaci\u00f3n de que no se hab\u00edan llevado nada despeja cualquier duda\u00bb, remarca la expresidenta.<\/p>\n<\/p>\n<p>En ese sentido, recuerda que \u00abunos d\u00edas antes de este episodio\u00bb la Polic\u00eda de la Provincia de Santa Cruz \u00abidentific\u00f3 en el puesto de control de ingreso a R\u00edo Gallegos, en Guer Aike, a seis oficiales de la Polic\u00eda Metropolitana de la Ciudad Aut\u00f3noma de Buenos Aires\u00bb.<\/p>\n<\/p>\n<p>Adem\u00e1s, consigna en su denuncia los nombres de los efectivos que ven\u00edan desde El Calafate: Leonardo Ariel Salazar, Juan Mat\u00edas Pez, Ruth Elizabeth Vera, Gabriel Alejandro Isassi, Sergio Sebasti\u00e1n Sequeira, Mariela Fernanda Centuri\u00f3n.<\/p>\n<\/p>\n<p>Explica que \u00abs\u00f3lo se dieron a conocer como agentes, al comenzar el control respectivo con los canes sobre los rodados en busca de estupefacientes y\/o armas de fuego\u00bb.<\/p>\n<\/p>\n<p>Ante esa situaci\u00f3n -a\u00f1ade- \u00abmanifestaron que no se hab\u00edan presentado como polic\u00edas desde un primer momento, ya que en Buenos Aires no suelen hacerlo por diferencias con la polic\u00eda de la Provincia (supongo que se refer\u00edan a La Bonaerense)\u00bb, detalla Cristina.<\/p>\n<\/p>\n<p>Agrega que los polic\u00edas de la capital iban armados y dijeron que iban a R\u00edo Gallegos para llevar a cabo diligencias procesales de allanamientos.<\/p>\n<\/p>\n<p>\u00abNo s\u00e9 si hicieron alg\u00fan allanamiento. Lo que estoy segura, es que no vinieron de paseo\u00bb, observa.<\/p>\n<\/p>\n<p>En su mensaje condenatorio la exjefa de Estado cita al diputado del Parlasur Agust\u00edn Rossi durante una sesi\u00f3n que ese organismo llev\u00f3 cabo esta semana en Montevideo, donde plante\u00f3 la interrogante de si \u00ab\u00bfse est\u00e1 construyendo una fuerza paraestatal para perseguir a dirigentes del gobierno anterior?\u00bb <\/p>\n<\/p>\n<p>\u00ab\u00bfEs cierto que han desatado una cacer\u00eda sobre nosotros?\u00bb. Han pasado d\u00edas y nadie del Gobierno Nacional contest\u00f3 las graves interrogantes del exMinistro de Defensa, exPresidente del Bloque de Diputados Nacionales del Frente para la Victoria y actual miembro del Parlasur\u00bb, se\u00f1ala.<\/p>\n<\/p>\n<p>Cristina Fern\u00e1ndez denunci\u00f3 que \u00ablos fueros medi\u00e1ticos y judiciales, sumados a servicios o fuerzas paraestatales de inteligencia, son una combinaci\u00f3n antidemocr\u00e1tica que tiene como inevitable resultado una Democracia de nula intensidad, como nunca se vio desde 1983\u00bb.<\/p>\n<h6> 2016-06-24 17:00:40 <\/h6>\n<p><!--\n<link rel=\"stylesheet\" href=\"css\/bootstrap.min.css\">\n\n\n<ul class=\"pagination\">\n\t    \n\t\n\n<li >\n\t<a href='?page_no=19234'>Previous<\/a>\n\t<\/li>\n\n\n       \n    \n\n<li><a href='?page_no=1'>1<\/a><\/li>\n\n\n\n<li><a href='?page_no=2'>2<\/a><\/li>\n\n\n\n<li><a>...<\/a><\/li>\n\n\n\n<li><a href='?page_no=19233'>19233<\/a><\/li>\n\n\n\n<li><a href='?page_no=19234'>19234<\/a><\/li>\n\n\n\n<li class='active'><a>19235<\/a><\/li>\n\n\n\n<li><a href='?page_no=19236'>19236<\/a><\/li>\n\n\n\n<li><a href='?page_no=19237'>19237<\/a><\/li>\n\n\n\n<li><a>...<\/a><\/li>\n\n\n\n<li><a href='?page_no=51012'>51012<\/a><\/li>\n\n\n\n<li><a href='?page_no=51013'>51013<\/a><\/li>\n\n    \n\t\n\n<li >\n\t<a href='?page_no=19236'>Next<\/a>\n\t<\/li>\n\n\n    \n\n<li><a href='?page_no=51013'>Last &rsaquo;&rsaquo;<\/a><\/li>\n\n<\/ul>\n\n\n--><br \/>\n<\/body><\/p>\n","protected":false},"excerpt":{"rendered":"<p>Buenos Aires, 24 jun (PL) La expresidenta de Argentina Cristina Fern\u00e1ndez denuncia hoy a trav\u00e9s de las redes sociales persecuci\u00f3n pol\u00edtica luego que desconocidos violentaran la casa donde vivieron los padres de N\u00e9stor Kirchner. En su mensaje del que se hacen eco tambi\u00e9n medios digitales, la exdignataria apunta a la Polic\u00eda Metropolitana de la capital [&hellip;]<\/p>\n","protected":false},"author":3,"featured_media":0,"comment_status":"open","ping_status":"open","sticky":false,"template":"","format":"standard","meta":{"footnotes":""},"categories":[23],"tags":[],"class_list":["post-249590","post","type-post","status-publish","format-standard","hentry","category-internacional"],"_links":{"self":[{"href":"https:\/\/diariodominicano.com\/index.php?rest_route=\/wp\/v2\/posts\/249590","targetHints":{"allow":["GET"]}}],"collection":[{"href":"https:\/\/diariodominicano.com\/index.php?rest_route=\/wp\/v2\/posts"}],"about":[{"href":"https:\/\/diariodominicano.com\/index.php?rest_route=\/wp\/v2\/types\/post"}],"author":[{"embeddable":true,"href":"https:\/\/diariodominicano.com\/index.php?rest_route=\/wp\/v2\/users\/3"}],"replies":[{"embeddable":true,"href":"https:\/\/diariodominicano.com\/index.php?rest_route=%2Fwp%2Fv2%2Fcomments&post=249590"}],"version-history":[{"count":0,"href":"https:\/\/diariodominicano.com\/index.php?rest_route=\/wp\/v2\/posts\/249590\/revisions"}],"wp:attachment":[{"href":"https:\/\/diariodominicano.com\/index.php?rest_route=%2Fwp%2Fv2%2Fmedia&parent=249590"}],"wp:term":[{"taxonomy":"category","embeddable":true,"href":"https:\/\/diariodominicano.com\/index.php?rest_route=%2Fwp%2Fv2%2Fcategories&post=249590"},{"taxonomy":"post_tag","embeddable":true,"href":"https:\/\/diariodominicano.com\/index.php?rest_route=%2Fwp%2Fv2%2Ftags&post=249590"}],"curies":[{"name":"wp","href":"https:\/\/api.w.org\/{rel}","templated":true}]}}