{"id":249588,"date":"2016-06-25T02:26:41","date_gmt":"2016-06-25T02:26:41","guid":{"rendered":"http:\/\/diariodominicano.ddns.net\/?p=249588"},"modified":"2016-06-25T02:26:41","modified_gmt":"2016-06-25T02:26:41","slug":"el-brexit-agrava-las-incertidumbres-sobre-la-economia-mundial","status":"publish","type":"post","link":"https:\/\/diariodominicano.com\/?p=249588","title":{"rendered":"El Brexit agrava las incertidumbres sobre la econom\u00eda mundial"},"content":{"rendered":"<p><body><\/p>\n<p><img decoding=\"async\" src=\"img3\/4b2db2fd2dc15b706ef8e56b373a24a6c806246c.jpg\" \/><br \/><img decoding=\"async\" src=\"img3\/d94b41b6d153f1db1f1dd54cac70ab910df01a99.jpg\" \/><br \/><img decoding=\"async\" src=\"img3\/ea6c5b663518a6081a957a29d59ca12d57b916a3.jpg\" \/>  <\/p>\n<\/p>\n<p>24 Jun 2016<\/p>\n<p>AddThis Sharing ButtonsShare to FacebookShare to TwitterShare to Google+Share to M\u00e1s&#8230;<\/p>\n<\/p>\n<p>AFP \/ Leon Neal<\/p>\n<p>El distrito financiero de la City de Londres el 24 de junio de 2016<\/p>\n<p>La victoria del Brexit en el refer\u00e9ndum brit\u00e1nico agrava las incertidumbres sobre la econom\u00eda mundial, que a\u00fan no se ha repuesto del todo de la crisis de 2008.<\/p>\n<p>\u00abEstamos entrando en un territorio completamente desconocido, donde la \u00fanica certidumbre es la incertidumbre\u00bb, afirm\u00f3 Jean-Michel Six, jefe economista para Europa de la agencia de calificaci\u00f3n SP Global Rating, despu\u00e9s de la decisi\u00f3n brit\u00e1nica de salir de la Uni\u00f3n Europea (UE).<\/p>\n<p>Antes del hist\u00f3rico refer\u00e9ndum del jueves, instituciones como el FMI advirtieron de los peligros globales de un Brexit. La OCDE previno igualmente de \u00ablas incidencias para todos\u00bb sus miembros, \u00aben especial en Europa\u00bb.<\/p>\n<p>La directora gerente del FMI, Christine Lagarde, avis\u00f3 tambi\u00e9n de las consecuencias para Estados Unidos, primera econom\u00eda mundial. \u00abEsto tendr\u00eda cierto impacto. \u00bfDe qu\u00e9 envergadura? Habr\u00e1 que debatirlo\u00bb, dijo Lagarde el mi\u00e9rcoles, mencionando la posibilidad de \u00abuna revalorizaci\u00f3n probablemente inevitable del d\u00f3lar\u00bb.<\/p>\n<p>Ahora que se ha confirmado, el Brexit podr\u00eda provocar un efecto domin\u00f3, que acabar\u00eda por afectar a una econom\u00eda mundial debilitada. Y el ya de por s\u00ed enclenque crecimiento europeo podr\u00eda verse en la imposibilidad de asegurar el relevo de las econom\u00edas emergentes que han sostenido la econom\u00eda mundial desde la crisis de 2008, antes de desplomarse por la ca\u00edda de los precios de las materias primas.<\/p>\n<\/p>\n<p>AFP \/ Marim\u00e9 BRUNENGO<\/p>\n<p>Brexit: onda expansiva en Europa y el mundo<\/p>\n<p>M\u00e9xico anunci\u00f3 este viernes un recorte del gasto p\u00fablico de 1.680 millones de d\u00f3lares para hacer frente al Brexit.<\/p>\n<p>Frente a las fuertes turbulencias de los mercados financieros, los ministros de Finanzas y presidentes de los bancos centrales del G7 advirtieron de los posibles \u00abefectos nefastos\u00bb en la estabilidad econ\u00f3mica a causa de movimientos \u00abexcesivos\u00bb en las tasas de cambios.<\/p>\n<p>&#8211; El crecimiento, \u00abcomprometido\u00bb &#8211;<\/p>\n<p>\u00abLa salida de la crisis y un regreso duradero al crecimiento parecen ahora comprometidos por esta sucesi\u00f3n de acontecimientos en los mercados financieros\u00bb, lament\u00f3 Christopher Dembik, economista del banco dan\u00e9s Saxo Bank.<\/p>\n<p>Despu\u00e9s del resultado brit\u00e1nico, Europa se ha convertido en un riesgo. \u00abAntes del Brexit, la UE estaba considerada como un polo de estabilidad en el sistema internacional\u00bb, explic\u00f3 a la AFP Thomas Gomart, director del centro de investigaci\u00f3n franc\u00e9s IFRI.<\/p>\n<p>\u00abPero con la crisis griega, la crisis migratoria, el Brexit y el auge de los populismos, Europa est\u00e1 dejando de ser un factor de estabilidad internacional y alimenta la inestabilidad\u00bb global, explic\u00f3 el autor de un reciente estudio sobre \u00abel regreso del riesgo geopol\u00edtico\u00bb.<\/p>\n<p>\u00abSe est\u00e1 realizando el peor de los escenarios\u00bb, admiti\u00f3 Ludovic Subran, jefe economista de la aseguradora Euler Hermes, incluso si est\u00e1 convencido de que \u00abno se trata del apocalipsis\u00bb.<\/p>\n<\/p>\n<p>Pool\/AFP \/ Glyn Kirk<\/p>\n<p>El edificio de las Casas del Parlamento de Londres el 24 de junio de 2016<\/p>\n<p>Esta erosi\u00f3n de la UE tiene repercusiones inmediatas en la escena internacional. \u00abEsto cuestionar\u00e1 a Europa en su conjunto, en especial durante las negociaciones del tratado de libre comercio con Estados Unidos (TTIP), y tambi\u00e9n [afectar\u00e1] el peso que tienen los europeos en el G7\u00bb, admiti\u00f3 Subran.<\/p>\n<p>Una situaci\u00f3n que podr\u00eda \u00abalentar a pa\u00edses como China a intentar establecer directamente relaciones bilaterales con los pa\u00edses europeos\u00bb, en vez de negociar con Bruselas, constat\u00f3 Gomart.<\/p>\n<p>Seg\u00fan el director del IFRI, lo que se cuestiona hoy d\u00eda es el concepto mismo de globalizaci\u00f3n.<\/p>\n<p>\u00abLa globalizaci\u00f3n se ve\u00eda como una convergencia inexorable de modelos. En realidad, ahora estamos m\u00e1s bien en una divergencia de modelos, con la vuelta probable a formas de proteccionismo\u00bb, destac\u00f3.<\/p>\n<p>Y el debilitamiento del comercio mundial \u00abya influy\u00f3 en el crecimiento mundial estos \u00faltimos a\u00f1os\u00bb, consider\u00f3 Larry Summers, antiguo secretario del Tesoro estadounidense.<\/p>\n<p>Hay una urgencia en los mercados. El gestor de activos Candriam no descarta una \u00abrecesi\u00f3n europea\u00bb si los \u00abgobiernos europeos no logran un acuerdo en sus negociaciones con el Reino Unido en los pr\u00f3ximos meses y un acuerdo para mantener la actividad econ\u00f3mica\u00bb, avis\u00f3 en un comunicado.<\/p>\n<p>\u00abLo que esperamos del resto de la UE es que se comprometa a hacer que Europa sea m\u00e1s eficaz. Pero dadas las experiencias anteriores (&#8230;), no creemos que esto tenga mucha credibilidad en los mercados\u00bb, advirti\u00f3 el banco estadounidense Goldman Sachs.<\/p>\n<p>ANTERIOR\tRETORNAR<\/p>\n<h6> 2016-06-25 02:26:41 <\/h6>\n<p><!--\n<link rel=\"stylesheet\" href=\"css\/bootstrap.min.css\">\n\n\n<ul class=\"pagination\">\n\t    \n\t\n\n<li >\n\t<a href='?page_no=19232'>Previous<\/a>\n\t<\/li>\n\n\n       \n    \n\n<li><a href='?page_no=1'>1<\/a><\/li>\n\n\n\n<li><a href='?page_no=2'>2<\/a><\/li>\n\n\n\n<li><a>...<\/a><\/li>\n\n\n\n<li><a href='?page_no=19231'>19231<\/a><\/li>\n\n\n\n<li><a href='?page_no=19232'>19232<\/a><\/li>\n\n\n\n<li class='active'><a>19233<\/a><\/li>\n\n\n\n<li><a href='?page_no=19234'>19234<\/a><\/li>\n\n\n\n<li><a href='?page_no=19235'>19235<\/a><\/li>\n\n\n\n<li><a>...<\/a><\/li>\n\n\n\n<li><a href='?page_no=51012'>51012<\/a><\/li>\n\n\n\n<li><a href='?page_no=51013'>51013<\/a><\/li>\n\n    \n\t\n\n<li >\n\t<a href='?page_no=19234'>Next<\/a>\n\t<\/li>\n\n\n    \n\n<li><a href='?page_no=51013'>Last &rsaquo;&rsaquo;<\/a><\/li>\n\n<\/ul>\n\n\n--><br \/>\n<\/body><\/p>\n","protected":false},"excerpt":{"rendered":"<p>24 Jun 2016 AddThis Sharing ButtonsShare to FacebookShare to TwitterShare to Google+Share to M\u00e1s&#8230; AFP \/ Leon Neal El distrito financiero de la City de Londres el 24 de junio de 2016 La victoria del Brexit en el refer\u00e9ndum brit\u00e1nico agrava las incertidumbres sobre la econom\u00eda mundial, que a\u00fan no se ha repuesto del todo [&hellip;]<\/p>\n","protected":false},"author":3,"featured_media":0,"comment_status":"open","ping_status":"open","sticky":false,"template":"","format":"standard","meta":{"footnotes":""},"categories":[23],"tags":[],"class_list":["post-249588","post","type-post","status-publish","format-standard","hentry","category-internacional"],"_links":{"self":[{"href":"https:\/\/diariodominicano.com\/index.php?rest_route=\/wp\/v2\/posts\/249588","targetHints":{"allow":["GET"]}}],"collection":[{"href":"https:\/\/diariodominicano.com\/index.php?rest_route=\/wp\/v2\/posts"}],"about":[{"href":"https:\/\/diariodominicano.com\/index.php?rest_route=\/wp\/v2\/types\/post"}],"author":[{"embeddable":true,"href":"https:\/\/diariodominicano.com\/index.php?rest_route=\/wp\/v2\/users\/3"}],"replies":[{"embeddable":true,"href":"https:\/\/diariodominicano.com\/index.php?rest_route=%2Fwp%2Fv2%2Fcomments&post=249588"}],"version-history":[{"count":0,"href":"https:\/\/diariodominicano.com\/index.php?rest_route=\/wp\/v2\/posts\/249588\/revisions"}],"wp:attachment":[{"href":"https:\/\/diariodominicano.com\/index.php?rest_route=%2Fwp%2Fv2%2Fmedia&parent=249588"}],"wp:term":[{"taxonomy":"category","embeddable":true,"href":"https:\/\/diariodominicano.com\/index.php?rest_route=%2Fwp%2Fv2%2Fcategories&post=249588"},{"taxonomy":"post_tag","embeddable":true,"href":"https:\/\/diariodominicano.com\/index.php?rest_route=%2Fwp%2Fv2%2Ftags&post=249588"}],"curies":[{"name":"wp","href":"https:\/\/api.w.org\/{rel}","templated":true}]}}