{"id":249587,"date":"2016-06-25T08:53:09","date_gmt":"2016-06-25T08:53:09","guid":{"rendered":"http:\/\/diariodominicano.ddns.net\/?p=249587"},"modified":"2016-06-25T08:53:09","modified_gmt":"2016-06-25T08:53:09","slug":"los-fundadores-de-la-ue-quieren-que-londres-inicie-su-salida-cuanto-antes","status":"publish","type":"post","link":"https:\/\/diariodominicano.com\/?p=249587","title":{"rendered":"Los fundadores de la UE quieren que Londres inicie su salida cuanto antes&#13;"},"content":{"rendered":"<p><body><\/p>\n<p><img decoding=\"async\" src=\"img3\/6fc0856c060bc459e2425595bcb68a3369a0fc09.jpg\" \/>  <\/p>\n<\/p>\n<p>25 Jun 2016<\/p>\n<p>AddThis Sharing ButtonsShare to FacebookShare to TwitterShare to Google+Share to M\u00e1s&#8230;<\/p>\n<\/p>\n<p>AFP \/ John MacDougall<\/p>\n<p>Los ministros de Exteriores italiano, belga, alem\u00e1n, franc\u00e9s, holand\u00e9s y luxemburgu\u00e9s posan para la foto antes de su reuni\u00f3n de este s\u00e1bado 25 de junio en Berl\u00edn<\/p>\n<p>Los seis pa\u00edses fundadores de la Uni\u00f3n Europea quieren que el Reino Unido empiece \u00ablo m\u00e1s r\u00e1pidamente posible\u00bb el proceso de salida de la Uni\u00f3n Europea, declar\u00f3 este s\u00e1bado el ministro de Exteriores alem\u00e1n tras una reuni\u00f3n con sus hom\u00f3logos.<\/p>\n<p>\u00abDecimos aqu\u00ed, juntos, que este proceso tiene que empezar cuanto antes\u00bb, afirm\u00f3 Frank-Walter Steinmeier al lado de Jean-Marc Ayrault (Francia), Paolo Gentiloni (Italia), Bert Koenders (Holanda), Didier Reynders (B\u00e9lgica) y Jean Asselborn (Luxemburgo).<\/p>\n<p>\u00abDebemos tener la posibilidad de ocuparnos del futuro de Europa\u00bb, agreg\u00f3 Steinmeier, reclamando la puesta en pr\u00e1ctica del art\u00edculo 50 del Tratado de Lisboa, la cl\u00e1usula que evoca la posibilidad de una salida voluntaria y unilateral de la UE.<\/p>\n<p>Por su parte, el franc\u00e9s Ayrault pidi\u00f3 que se nombre un nuevo primer ministro brit\u00e1nico cuanto antes para sustituir a David Cameron, que anunci\u00f3 que dejar\u00eda su cargo en octubre. \u00abHay que designar a un nuevo primer ministro, llevar\u00e1 unos d\u00edas\u00bb, dijo tras la reuni\u00f3n con sus hom\u00f3logos.<\/p>\n<p>\u00abPedimos que el art\u00edculo 50 sea respetado y puesto en pr\u00e1ctica, es urgente. En nombre del inter\u00e9s brit\u00e1nico y europeo, pedimos que Europa y los otros 27 miembros sean respetados\u00bb, agreg\u00f3.<\/p>\n<p>Cameron anunci\u00f3 el viernes, tras la victoria del Brexit en el refer\u00e9ndum, que dejar\u00e1 el cargo en octubre y que su sucesor se encargar\u00e1 de negociar la salida de la UE.<\/p>\n<p>Antes de la reuni\u00f3n, Steinmeier hab\u00eda dicho que los miembros fundadores de la UE no permitir\u00e1n que les arrebaten Europa. \u00abEstoy seguro de que estos Estados transmitir\u00e1n el mensaje de que no dejaremos a nadie arrebatarnos nuestra Europa, este proyecto de paz y de estabilidad\u00bb, dijo.<\/p>\n<p>\u00abNo es un divorcio amistoso, pero, al fin y al cabo, tampoco era una gran relaci\u00f3n amorosa\u00bb, declar\u00f3 el viernes el presidente de la Comisi\u00f3n Europea, Jean-Claude Juncker.<\/p>\n<p>\u00abNo entiendo por qu\u00e9 el Gobierno brit\u00e1nico necesita esperar hasta el mes de octubre para decidir si env\u00eda o no la carta de divorcio a Bruselas. Me gustar\u00eda tenerla inmediatamente\u00bb, insisti\u00f3.<\/p>\n<p>El presidente del Parlamento Europeo, Martin Schulz, hab\u00eda tachado de \u00abescandaloso\u00bb que Cameron espere hasta octubre para irse.<\/p>\n<p>\u00abCreo que est\u00e1 perfectamente claro que nos encontramos en una situaci\u00f3n en la que la histeria y la conmoci\u00f3n no son admisibles. No hay que emprender acciones apresuradas ni fingir que tenemos todas las respuestas. Pero tampoco debemos, tras la decisi\u00f3n brit\u00e1nica, caer en la depresi\u00f3n y la inacci\u00f3n\u00bb, matiz\u00f3 Steinmeier.<\/p>\n<p>Por su parte, el comisario europeo de los Servicios Financieros, el brit\u00e1nico Jonathan Hill, anunci\u00f3 este s\u00e1bado su dimisi\u00f3n, declarando sentirse \u00abmuy decepcionado\u00bb por la decisi\u00f3n de sus conciudadanos de salir de la Uni\u00f3n Europea.<\/p>\n<p>\u00abPuesto que pasamos a una nueva fase, creo que no est\u00e1 bien continuar como comisario brit\u00e1nico como si no hubiese pasado nada\u00bb, explic\u00f3 en un comunicado.<\/p>\n<p>\u00abEvidentemente, estoy muy decepcionado por los resultados del refer\u00e9ndum. Me hubiera gustado que esto terminara de otra manera, pero el pueblo brit\u00e1nico tom\u00f3 una decisi\u00f3n diferente\u00bb, a\u00f1adi\u00f3 Hill, de 56 a\u00f1os, un expresidente de la C\u00e1mara de los Lores nombrado por Cameron comisario brit\u00e1nico en Bruselas en el a\u00f1o 2014.<\/p>\n<h6> 2016-06-25 08:53:09 <\/h6>\n<p><!--\n<link rel=\"stylesheet\" href=\"css\/bootstrap.min.css\">\n\n\n<ul class=\"pagination\">\n\t    \n\t\n\n<li >\n\t<a href='?page_no=19231'>Previous<\/a>\n\t<\/li>\n\n\n       \n    \n\n<li><a href='?page_no=1'>1<\/a><\/li>\n\n\n\n<li><a href='?page_no=2'>2<\/a><\/li>\n\n\n\n<li><a>...<\/a><\/li>\n\n\n\n<li><a href='?page_no=19230'>19230<\/a><\/li>\n\n\n\n<li><a href='?page_no=19231'>19231<\/a><\/li>\n\n\n\n<li class='active'><a>19232<\/a><\/li>\n\n\n\n<li><a href='?page_no=19233'>19233<\/a><\/li>\n\n\n\n<li><a href='?page_no=19234'>19234<\/a><\/li>\n\n\n\n<li><a>...<\/a><\/li>\n\n\n\n<li><a href='?page_no=51012'>51012<\/a><\/li>\n\n\n\n<li><a href='?page_no=51013'>51013<\/a><\/li>\n\n    \n\t\n\n<li >\n\t<a href='?page_no=19233'>Next<\/a>\n\t<\/li>\n\n\n    \n\n<li><a href='?page_no=51013'>Last &rsaquo;&rsaquo;<\/a><\/li>\n\n<\/ul>\n\n\n--><br \/>\n<\/body><\/p>\n","protected":false},"excerpt":{"rendered":"<p>25 Jun 2016 AddThis Sharing ButtonsShare to FacebookShare to TwitterShare to Google+Share to M\u00e1s&#8230; AFP \/ John MacDougall Los ministros de Exteriores italiano, belga, alem\u00e1n, franc\u00e9s, holand\u00e9s y luxemburgu\u00e9s posan para la foto antes de su reuni\u00f3n de este s\u00e1bado 25 de junio en Berl\u00edn Los seis pa\u00edses fundadores de la Uni\u00f3n Europea quieren que [&hellip;]<\/p>\n","protected":false},"author":3,"featured_media":0,"comment_status":"open","ping_status":"open","sticky":false,"template":"","format":"standard","meta":{"footnotes":""},"categories":[23],"tags":[],"class_list":["post-249587","post","type-post","status-publish","format-standard","hentry","category-internacional"],"_links":{"self":[{"href":"https:\/\/diariodominicano.com\/index.php?rest_route=\/wp\/v2\/posts\/249587","targetHints":{"allow":["GET"]}}],"collection":[{"href":"https:\/\/diariodominicano.com\/index.php?rest_route=\/wp\/v2\/posts"}],"about":[{"href":"https:\/\/diariodominicano.com\/index.php?rest_route=\/wp\/v2\/types\/post"}],"author":[{"embeddable":true,"href":"https:\/\/diariodominicano.com\/index.php?rest_route=\/wp\/v2\/users\/3"}],"replies":[{"embeddable":true,"href":"https:\/\/diariodominicano.com\/index.php?rest_route=%2Fwp%2Fv2%2Fcomments&post=249587"}],"version-history":[{"count":0,"href":"https:\/\/diariodominicano.com\/index.php?rest_route=\/wp\/v2\/posts\/249587\/revisions"}],"wp:attachment":[{"href":"https:\/\/diariodominicano.com\/index.php?rest_route=%2Fwp%2Fv2%2Fmedia&parent=249587"}],"wp:term":[{"taxonomy":"category","embeddable":true,"href":"https:\/\/diariodominicano.com\/index.php?rest_route=%2Fwp%2Fv2%2Fcategories&post=249587"},{"taxonomy":"post_tag","embeddable":true,"href":"https:\/\/diariodominicano.com\/index.php?rest_route=%2Fwp%2Fv2%2Ftags&post=249587"}],"curies":[{"name":"wp","href":"https:\/\/api.w.org\/{rel}","templated":true}]}}