{"id":249584,"date":"2016-06-25T14:38:13","date_gmt":"2016-06-25T14:38:13","guid":{"rendered":"http:\/\/diariodominicano.ddns.net\/?p=249584"},"modified":"2016-06-25T14:38:13","modified_gmt":"2016-06-25T14:38:13","slug":"grecia-achaca-el-brexit-a-las-politicas-austeras-de-la-ue","status":"publish","type":"post","link":"https:\/\/diariodominicano.com\/?p=249584","title":{"rendered":"&#13;Grecia achaca el brexit a las pol\u00edticas austeras de la UE"},"content":{"rendered":"<p><body><\/p>\n<p><img decoding=\"async\" src=\"img3\/tsipras-brexit.jpg\" \/>  <\/p>\n<\/p>\n<p>Atenas, 25 jun (PL) El primer ministro de Grecia, Alexis Tsipras, achac\u00f3 hoy la salida de Reino Unido de la Uni\u00f3n Europea (UE), brexit, a las pol\u00edticas de austeridad y la falta de liderazgo en el seno del bloque comunitario.<\/p>\n<\/p>\n<p>Tsipras realiz\u00f3 estas declaraciones, seg\u00fan medios locales, ante el comit\u00e9 central de su partido, Syriza, donde responsabiliz\u00f3 a los l\u00edderes europeos de mostrar \u00abdeficiencias cr\u00f3nicas\u00bb que llevaron a esta \u00abtriste, pero respetable decisi\u00f3n\u00bb.<\/p>\n<\/p>\n<p>\u00abNo hay que culpar al pueblo brit\u00e1nico de que las fronteras se abran a las pol\u00edticas de austeridad mientras permanecen cerradas a la gente\u00bb, dijo el funcionario griego.<\/p>\n<\/p>\n<p>Este s\u00e1bado, Tsipras habl\u00f3 con el presidente franc\u00e9s, Fran\u00e7ois Hollande y, de acuerdo con los rotativos, expres\u00f3 que \u00abnuestra postura com\u00fan se basa en la necesidad de refundar los principios de la democracia, de la protecci\u00f3n social y de la solidaridad en Europa.<\/p>\n<\/p>\n<p>Tras el voto brit\u00e1nico a favor de la salida del ente regional este jueves, el pol\u00edtico de la naci\u00f3n hel\u00e9nica expres\u00f3 que el brexit, \u00abun hecho negativo para todo el continente\u00bb, deber\u00eda ser un llamado de atenci\u00f3n a la UE, \u00abque camina hacia el abismo\u00bb, seg\u00fan inform\u00f3 el peri\u00f3dico Kathimerini.<\/p>\n<\/p>\n<p>Adem\u00e1s, reclam\u00f3 \u00abuna nueva visi\u00f3n y un nuevo comienzo para una Europa unida y mejor, m\u00e1s social y democr\u00e1tica\u00bb. En este sentido, pidi\u00f3 reformas progresistas para combatir el euroescepticismo y cuestion\u00f3 las pol\u00edticas de austeridad europeas, as\u00ed como la respuesta de los Estados miembros a la crisis migratoria en la regi\u00f3n.<\/p>\n<h6> 2016-06-25 14:38:13 <\/h6>\n<p><!--\n<link rel=\"stylesheet\" href=\"css\/bootstrap.min.css\">\n\n\n<ul class=\"pagination\">\n\t    \n\t\n\n<li >\n\t<a href='?page_no=19228'>Previous<\/a>\n\t<\/li>\n\n\n       \n    \n\n<li><a href='?page_no=1'>1<\/a><\/li>\n\n\n\n<li><a href='?page_no=2'>2<\/a><\/li>\n\n\n\n<li><a>...<\/a><\/li>\n\n\n\n<li><a href='?page_no=19227'>19227<\/a><\/li>\n\n\n\n<li><a href='?page_no=19228'>19228<\/a><\/li>\n\n\n\n<li class='active'><a>19229<\/a><\/li>\n\n\n\n<li><a href='?page_no=19230'>19230<\/a><\/li>\n\n\n\n<li><a href='?page_no=19231'>19231<\/a><\/li>\n\n\n\n<li><a>...<\/a><\/li>\n\n\n\n<li><a href='?page_no=51012'>51012<\/a><\/li>\n\n\n\n<li><a href='?page_no=51013'>51013<\/a><\/li>\n\n    \n\t\n\n<li >\n\t<a href='?page_no=19230'>Next<\/a>\n\t<\/li>\n\n\n    \n\n<li><a href='?page_no=51013'>Last &rsaquo;&rsaquo;<\/a><\/li>\n\n<\/ul>\n\n\n--><br \/>\n<\/body><\/p>\n","protected":false},"excerpt":{"rendered":"<p>Atenas, 25 jun (PL) El primer ministro de Grecia, Alexis Tsipras, achac\u00f3 hoy la salida de Reino Unido de la Uni\u00f3n Europea (UE), brexit, a las pol\u00edticas de austeridad y la falta de liderazgo en el seno del bloque comunitario. Tsipras realiz\u00f3 estas declaraciones, seg\u00fan medios locales, ante el comit\u00e9 central de su partido, Syriza, [&hellip;]<\/p>\n","protected":false},"author":3,"featured_media":0,"comment_status":"open","ping_status":"open","sticky":false,"template":"","format":"standard","meta":{"footnotes":""},"categories":[23],"tags":[],"class_list":["post-249584","post","type-post","status-publish","format-standard","hentry","category-internacional"],"_links":{"self":[{"href":"https:\/\/diariodominicano.com\/index.php?rest_route=\/wp\/v2\/posts\/249584","targetHints":{"allow":["GET"]}}],"collection":[{"href":"https:\/\/diariodominicano.com\/index.php?rest_route=\/wp\/v2\/posts"}],"about":[{"href":"https:\/\/diariodominicano.com\/index.php?rest_route=\/wp\/v2\/types\/post"}],"author":[{"embeddable":true,"href":"https:\/\/diariodominicano.com\/index.php?rest_route=\/wp\/v2\/users\/3"}],"replies":[{"embeddable":true,"href":"https:\/\/diariodominicano.com\/index.php?rest_route=%2Fwp%2Fv2%2Fcomments&post=249584"}],"version-history":[{"count":0,"href":"https:\/\/diariodominicano.com\/index.php?rest_route=\/wp\/v2\/posts\/249584\/revisions"}],"wp:attachment":[{"href":"https:\/\/diariodominicano.com\/index.php?rest_route=%2Fwp%2Fv2%2Fmedia&parent=249584"}],"wp:term":[{"taxonomy":"category","embeddable":true,"href":"https:\/\/diariodominicano.com\/index.php?rest_route=%2Fwp%2Fv2%2Fcategories&post=249584"},{"taxonomy":"post_tag","embeddable":true,"href":"https:\/\/diariodominicano.com\/index.php?rest_route=%2Fwp%2Fv2%2Ftags&post=249584"}],"curies":[{"name":"wp","href":"https:\/\/api.w.org\/{rel}","templated":true}]}}