{"id":249583,"date":"2016-06-25T14:41:28","date_gmt":"2016-06-25T14:41:28","guid":{"rendered":"http:\/\/diariodominicano.ddns.net\/?p=249583"},"modified":"2016-06-25T14:41:28","modified_gmt":"2016-06-25T14:41:28","slug":"llaman-a-lucha-por-la-paz-mundial-en-foro-de-sao-paulo-en-el-salvador","status":"publish","type":"post","link":"https:\/\/diariodominicano.com\/?p=249583","title":{"rendered":"&#13;Llaman a lucha por la paz mundial en Foro de Sao Paulo en El Salvador"},"content":{"rendered":"<p><body><\/p>\n<p><img decoding=\"async\" src=\"img3\/foro-ali.jpg\" \/>  <\/p>\n<\/p>\n<p><span class=\"text1noticias\">  <\/span><\/p>\n<p><span class=\"text1noticias\">San Salvador, 25 jun (PL) El representante de la Rep\u00fablica \u00c1rabe Saharaui en M\u00e9xico, Ahmed Mulay Ali, de la delegaci\u00f3n del Frente Polisario que participa en el Foro de Sao Paulo, asegur\u00f3 que conservar los espacios conseguidos, es un reto fundamental de la izquierda.<\/span><\/p>\n<\/p>\n<p><span class=\"text1noticias\">En declaraciones a Prensa Latina, Mulay Ali enfatiz\u00f3 que los pa\u00edses latinoamericanos y caribe\u00f1os, as\u00ed como de otras regiones del mundo, tienen que hacer todos los esfuerzos posibles por mantener y ampliar los espacios conseguidos en el poder por v\u00edas leg\u00edtimas.<\/span><\/p>\n<\/p>\n<p><span class=\"text1noticias\">\u00abOtro reto es asegurar la paz. El mundo est\u00e1 viviendo una situaci\u00f3n bastante dif\u00edcil\u00bb, recalc\u00f3 el representante de una de las naciones m\u00e1s afectadas por la usurpaci\u00f3n colonialista del norte de \u00c1frica.<\/span><\/p>\n<\/p>\n<p><span class=\"text1noticias\">Llam\u00f3 la atenci\u00f3n sobre lo que ocurre en el Medio Oriente, en \u00c1frica y en su propio pueblo donde, dijo, Marruecos est\u00e1 poniendo muchos frenos a las Naciones Unidas y su Consejo de Seguridad en relaci\u00f3n con sus resoluciones y decisiones sobre la realizaci\u00f3n del refer\u00e9ndum de autodeterminaci\u00f3n del Sahara Occidental.<\/span><\/p>\n<\/p>\n<p><span class=\"text1noticias\">Por eso estamos aqu\u00ed en el XXII Encuentro del Foro de Sao Paulo, para informar a los cientos de participantes la situaci\u00f3n de su pa\u00eds y abogar por la paz.<\/span><\/p>\n<\/p>\n<p><span class=\"text1noticias\">Mulay Al\u00ed destac\u00f3 el nivel del organizaci\u00f3n de esta cita que tiene lugar en el Centro Internacional de Ferias y Convenciones, en esta capital, y a la que asisten representantes de partidos pol\u00edticos y movimientos de izquierda y progresistas de Latinoam\u00e9rica y del Caribe que integran el Foro, as\u00ed como de Asia, \u00c1frica, Europa, Estados Unidos y Canad\u00e1.<\/span><\/p>\n<h6> 2016-06-25 14:41:28 <\/h6>\n<p><!--\n<link rel=\"stylesheet\" href=\"css\/bootstrap.min.css\">\n\n\n<ul class=\"pagination\">\n\t    \n\t\n\n<li >\n\t<a href='?page_no=19227'>Previous<\/a>\n\t<\/li>\n\n\n       \n    \n\n<li><a href='?page_no=1'>1<\/a><\/li>\n\n\n\n<li><a href='?page_no=2'>2<\/a><\/li>\n\n\n\n<li><a>...<\/a><\/li>\n\n\n\n<li><a href='?page_no=19226'>19226<\/a><\/li>\n\n\n\n<li><a href='?page_no=19227'>19227<\/a><\/li>\n\n\n\n<li class='active'><a>19228<\/a><\/li>\n\n\n\n<li><a href='?page_no=19229'>19229<\/a><\/li>\n\n\n\n<li><a href='?page_no=19230'>19230<\/a><\/li>\n\n\n\n<li><a>...<\/a><\/li>\n\n\n\n<li><a href='?page_no=51012'>51012<\/a><\/li>\n\n\n\n<li><a href='?page_no=51013'>51013<\/a><\/li>\n\n    \n\t\n\n<li >\n\t<a href='?page_no=19229'>Next<\/a>\n\t<\/li>\n\n\n    \n\n<li><a href='?page_no=51013'>Last &rsaquo;&rsaquo;<\/a><\/li>\n\n<\/ul>\n\n\n--><br \/>\n<\/body><\/p>\n","protected":false},"excerpt":{"rendered":"<p>San Salvador, 25 jun (PL) El representante de la Rep\u00fablica \u00c1rabe Saharaui en M\u00e9xico, Ahmed Mulay Ali, de la delegaci\u00f3n del Frente Polisario que participa en el Foro de Sao Paulo, asegur\u00f3 que conservar los espacios conseguidos, es un reto fundamental de la izquierda. En declaraciones a Prensa Latina, Mulay Ali enfatiz\u00f3 que los pa\u00edses [&hellip;]<\/p>\n","protected":false},"author":3,"featured_media":0,"comment_status":"open","ping_status":"open","sticky":false,"template":"","format":"standard","meta":{"footnotes":""},"categories":[23],"tags":[],"class_list":["post-249583","post","type-post","status-publish","format-standard","hentry","category-internacional"],"_links":{"self":[{"href":"https:\/\/diariodominicano.com\/index.php?rest_route=\/wp\/v2\/posts\/249583","targetHints":{"allow":["GET"]}}],"collection":[{"href":"https:\/\/diariodominicano.com\/index.php?rest_route=\/wp\/v2\/posts"}],"about":[{"href":"https:\/\/diariodominicano.com\/index.php?rest_route=\/wp\/v2\/types\/post"}],"author":[{"embeddable":true,"href":"https:\/\/diariodominicano.com\/index.php?rest_route=\/wp\/v2\/users\/3"}],"replies":[{"embeddable":true,"href":"https:\/\/diariodominicano.com\/index.php?rest_route=%2Fwp%2Fv2%2Fcomments&post=249583"}],"version-history":[{"count":0,"href":"https:\/\/diariodominicano.com\/index.php?rest_route=\/wp\/v2\/posts\/249583\/revisions"}],"wp:attachment":[{"href":"https:\/\/diariodominicano.com\/index.php?rest_route=%2Fwp%2Fv2%2Fmedia&parent=249583"}],"wp:term":[{"taxonomy":"category","embeddable":true,"href":"https:\/\/diariodominicano.com\/index.php?rest_route=%2Fwp%2Fv2%2Fcategories&post=249583"},{"taxonomy":"post_tag","embeddable":true,"href":"https:\/\/diariodominicano.com\/index.php?rest_route=%2Fwp%2Fv2%2Ftags&post=249583"}],"curies":[{"name":"wp","href":"https:\/\/api.w.org\/{rel}","templated":true}]}}