{"id":249582,"date":"2016-06-25T15:55:41","date_gmt":"2016-06-25T15:55:41","guid":{"rendered":"http:\/\/diariodominicano.ddns.net\/?p=249582"},"modified":"2016-06-25T15:55:41","modified_gmt":"2016-06-25T15:55:41","slug":"espanoles-reflexionan-ante-elecciones-de-resultado-previsible","status":"publish","type":"post","link":"https:\/\/diariodominicano.com\/?p=249582","title":{"rendered":"&#13;&#13;Espa\u00f1oles reflexionan ante elecciones de resultado previsible"},"content":{"rendered":"<p><body><\/p>\n<p><img decoding=\"async\" src=\"img3\/urna-espagna.jpg\" \/>  <\/p>\n<\/p>\n<p>Madrid, 25 jun (PL) Los espa\u00f1oles aprovechan hoy la jornada de reflexi\u00f3n para meditar su voto en las elecciones generales de ma\u00f1ana, una repetici\u00f3n de las celebradas en diciembre, en las que ning\u00fan partido obtuvo una mayor\u00eda amplia para gobernar.<\/p>\n<\/p>\n<p>Despu\u00e9s de 15 d\u00edas recorriendo la geograf\u00eda de este pa\u00eds para movilizar el voto, los candidatos cerraron la pasada medianoche sus respectivas campa\u00f1as, centrados en los futuros pactos postelectorales ante la certidumbre de que ser\u00e1 imposible gobernar en solitario.<\/p>\n<\/p>\n<p>M\u00e1s de 36 millones y medio de electores est\u00e1n llamados a las urnas este domingo, en unos comicios cuyos resultados, seg\u00fan vaticinan las encuestas, dejar\u00e1n una fragmentaci\u00f3n de votos similar a la de hace seis meses.<\/p>\n<\/p>\n<p>De confirmarse esa predicci\u00f3n, ninguna de las cuatro principales fuerzas pol\u00edticas alcanzar\u00e1 la mayor\u00eda suficiente, por lo que ser\u00e1n nuevamente necesarios los acuerdos para salir del estancamiento que mantiene a Espa\u00f1a bajo un ejecutivo provisional.<\/p>\n<\/p>\n<p>Los sondeos apuntan a que el conservador Partido Popular (PP), del presidente del Gobierno en funciones Mariano Rajoy, ser\u00e1 el m\u00e1s votado al igual que el 20 de diciembre, pero volver\u00e1 a quedarse sin la hegemon\u00eda parlamentaria requerida para garantizar un nuevo mandato.<\/p>\n<\/p>\n<p>El Partido Socialista Obrero Espa\u00f1ol (PSOE) de Pedro S\u00e1nchez, que en las generales anteriores se ubic\u00f3 detr\u00e1s de los conservadores, podr\u00eda bajar a la tercera posici\u00f3n ante el ascenso de Unidos Podemos, la alianza sellada entre Izquierda Unida y el emergente Podemos.<\/p>\n<\/p>\n<p>Seg\u00fan las propias pesquisas, esa coalici\u00f3n progresista, que tiene a Pablo Iglesias como candidato a la presidencia del Ejecutivo, arrebatar\u00e1 el segundo puesto a los socialdem\u00f3cratas, que durante m\u00e1s de tres d\u00e9cadas se alternaron el poder con el PP en el conocido como bipartidismo espa\u00f1ol.<\/p>\n<\/p>\n<p>La agrupaci\u00f3n de centroderecha Ciudadanos (C&#8217;s), liderada por Albert Rivera, preservar\u00eda la cuarta posici\u00f3n obtenida hace seis meses, cuando entonces firm\u00f3 un pol\u00e9mico pacto con el PSOE que fracas\u00f3 en su intento de investir a S\u00e1nchez como mandatario, debido a la falta de apoyos parlamentarios.<\/p>\n<\/p>\n<p>A juicio de analistas, el posible descalabro de los socialistas obligar\u00e1 a S\u00e1nchez a elegir entre aliarse con Unidos Podemos -juntos superar\u00edan a una hipot\u00e9tica asociaci\u00f3n PP-C&#8217;s- o facilitar la reelecci\u00f3n de Rajoy, dos opciones que el candidato socialdem\u00f3crata descart\u00f3 durante la campa\u00f1a electoral.<\/p>\n<\/p>\n<p>Su probable derrota frente a Iglesias no solo pondr\u00eda en una situaci\u00f3n comprometida a la centenaria organizaci\u00f3n, sino que supondr\u00eda la casi segura muerte pol\u00edtica del actual secretario general del PSOE.<\/p>\n<\/p>\n<p>De acuerdo con el sistema parlamentario espa\u00f1ol, el Congreso de los Diputados, con 350 esca\u00f1os, elige al presidente del Gobierno una vez conformada la legislatura, y para ello requiere de al menos 176 votos (la mitad m\u00e1s uno) de la C\u00e1mara baja.<\/p>\n<h6> 2016-06-25 15:55:41 <\/h6>\n<p><!--\n<link rel=\"stylesheet\" href=\"css\/bootstrap.min.css\">\n\n\n<ul class=\"pagination\">\n\t    \n\t\n\n<li >\n\t<a href='?page_no=19226'>Previous<\/a>\n\t<\/li>\n\n\n       \n    \n\n<li><a href='?page_no=1'>1<\/a><\/li>\n\n\n\n<li><a href='?page_no=2'>2<\/a><\/li>\n\n\n\n<li><a>...<\/a><\/li>\n\n\n\n<li><a href='?page_no=19225'>19225<\/a><\/li>\n\n\n\n<li><a href='?page_no=19226'>19226<\/a><\/li>\n\n\n\n<li class='active'><a>19227<\/a><\/li>\n\n\n\n<li><a href='?page_no=19228'>19228<\/a><\/li>\n\n\n\n<li><a href='?page_no=19229'>19229<\/a><\/li>\n\n\n\n<li><a>...<\/a><\/li>\n\n\n\n<li><a href='?page_no=51012'>51012<\/a><\/li>\n\n\n\n<li><a href='?page_no=51013'>51013<\/a><\/li>\n\n    \n\t\n\n<li >\n\t<a href='?page_no=19228'>Next<\/a>\n\t<\/li>\n\n\n    \n\n<li><a href='?page_no=51013'>Last &rsaquo;&rsaquo;<\/a><\/li>\n\n<\/ul>\n\n\n--><br \/>\n<\/body><\/p>\n","protected":false},"excerpt":{"rendered":"<p>Madrid, 25 jun (PL) Los espa\u00f1oles aprovechan hoy la jornada de reflexi\u00f3n para meditar su voto en las elecciones generales de ma\u00f1ana, una repetici\u00f3n de las celebradas en diciembre, en las que ning\u00fan partido obtuvo una mayor\u00eda amplia para gobernar. Despu\u00e9s de 15 d\u00edas recorriendo la geograf\u00eda de este pa\u00eds para movilizar el voto, los [&hellip;]<\/p>\n","protected":false},"author":3,"featured_media":0,"comment_status":"open","ping_status":"open","sticky":false,"template":"","format":"standard","meta":{"footnotes":""},"categories":[23],"tags":[],"class_list":["post-249582","post","type-post","status-publish","format-standard","hentry","category-internacional"],"_links":{"self":[{"href":"https:\/\/diariodominicano.com\/index.php?rest_route=\/wp\/v2\/posts\/249582","targetHints":{"allow":["GET"]}}],"collection":[{"href":"https:\/\/diariodominicano.com\/index.php?rest_route=\/wp\/v2\/posts"}],"about":[{"href":"https:\/\/diariodominicano.com\/index.php?rest_route=\/wp\/v2\/types\/post"}],"author":[{"embeddable":true,"href":"https:\/\/diariodominicano.com\/index.php?rest_route=\/wp\/v2\/users\/3"}],"replies":[{"embeddable":true,"href":"https:\/\/diariodominicano.com\/index.php?rest_route=%2Fwp%2Fv2%2Fcomments&post=249582"}],"version-history":[{"count":0,"href":"https:\/\/diariodominicano.com\/index.php?rest_route=\/wp\/v2\/posts\/249582\/revisions"}],"wp:attachment":[{"href":"https:\/\/diariodominicano.com\/index.php?rest_route=%2Fwp%2Fv2%2Fmedia&parent=249582"}],"wp:term":[{"taxonomy":"category","embeddable":true,"href":"https:\/\/diariodominicano.com\/index.php?rest_route=%2Fwp%2Fv2%2Fcategories&post=249582"},{"taxonomy":"post_tag","embeddable":true,"href":"https:\/\/diariodominicano.com\/index.php?rest_route=%2Fwp%2Fv2%2Ftags&post=249582"}],"curies":[{"name":"wp","href":"https:\/\/api.w.org\/{rel}","templated":true}]}}