{"id":249580,"date":"2016-06-25T16:07:57","date_gmt":"2016-06-25T16:07:57","guid":{"rendered":"http:\/\/diariodominicano.ddns.net\/?p=249580"},"modified":"2016-06-25T16:07:57","modified_gmt":"2016-06-25T16:07:57","slug":"trump-se-retracta-en-ee-uu-sobre-inmigracion","status":"publish","type":"post","link":"https:\/\/diariodominicano.com\/?p=249580","title":{"rendered":"&#13;Trump se retracta en EE.UU. sobre inmigraci\u00f3n"},"content":{"rendered":"<p><body><\/p>\n<p> Washington, 25 jun (PL) El virtual candidato republicano a la presidencia de Estados Unidos, Donald Trump, se retract\u00f3 hoy de sus pol\u00edticas antimigratorias en el pa\u00eds y dijo no habr\u00e1 deportaciones en masa.<\/p>\n<\/p>\n<p>Durante una entrevista con Bloomberg Pol\u00edtics este s\u00e1bado Trump suaviz\u00f3 su tono sobre el tema afirmando que no habr\u00e1 deportaciones masivas si llega la presidencia.<\/p>\n<\/p>\n<p>Pese a sus reiteradas afirmaciones contra los sin papeles, el pol\u00edtico republicano dijo que \u00abvoy a tener el coraz\u00f3n m\u00e1s grande que nadie\u00bb en cuanto a las expulsi\u00f3n de los indocumentados.<\/p>\n<\/p>\n<p>Presionado sobre si iba a emitir deportaciones masivas como amenaza durante su campa\u00f1a se\u00f1al\u00f3: \u00abNo, yo no lo llamar\u00eda deportaciones en masa.\u00bb \u00abVamos a deshacernos de una gran cantidad de tipos malos que est\u00e1n aqu\u00ed\u00bb.<\/p>\n<\/p>\n<p>A lo largo de su campa\u00f1a, el magnate neoyorquino prometi\u00f3 construir un muro entre Estados Unidos y la frontera con M\u00e9xico y deportar a los 11 millones de personas que viven ilegalmente en el pa\u00eds.<\/p>\n<h6> 2016-06-25 16:07:57 <\/h6>\n<p><!--\n<link rel=\"stylesheet\" href=\"css\/bootstrap.min.css\">\n\n\n<ul class=\"pagination\">\n\t    \n\t\n\n<li >\n\t<a href='?page_no=19224'>Previous<\/a>\n\t<\/li>\n\n\n       \n    \n\n<li><a href='?page_no=1'>1<\/a><\/li>\n\n\n\n<li><a href='?page_no=2'>2<\/a><\/li>\n\n\n\n<li><a>...<\/a><\/li>\n\n\n\n<li><a href='?page_no=19223'>19223<\/a><\/li>\n\n\n\n<li><a href='?page_no=19224'>19224<\/a><\/li>\n\n\n\n<li class='active'><a>19225<\/a><\/li>\n\n\n\n<li><a href='?page_no=19226'>19226<\/a><\/li>\n\n\n\n<li><a href='?page_no=19227'>19227<\/a><\/li>\n\n\n\n<li><a>...<\/a><\/li>\n\n\n\n<li><a href='?page_no=51012'>51012<\/a><\/li>\n\n\n\n<li><a href='?page_no=51013'>51013<\/a><\/li>\n\n    \n\t\n\n<li >\n\t<a href='?page_no=19226'>Next<\/a>\n\t<\/li>\n\n\n    \n\n<li><a href='?page_no=51013'>Last &rsaquo;&rsaquo;<\/a><\/li>\n\n<\/ul>\n\n\n--><br \/>\n<\/body><\/p>\n","protected":false},"excerpt":{"rendered":"<p>Washington, 25 jun (PL) El virtual candidato republicano a la presidencia de Estados Unidos, Donald Trump, se retract\u00f3 hoy de sus pol\u00edticas antimigratorias en el pa\u00eds y dijo no habr\u00e1 deportaciones en masa. Durante una entrevista con Bloomberg Pol\u00edtics este s\u00e1bado Trump suaviz\u00f3 su tono sobre el tema afirmando que no habr\u00e1 deportaciones masivas si [&hellip;]<\/p>\n","protected":false},"author":3,"featured_media":0,"comment_status":"open","ping_status":"open","sticky":false,"template":"","format":"standard","meta":{"footnotes":""},"categories":[23],"tags":[],"class_list":["post-249580","post","type-post","status-publish","format-standard","hentry","category-internacional"],"_links":{"self":[{"href":"https:\/\/diariodominicano.com\/index.php?rest_route=\/wp\/v2\/posts\/249580","targetHints":{"allow":["GET"]}}],"collection":[{"href":"https:\/\/diariodominicano.com\/index.php?rest_route=\/wp\/v2\/posts"}],"about":[{"href":"https:\/\/diariodominicano.com\/index.php?rest_route=\/wp\/v2\/types\/post"}],"author":[{"embeddable":true,"href":"https:\/\/diariodominicano.com\/index.php?rest_route=\/wp\/v2\/users\/3"}],"replies":[{"embeddable":true,"href":"https:\/\/diariodominicano.com\/index.php?rest_route=%2Fwp%2Fv2%2Fcomments&post=249580"}],"version-history":[{"count":0,"href":"https:\/\/diariodominicano.com\/index.php?rest_route=\/wp\/v2\/posts\/249580\/revisions"}],"wp:attachment":[{"href":"https:\/\/diariodominicano.com\/index.php?rest_route=%2Fwp%2Fv2%2Fmedia&parent=249580"}],"wp:term":[{"taxonomy":"category","embeddable":true,"href":"https:\/\/diariodominicano.com\/index.php?rest_route=%2Fwp%2Fv2%2Fcategories&post=249580"},{"taxonomy":"post_tag","embeddable":true,"href":"https:\/\/diariodominicano.com\/index.php?rest_route=%2Fwp%2Fv2%2Ftags&post=249580"}],"curies":[{"name":"wp","href":"https:\/\/api.w.org\/{rel}","templated":true}]}}