{"id":249579,"date":"2016-06-25T16:11:02","date_gmt":"2016-06-25T16:11:02","guid":{"rendered":"http:\/\/diariodominicano.ddns.net\/?p=249579"},"modified":"2016-06-25T16:11:02","modified_gmt":"2016-06-25T16:11:02","slug":"aumentan-a-23-los-muertos-en-virginia-occidental","status":"publish","type":"post","link":"https:\/\/diariodominicano.com\/?p=249579","title":{"rendered":"&#13;Aumentan a 23 los muertos en Virginia Occidental\t &#13;"},"content":{"rendered":"<p><body><\/p>\n<p>Washington, 25 jun (PL) A 23 aument\u00f3 el n\u00famero de muertos y miles de residentes se mantienen sin electricidad a causa de las inundaciones en Virginia Occidental, informaron hoy autoridades.<\/p>\n<\/p>\n<p>El gobernador Earl Ray Tromblin (D) indic\u00f3 en declaraciones a la cadena NBC News que 200 miembros de la Guardia Nacional fueron desplegados para ayudar en las operaciones de b\u00fasqueda y rescate, y 300 m\u00e1s se pueden incorporar a esa tarea, en \u00e1reas donde se mantiene el estado de emergencia.<\/p>\n<\/p>\n<p>El viernes, las autoridades informaron el fallecimiento de 14 personas, incluyendo dos ni\u00f1os, mientras unas 500 personas permanec\u00edan bloqueadas en un centro comercial durante m\u00e1s de 24 horas.<\/p>\n<\/p>\n<p>Tromblin declar\u00f3 el estado de emergencia en 44 de 55 condados de Virginia Occidental, una regi\u00f3n situada al sur de los Montes Apalaches.<\/p>\n<\/p>\n<p>Un sistema de tormentas dej\u00f3 caer unos 23 cent\u00edmetros (9 pulgadas) de lluvia en partes de Virginia Occidental, lo que provoc\u00f3 las riadas, probablemente las peores en 100 a\u00f1os, seg\u00fan dijo Chris Stadelman, vocero de la gobernaci\u00f3n.<\/p>\n<h6> 2016-06-25 16:11:02 <\/h6>\n<p><!--\n<link rel=\"stylesheet\" href=\"css\/bootstrap.min.css\">\n\n\n<ul class=\"pagination\">\n\t    \n\t\n\n<li >\n\t<a href='?page_no=19223'>Previous<\/a>\n\t<\/li>\n\n\n       \n    \n\n<li><a href='?page_no=1'>1<\/a><\/li>\n\n\n\n<li><a href='?page_no=2'>2<\/a><\/li>\n\n\n\n<li><a>...<\/a><\/li>\n\n\n\n<li><a href='?page_no=19222'>19222<\/a><\/li>\n\n\n\n<li><a href='?page_no=19223'>19223<\/a><\/li>\n\n\n\n<li class='active'><a>19224<\/a><\/li>\n\n\n\n<li><a href='?page_no=19225'>19225<\/a><\/li>\n\n\n\n<li><a href='?page_no=19226'>19226<\/a><\/li>\n\n\n\n<li><a>...<\/a><\/li>\n\n\n\n<li><a href='?page_no=51012'>51012<\/a><\/li>\n\n\n\n<li><a href='?page_no=51013'>51013<\/a><\/li>\n\n    \n\t\n\n<li >\n\t<a href='?page_no=19225'>Next<\/a>\n\t<\/li>\n\n\n    \n\n<li><a href='?page_no=51013'>Last &rsaquo;&rsaquo;<\/a><\/li>\n\n<\/ul>\n\n\n--><br \/>\n<\/body><\/p>\n","protected":false},"excerpt":{"rendered":"<p>Washington, 25 jun (PL) A 23 aument\u00f3 el n\u00famero de muertos y miles de residentes se mantienen sin electricidad a causa de las inundaciones en Virginia Occidental, informaron hoy autoridades. El gobernador Earl Ray Tromblin (D) indic\u00f3 en declaraciones a la cadena NBC News que 200 miembros de la Guardia Nacional fueron desplegados para ayudar [&hellip;]<\/p>\n","protected":false},"author":3,"featured_media":0,"comment_status":"open","ping_status":"open","sticky":false,"template":"","format":"standard","meta":{"footnotes":""},"categories":[23],"tags":[],"class_list":["post-249579","post","type-post","status-publish","format-standard","hentry","category-internacional"],"_links":{"self":[{"href":"https:\/\/diariodominicano.com\/index.php?rest_route=\/wp\/v2\/posts\/249579","targetHints":{"allow":["GET"]}}],"collection":[{"href":"https:\/\/diariodominicano.com\/index.php?rest_route=\/wp\/v2\/posts"}],"about":[{"href":"https:\/\/diariodominicano.com\/index.php?rest_route=\/wp\/v2\/types\/post"}],"author":[{"embeddable":true,"href":"https:\/\/diariodominicano.com\/index.php?rest_route=\/wp\/v2\/users\/3"}],"replies":[{"embeddable":true,"href":"https:\/\/diariodominicano.com\/index.php?rest_route=%2Fwp%2Fv2%2Fcomments&post=249579"}],"version-history":[{"count":0,"href":"https:\/\/diariodominicano.com\/index.php?rest_route=\/wp\/v2\/posts\/249579\/revisions"}],"wp:attachment":[{"href":"https:\/\/diariodominicano.com\/index.php?rest_route=%2Fwp%2Fv2%2Fmedia&parent=249579"}],"wp:term":[{"taxonomy":"category","embeddable":true,"href":"https:\/\/diariodominicano.com\/index.php?rest_route=%2Fwp%2Fv2%2Fcategories&post=249579"},{"taxonomy":"post_tag","embeddable":true,"href":"https:\/\/diariodominicano.com\/index.php?rest_route=%2Fwp%2Fv2%2Ftags&post=249579"}],"curies":[{"name":"wp","href":"https:\/\/api.w.org\/{rel}","templated":true}]}}