{"id":249578,"date":"2016-06-25T16:14:18","date_gmt":"2016-06-25T16:14:18","guid":{"rendered":"http:\/\/diariodominicano.ddns.net\/?p=249578"},"modified":"2016-06-25T16:14:18","modified_gmt":"2016-06-25T16:14:18","slug":"hollande-descarta-convocar-en-francia-un-referendo-como-el-britanico","status":"publish","type":"post","link":"https:\/\/diariodominicano.com\/?p=249578","title":{"rendered":"&#13;Hollande descarta convocar en Francia un referendo como el brit\u00e1nico"},"content":{"rendered":"<p><body><\/p>\n<p><img decoding=\"async\" src=\"img3\/hollande.jpg\" \/>  <\/p>\n<\/p>\n<p><span class=\"text1noticias\">  <\/span><\/p>\n<p><span class=\"text1noticias\">Par\u00eds, 25 jun (PL) El presidente franc\u00e9s, Fran\u00e7ois Hollande, descart\u00f3 hoy convocar en su pa\u00eds un referendo como el brit\u00e1nico, en el cual result\u00f3 vencedora la opci\u00f3n de la salida de Reino Unido de la Uni\u00f3n Europea (UE).<\/span><\/p>\n<\/p>\n<p><span class=\"text1noticias\">El mandatario, que este s\u00e1bado se reuni\u00f3 con representantes de las fuerzas pol\u00edticas de la naci\u00f3n, se pronunci\u00f3 por dar un nuevo impulso al proyecto europeo.<\/span><\/p>\n<\/p>\n<p><span class=\"text1noticias\">Marine Le Pen, l\u00edder el ultraderechista Frente Nacional, expres\u00f3 ante medios de prensa tras el encuentro, que si ella gana en las elecciones presidenciales del pr\u00f3ximo a\u00f1o en Francia, convocar\u00e1 a una consulta de ese tipo en menos de seis meses.<\/span><\/p>\n<\/p>\n<p><span class=\"text1noticias\">Por su parte, Nicol\u00e1s Sarkozy, del partido conservador Los Republicanos, declar\u00f3 que la UE atraviesa una crisis que va m\u00e1s all\u00e1 del referendo brit\u00e1nico y es necesario que el pa\u00eds galo impulse un nuevo tratado europeo.<\/span><\/p>\n<\/p>\n<p><span class=\"text1noticias\">Le he dicho al presidente que considero vital que Francia asuma una iniciativa muy fuerte para colocar las bases de un nuevo tratado intergubernamental, manifest\u00f3.<\/span><\/p>\n<\/p>\n<p><span class=\"text1noticias\">Asimismo, critic\u00f3 el actual funcionamiento del bloque comunitario, reproch\u00f3 a Bruselas los problemas para asegurar las fronteras exteriores de la Uni\u00f3n, y se refiri\u00f3 a lo que considera el mal funcionamiento de la Eurozona.<\/span><\/p>\n<\/p>\n<p><span class=\"text1noticias\">A su turno, Jean-Luc M\u00e9lenchon, l\u00edder del Partido de Izquierda, declar\u00f3 a la prensa que Hollande no busca \u00abuna propuesta de reforma en profundidad\u00bb.<\/span><\/p>\n<\/p>\n<p><span class=\"text1noticias\">Al final de la jornada, el jefe de Estado intercambi\u00f3 con el primer ministro italiano, Mateo Renzi, durante una cena informal.<\/span><\/p>\n<\/p>\n<p><span class=\"text1noticias\">El viernes, a pocas horas de conocerse el resultado de la consulta en Reino Unido, Hollande subray\u00f3 que ese escenario \u00abpone gravemente a prueba\u00bb al bloque.<\/span><\/p>\n<\/p>\n<p><span class=\"text1noticias\">Durante una declaraci\u00f3n ante medios de prensa, expres\u00f3 que el grupo debe mostrar en estas circunstancias su solidez y su fuerza, aportando las respuestas necesarias para controlar los riesgos econ\u00f3micos y financieros de la salida.<\/span><\/p>\n<\/p>\n<p><span class=\"text1noticias\">Apunt\u00f3 que el \u00abpeligro es inmenso ante los extremismos y los populismos\u00bb, por lo llam\u00f3 a la UE y a sus pa\u00edses miembros a \u00abconcentrarse en lo esencial\u00bb.<\/span><\/p>\n<\/p>\n<p><span class=\"text1noticias\">A su juicio, las energ\u00edas deben estar centradas en cuatro grandes temas: la seguridad, la inversi\u00f3n, la armonizaci\u00f3n fiscal y social, y el refuerzo de la Eurozona y de su gobernanza democr\u00e1tica.<\/span><\/p>\n<\/p>\n<p><span class=\"text1noticias\">El mandatario galo se reunir\u00e1 el lunes en Berl\u00edn con Renzi, la canciller federal alemana, \u00c1ngela Merkel, y el presidente del Consejo Europeo, Donald Tusk.<\/span><\/p>\n<h6> 2016-06-25 16:14:18 <\/h6>\n<p><!--\n<link rel=\"stylesheet\" href=\"css\/bootstrap.min.css\">\n\n\n<ul class=\"pagination\">\n\t    \n\t\n\n<li >\n\t<a href='?page_no=19222'>Previous<\/a>\n\t<\/li>\n\n\n       \n    \n\n<li><a href='?page_no=1'>1<\/a><\/li>\n\n\n\n<li><a href='?page_no=2'>2<\/a><\/li>\n\n\n\n<li><a>...<\/a><\/li>\n\n\n\n<li><a href='?page_no=19221'>19221<\/a><\/li>\n\n\n\n<li><a href='?page_no=19222'>19222<\/a><\/li>\n\n\n\n<li class='active'><a>19223<\/a><\/li>\n\n\n\n<li><a href='?page_no=19224'>19224<\/a><\/li>\n\n\n\n<li><a href='?page_no=19225'>19225<\/a><\/li>\n\n\n\n<li><a>...<\/a><\/li>\n\n\n\n<li><a href='?page_no=51012'>51012<\/a><\/li>\n\n\n\n<li><a href='?page_no=51013'>51013<\/a><\/li>\n\n    \n\t\n\n<li >\n\t<a href='?page_no=19224'>Next<\/a>\n\t<\/li>\n\n\n    \n\n<li><a href='?page_no=51013'>Last &rsaquo;&rsaquo;<\/a><\/li>\n\n<\/ul>\n\n\n--><br \/>\n<\/body><\/p>\n","protected":false},"excerpt":{"rendered":"<p>Par\u00eds, 25 jun (PL) El presidente franc\u00e9s, Fran\u00e7ois Hollande, descart\u00f3 hoy convocar en su pa\u00eds un referendo como el brit\u00e1nico, en el cual result\u00f3 vencedora la opci\u00f3n de la salida de Reino Unido de la Uni\u00f3n Europea (UE). El mandatario, que este s\u00e1bado se reuni\u00f3 con representantes de las fuerzas pol\u00edticas de la naci\u00f3n, se [&hellip;]<\/p>\n","protected":false},"author":3,"featured_media":0,"comment_status":"open","ping_status":"open","sticky":false,"template":"","format":"standard","meta":{"footnotes":""},"categories":[23],"tags":[],"class_list":["post-249578","post","type-post","status-publish","format-standard","hentry","category-internacional"],"_links":{"self":[{"href":"https:\/\/diariodominicano.com\/index.php?rest_route=\/wp\/v2\/posts\/249578","targetHints":{"allow":["GET"]}}],"collection":[{"href":"https:\/\/diariodominicano.com\/index.php?rest_route=\/wp\/v2\/posts"}],"about":[{"href":"https:\/\/diariodominicano.com\/index.php?rest_route=\/wp\/v2\/types\/post"}],"author":[{"embeddable":true,"href":"https:\/\/diariodominicano.com\/index.php?rest_route=\/wp\/v2\/users\/3"}],"replies":[{"embeddable":true,"href":"https:\/\/diariodominicano.com\/index.php?rest_route=%2Fwp%2Fv2%2Fcomments&post=249578"}],"version-history":[{"count":0,"href":"https:\/\/diariodominicano.com\/index.php?rest_route=\/wp\/v2\/posts\/249578\/revisions"}],"wp:attachment":[{"href":"https:\/\/diariodominicano.com\/index.php?rest_route=%2Fwp%2Fv2%2Fmedia&parent=249578"}],"wp:term":[{"taxonomy":"category","embeddable":true,"href":"https:\/\/diariodominicano.com\/index.php?rest_route=%2Fwp%2Fv2%2Fcategories&post=249578"},{"taxonomy":"post_tag","embeddable":true,"href":"https:\/\/diariodominicano.com\/index.php?rest_route=%2Fwp%2Fv2%2Ftags&post=249578"}],"curies":[{"name":"wp","href":"https:\/\/api.w.org\/{rel}","templated":true}]}}