{"id":249570,"date":"2016-06-26T07:31:02","date_gmt":"2016-06-26T07:31:02","guid":{"rendered":"http:\/\/diariodominicano.ddns.net\/?p=249570"},"modified":"2016-06-26T07:31:02","modified_gmt":"2016-06-26T07:31:02","slug":"kerry-viajara-a-londres-y-bruselas-el-lunes-para-hablar-del-brexit","status":"publish","type":"post","link":"https:\/\/diariodominicano.com\/?p=249570","title":{"rendered":"Kerry viajar\u00e1 a Londres y Bruselas el lunes para hablar del Brexit"},"content":{"rendered":"<p><body><\/p>\n<p><img decoding=\"async\" src=\"img3\/7a45881929152c17122f65aaa37aa79e0d5ba94b.jpg\" \/>  <\/p>\n<\/p>\n<p>26 Jun 2016<\/p>\n<p>AddThis Sharing ButtonsShare to FacebookShare to TwitterShare to Google+Share to M\u00e1s&#8230;<\/p>\n<\/p>\n<p>AFP\/Archivos \/ Yuri Gripas<\/p>\n<p>John Kerry, durante un acto p\u00fablico el pasado 20 de junio en Sterling, al este de EEUU<\/p>\n<p>El secretario de Estado norteamericano, John Kerry, viajar\u00e1 el lunes a Bruselas y a Londres despu\u00e9s del terremoto provocado en Europa por la decisi\u00f3n de los brit\u00e1nicos de salir de la Uni\u00f3n Europea, informaron este domingo responsables de su entorno.<\/p>\n<p>De visita en Roma este domingo para una reuni\u00f3n con su hom\u00f3logo italiano, Paolo Gentiloni, y el primer ministro israel\u00ed, Benjamin Netanyahu, Kerry volar\u00e1 el lunes a Bruselas para reunirse con la jefa de la diplomacia europea, Federica Mogherini, una cita inicialmente prevista el domingo en Roma. Despu\u00e9s, el secretario de Estado se trasladar\u00e1 a Londres, seg\u00fan las fuentes citada<\/p>\n<h6> 2016-06-26 07:31:02 <\/h6>\n<p><!--\n<link rel=\"stylesheet\" href=\"css\/bootstrap.min.css\">\n\n\n<ul class=\"pagination\">\n\t    \n\t\n\n<li >\n\t<a href='?page_no=19214'>Previous<\/a>\n\t<\/li>\n\n\n       \n    \n\n<li><a href='?page_no=1'>1<\/a><\/li>\n\n\n\n<li><a href='?page_no=2'>2<\/a><\/li>\n\n\n\n<li><a>...<\/a><\/li>\n\n\n\n<li><a href='?page_no=19213'>19213<\/a><\/li>\n\n\n\n<li><a href='?page_no=19214'>19214<\/a><\/li>\n\n\n\n<li class='active'><a>19215<\/a><\/li>\n\n\n\n<li><a href='?page_no=19216'>19216<\/a><\/li>\n\n\n\n<li><a href='?page_no=19217'>19217<\/a><\/li>\n\n\n\n<li><a>...<\/a><\/li>\n\n\n\n<li><a href='?page_no=51012'>51012<\/a><\/li>\n\n\n\n<li><a href='?page_no=51013'>51013<\/a><\/li>\n\n    \n\t\n\n<li >\n\t<a href='?page_no=19216'>Next<\/a>\n\t<\/li>\n\n\n    \n\n<li><a href='?page_no=51013'>Last &rsaquo;&rsaquo;<\/a><\/li>\n\n<\/ul>\n\n\n--><br \/>\n<\/body><\/p>\n","protected":false},"excerpt":{"rendered":"<p>26 Jun 2016 AddThis Sharing ButtonsShare to FacebookShare to TwitterShare to Google+Share to M\u00e1s&#8230; AFP\/Archivos \/ Yuri Gripas John Kerry, durante un acto p\u00fablico el pasado 20 de junio en Sterling, al este de EEUU El secretario de Estado norteamericano, John Kerry, viajar\u00e1 el lunes a Bruselas y a Londres despu\u00e9s del terremoto provocado en [&hellip;]<\/p>\n","protected":false},"author":3,"featured_media":0,"comment_status":"open","ping_status":"open","sticky":false,"template":"","format":"standard","meta":{"footnotes":""},"categories":[23],"tags":[],"class_list":["post-249570","post","type-post","status-publish","format-standard","hentry","category-internacional"],"_links":{"self":[{"href":"https:\/\/diariodominicano.com\/index.php?rest_route=\/wp\/v2\/posts\/249570","targetHints":{"allow":["GET"]}}],"collection":[{"href":"https:\/\/diariodominicano.com\/index.php?rest_route=\/wp\/v2\/posts"}],"about":[{"href":"https:\/\/diariodominicano.com\/index.php?rest_route=\/wp\/v2\/types\/post"}],"author":[{"embeddable":true,"href":"https:\/\/diariodominicano.com\/index.php?rest_route=\/wp\/v2\/users\/3"}],"replies":[{"embeddable":true,"href":"https:\/\/diariodominicano.com\/index.php?rest_route=%2Fwp%2Fv2%2Fcomments&post=249570"}],"version-history":[{"count":0,"href":"https:\/\/diariodominicano.com\/index.php?rest_route=\/wp\/v2\/posts\/249570\/revisions"}],"wp:attachment":[{"href":"https:\/\/diariodominicano.com\/index.php?rest_route=%2Fwp%2Fv2%2Fmedia&parent=249570"}],"wp:term":[{"taxonomy":"category","embeddable":true,"href":"https:\/\/diariodominicano.com\/index.php?rest_route=%2Fwp%2Fv2%2Fcategories&post=249570"},{"taxonomy":"post_tag","embeddable":true,"href":"https:\/\/diariodominicano.com\/index.php?rest_route=%2Fwp%2Fv2%2Ftags&post=249570"}],"curies":[{"name":"wp","href":"https:\/\/api.w.org\/{rel}","templated":true}]}}