{"id":249569,"date":"2016-06-26T07:39:37","date_gmt":"2016-06-26T07:39:37","guid":{"rendered":"http:\/\/diariodominicano.ddns.net\/?p=249569"},"modified":"2016-06-26T07:39:37","modified_gmt":"2016-06-26T07:39:37","slug":"la-politica-britanica-estalla-por-el-brexit","status":"publish","type":"post","link":"https:\/\/diariodominicano.com\/?p=249569","title":{"rendered":"La pol\u00edtica brit\u00e1nica estalla por el Brexit"},"content":{"rendered":"<p><body><\/p>\n<p><img decoding=\"async\" src=\"img3\/786671c4c20fff08a38e2a1aa89981ec1fdf0bcf.jpg\" \/><br \/><img decoding=\"async\" src=\"img3\/e5c4b0651b5ef9208d2d32fd01a3b544253b529e.jpg\" \/><br \/><img decoding=\"async\" src=\"img3\/d9053672e51510a26929ad049746201a3c630d7e.jpg\" \/>  <\/p>\n<\/p>\n<p>26 Jun 2016<\/p>\n<p>AddThis Sharing ButtonsShare to FacebookShare to TwitterShare to Google+Share to M\u00e1s&#8230;<\/p>\n<\/p>\n<p>AFP \/ Oli Scarff<\/p>\n<p>Nicola Sturgeon comparece ante la prensa tras una reuni\u00f3n extraordinaria del Gobierno regional escoc\u00e9s sobre el Brexit, el s\u00e1bado 25 de junio en Edimburgo<\/p>\n<p>El terremoto causado por el Brexit impact\u00f3 de lleno en la pol\u00edtica brit\u00e1nica este domingo, con la intensificaci\u00f3n de las demandas independentistas en Escocia y el estallido de una revuelta contra el l\u00edder laborista, Jeremy Corbyn.<\/p>\n<p>\u00abEl Reino Unido que Escocia vot\u00f3 en 2014 ya no existe\u00bb, sentenci\u00f3 este domingo Nicola Sturgeon, jefa del Gobierno regional de Escocia, en una entrevista en la televisi\u00f3n p\u00fablica brit\u00e1nica, la BBC.<\/p>\n<p>El segundo refer\u00e9ndum de independencia \u00abes muy probable\u00bb, a\u00f1adi\u00f3 la l\u00edder escocesa, coincidiendo con la publicaci\u00f3n de una encuesta que daba un 52% de apoyo a la secesi\u00f3n entre los escoceses.<\/p>\n<p>Sturgeon anunci\u00f3 la v\u00edspera que sortear\u00e1 a Londres y pedir\u00e1 conversar directamente con Bruselas y otros Estados miembros para \u00abproteger el lugar de Escocia\u00bb en el bloque europeo, despu\u00e9s de que los escoceses apoyaran masivamente seguir en la Uni\u00f3n Europea, desmarc\u00e1ndose del conjunto del pa\u00eds.<\/p>\n<p>En Irlanda del Norte, el otro frente regional que se le abre a Londres, el l\u00edder unionista Ian Paisley Jr. sugiri\u00f3 a sus seguidores hacerse con el pasaporte irland\u00e9s.<\/p>\n<p>El gesto de Paisley habr\u00e1 revuelto en la tumba a su padre Ian, feroz l\u00edder probrit\u00e1nico durante los peores a\u00f1os del conflicto del Ulster. \u00abMi consejo es que, si tienes derecho a un segundo pasaporte, lo consigas\u00bb, dijo Paisley, diputado unionista en Londres.<\/p>\n<p>&#8211; \u00abCualquiera, menos Boris\u00bb &#8211;<\/p>\n<\/p>\n<p>Pool\/AFP\/Archivos \/ Mary Turner<\/p>\n<p>Boris Johnson llega a una rueda de prensa el viernes 24 de junio en el centro de Londres<\/p>\n<p>El Parlamento de Wesminster se reunir\u00e1 el lunes por primera vez tras la victoria de los partidarios de la ruptura con Bruselas y el anuncio de dimisi\u00f3n del primer ministro, el conservador David Cameron, que se har\u00e1 efectiva en octubre.<\/p>\n<p>Hasta entonces, el Partido Conservador tendr\u00e1 que elegir nuevo l\u00edder y primer ministro, y algunos sectores ya maniobraban para apartar de la carrera a Boris Johnson, l\u00edder de la campa\u00f1a Brexit, en una operaci\u00f3n que la prensa bautiz\u00f3 como &#8216;Cualquiera, menos Boris&#8217;.<\/p>\n<p>\u00abBoris tiene que demostrar que, adem\u00e1s de un buen pol\u00edtico, es un buen estadista\u00bb, dijo el diputado conservador Malcom Rifkind, que estuvo en los gabinetes de Margaret Thatcher y John Major.<\/p>\n<p>La mejor posicionada para acabar con Johnson, exalcalde de Londres, es la ministra del Interior, Theresa May, que estaba a favor de la UE, pero que no se comprometi\u00f3 durante la campa\u00f1a.<\/p>\n<p>May \u00abtiene de lejos mucha m\u00e1s experiencia [que Johnson], ha sido ministra en los \u00faltimos seis a\u00f1os y con mucho \u00e9xito\u00bb, a\u00f1adi\u00f3 Rifkind, entrevistado por la BBC.<\/p>\n<p>&#8211; Revuelta abierta contra Corbyn &#8211;<\/p>\n<\/p>\n<p>AFP\/Archivos \/ Leon Neal<\/p>\n<p>Jeremy Corbyn (izq) y Hilary Benn hablan durante la \u00faltima conferencia anual del Partido Laborista, el 28 de septiembre de 2015 en Brighton, al sur de Inglaterra<\/p>\n<p>En el campo de la oposici\u00f3n, Jeremy Corbyn destituy\u00f3 al portavoz de Exteriores del Partido Laborista, que se conoce en la pol\u00edtica brit\u00e1nica como el \u00abministro de Exteriores en la sombra\u00bb, Hilary Benn, despu\u00e9s de que \u00e9ste buscara apoyos a una moci\u00f3n de censura presentada por dos diputadas y que se debatir\u00e1 el lunes.<\/p>\n<p>La portavoz laborista de Sanidad, Heidi Alexander, dimiti\u00f3 en protesta por el cese de Benn. \u00abHa quedado ya muy claro que hay una inquietud muy extendida entre los diputados laboristas y el gobierno en la sombra sobre el liderazgo de Jeremy Corbyn\u00bb, dijo Benn en un comunicado.<\/p>\n<p>Hijo del hist\u00f3rico dirigente laborista Tony Benn, Hilary Benn es percibido por amplios sectores como la persona que podr\u00eda salvar al partido de una tercera derrota consecutiva en unas elecciones legislativas.<\/p>\n<p>\u00abNo hay confianza en que seamos capaces de ganar las pr\u00f3ximas elecciones si Jeremy continua como l\u00edder\u00bb, dijo Benn, unas elecciones que no estaban previstas hasta 2020 pero que \u00abpodr\u00edan llegar mucho m\u00e1s pronto de lo esperado\u00bb.<\/p>\n<p>\u00abEn una llamada a Jeremy, le dije que, por todas estas razones, hab\u00eda perdido la confianza en su capacidad de liderar el partido y me ces\u00f3\u00bb, concluy\u00f3.<\/p>\n<p>Seg\u00fan la BBC, Benn hab\u00eda tratado de convencer a miembros del partido de dimitir si Corbyn se negaba a dejar su cargo. Tras esto, indic\u00f3 una fuente del partido, Corbyn \u00abperdi\u00f3 la confianza\u00bb en Benn, seg\u00fan la cadena.<\/p>\n<p>A Corbyn le reprochan no haber sabido o no haber querido convencer al n\u00facleo duro del electorado obrero de los laboristas, un 37% de los cuales votaron por el Brexit, desafiando la l\u00ednea oficial del partido.<\/p>\n<h6> 2016-06-26 07:39:37 <\/h6>\n<p><!--\n<link rel=\"stylesheet\" href=\"css\/bootstrap.min.css\">\n\n\n<ul class=\"pagination\">\n\t    \n\t\n\n<li >\n\t<a href='?page_no=19213'>Previous<\/a>\n\t<\/li>\n\n\n       \n    \n\n<li><a href='?page_no=1'>1<\/a><\/li>\n\n\n\n<li><a href='?page_no=2'>2<\/a><\/li>\n\n\n\n<li><a>...<\/a><\/li>\n\n\n\n<li><a href='?page_no=19212'>19212<\/a><\/li>\n\n\n\n<li><a href='?page_no=19213'>19213<\/a><\/li>\n\n\n\n<li class='active'><a>19214<\/a><\/li>\n\n\n\n<li><a href='?page_no=19215'>19215<\/a><\/li>\n\n\n\n<li><a href='?page_no=19216'>19216<\/a><\/li>\n\n\n\n<li><a>...<\/a><\/li>\n\n\n\n<li><a href='?page_no=51012'>51012<\/a><\/li>\n\n\n\n<li><a href='?page_no=51013'>51013<\/a><\/li>\n\n    \n\t\n\n<li >\n\t<a href='?page_no=19215'>Next<\/a>\n\t<\/li>\n\n\n    \n\n<li><a href='?page_no=51013'>Last &rsaquo;&rsaquo;<\/a><\/li>\n\n<\/ul>\n\n\n--><br \/>\n<\/body><\/p>\n","protected":false},"excerpt":{"rendered":"<p>26 Jun 2016 AddThis Sharing ButtonsShare to FacebookShare to TwitterShare to Google+Share to M\u00e1s&#8230; AFP \/ Oli Scarff Nicola Sturgeon comparece ante la prensa tras una reuni\u00f3n extraordinaria del Gobierno regional escoc\u00e9s sobre el Brexit, el s\u00e1bado 25 de junio en Edimburgo El terremoto causado por el Brexit impact\u00f3 de lleno en la pol\u00edtica brit\u00e1nica [&hellip;]<\/p>\n","protected":false},"author":3,"featured_media":0,"comment_status":"open","ping_status":"open","sticky":false,"template":"","format":"standard","meta":{"footnotes":""},"categories":[23],"tags":[],"class_list":["post-249569","post","type-post","status-publish","format-standard","hentry","category-internacional"],"_links":{"self":[{"href":"https:\/\/diariodominicano.com\/index.php?rest_route=\/wp\/v2\/posts\/249569","targetHints":{"allow":["GET"]}}],"collection":[{"href":"https:\/\/diariodominicano.com\/index.php?rest_route=\/wp\/v2\/posts"}],"about":[{"href":"https:\/\/diariodominicano.com\/index.php?rest_route=\/wp\/v2\/types\/post"}],"author":[{"embeddable":true,"href":"https:\/\/diariodominicano.com\/index.php?rest_route=\/wp\/v2\/users\/3"}],"replies":[{"embeddable":true,"href":"https:\/\/diariodominicano.com\/index.php?rest_route=%2Fwp%2Fv2%2Fcomments&post=249569"}],"version-history":[{"count":0,"href":"https:\/\/diariodominicano.com\/index.php?rest_route=\/wp\/v2\/posts\/249569\/revisions"}],"wp:attachment":[{"href":"https:\/\/diariodominicano.com\/index.php?rest_route=%2Fwp%2Fv2%2Fmedia&parent=249569"}],"wp:term":[{"taxonomy":"category","embeddable":true,"href":"https:\/\/diariodominicano.com\/index.php?rest_route=%2Fwp%2Fv2%2Fcategories&post=249569"},{"taxonomy":"post_tag","embeddable":true,"href":"https:\/\/diariodominicano.com\/index.php?rest_route=%2Fwp%2Fv2%2Ftags&post=249569"}],"curies":[{"name":"wp","href":"https:\/\/api.w.org\/{rel}","templated":true}]}}