{"id":249567,"date":"2016-06-26T13:10:07","date_gmt":"2016-06-26T13:10:07","guid":{"rendered":"http:\/\/diariodominicano.ddns.net\/?p=249567"},"modified":"2016-06-26T13:10:07","modified_gmt":"2016-06-26T13:10:07","slug":"treinta-inmigrantes-logran-saltar-la-valla-fronteriza-de-melilla","status":"publish","type":"post","link":"https:\/\/diariodominicano.com\/?p=249567","title":{"rendered":"Treinta inmigrantes logran saltar la valla fronteriza de Melilla"},"content":{"rendered":"<p><body><\/p>\n<p><img decoding=\"async\" src=\"img3\/2e55e5d7366c437149ddc80d44448b1de66a64b5.jpg\" \/>  <\/p>\n<p>26 Jun 2016<\/p>\n<p>AddThis Sharing ButtonsShare to FacebookShare to TwitterShare to Google+Share to M\u00e1s&#8230;<\/p>\n<\/p>\n<p>AFP\/Archivos \/ Fidel Raso<\/p>\n<p>Un agente de la Guardia Civil observa una fragata espa\u00f1ola navegando en aguas de Ceuta, el 6 de octubre del a\u00f1o 2005<\/p>\n<p>Treinta personas de un grupo de m\u00e1s de un centenar de migrantes lograron este domingo saltar la valla fronteriza entre Melilla y Marruecos, informaron las autoridades de la ciudad aut\u00f3noma.<\/p>\n<p>Unas 120 personas llegaron a la valla de seis metros de altura la ma\u00f1ana del domingo, con la intenci\u00f3n de saltarla, inform\u00f3 a la AFP una portavoz del Gobierno melillense, Irene Flores.<\/p>\n<p>\u00abS\u00f3lo 30 consiguen pasar todo el sistema y llegar a Melilla\u00bb, dijo Flores, y a\u00f1adi\u00f3 que las personas se dirigieron a un centro local para refugiados.<\/p>\n<p>Melilla y Ceuta, la otra ciudad espa\u00f1ola en el norte de \u00c1frica, se convirtieron en 2014 en lugares por donde los migrantes africanos intentan entrar en Espa\u00f1a. Solo en Melilla, m\u00e1s de 20.000 personas intentaron superar la valla ese a\u00f1o. Muchas de ellas resultaron heridas.<\/p>\n<p>Luego, la presencia policial se reforz\u00f3 en la frontera, sobre todo del lado marroqu\u00ed. Por su parte, las autoridades espa\u00f1olas construyeron vallas cada vez m\u00e1s sofisticadas, disminuyendo las tentativas de superarlas.<\/p>\n<p>Con el de este domingo, solo son diez los intentos por parte de grupos de migrantes de superar las vallas en Melilla en lo que va de a\u00f1o. Han tenido \u00e9xito unas 50 personas, se\u00f1al\u00f3 Flores.<\/p>\n<h6> 2016-06-26 13:10:07 <\/h6>\n<p><!--\n<link rel=\"stylesheet\" href=\"css\/bootstrap.min.css\">\n\n\n<ul class=\"pagination\">\n\t    \n\t\n\n<li >\n\t<a href='?page_no=19211'>Previous<\/a>\n\t<\/li>\n\n\n       \n    \n\n<li><a href='?page_no=1'>1<\/a><\/li>\n\n\n\n<li><a href='?page_no=2'>2<\/a><\/li>\n\n\n\n<li><a>...<\/a><\/li>\n\n\n\n<li><a href='?page_no=19210'>19210<\/a><\/li>\n\n\n\n<li><a href='?page_no=19211'>19211<\/a><\/li>\n\n\n\n<li class='active'><a>19212<\/a><\/li>\n\n\n\n<li><a href='?page_no=19213'>19213<\/a><\/li>\n\n\n\n<li><a href='?page_no=19214'>19214<\/a><\/li>\n\n\n\n<li><a>...<\/a><\/li>\n\n\n\n<li><a href='?page_no=51012'>51012<\/a><\/li>\n\n\n\n<li><a href='?page_no=51013'>51013<\/a><\/li>\n\n    \n\t\n\n<li >\n\t<a href='?page_no=19213'>Next<\/a>\n\t<\/li>\n\n\n    \n\n<li><a href='?page_no=51013'>Last &rsaquo;&rsaquo;<\/a><\/li>\n\n<\/ul>\n\n\n--><br \/>\n<\/body><\/p>\n","protected":false},"excerpt":{"rendered":"<p>26 Jun 2016 AddThis Sharing ButtonsShare to FacebookShare to TwitterShare to Google+Share to M\u00e1s&#8230; AFP\/Archivos \/ Fidel Raso Un agente de la Guardia Civil observa una fragata espa\u00f1ola navegando en aguas de Ceuta, el 6 de octubre del a\u00f1o 2005 Treinta personas de un grupo de m\u00e1s de un centenar de migrantes lograron este domingo [&hellip;]<\/p>\n","protected":false},"author":3,"featured_media":0,"comment_status":"open","ping_status":"open","sticky":false,"template":"","format":"standard","meta":{"footnotes":""},"categories":[23],"tags":[],"class_list":["post-249567","post","type-post","status-publish","format-standard","hentry","category-internacional"],"_links":{"self":[{"href":"https:\/\/diariodominicano.com\/index.php?rest_route=\/wp\/v2\/posts\/249567","targetHints":{"allow":["GET"]}}],"collection":[{"href":"https:\/\/diariodominicano.com\/index.php?rest_route=\/wp\/v2\/posts"}],"about":[{"href":"https:\/\/diariodominicano.com\/index.php?rest_route=\/wp\/v2\/types\/post"}],"author":[{"embeddable":true,"href":"https:\/\/diariodominicano.com\/index.php?rest_route=\/wp\/v2\/users\/3"}],"replies":[{"embeddable":true,"href":"https:\/\/diariodominicano.com\/index.php?rest_route=%2Fwp%2Fv2%2Fcomments&post=249567"}],"version-history":[{"count":0,"href":"https:\/\/diariodominicano.com\/index.php?rest_route=\/wp\/v2\/posts\/249567\/revisions"}],"wp:attachment":[{"href":"https:\/\/diariodominicano.com\/index.php?rest_route=%2Fwp%2Fv2%2Fmedia&parent=249567"}],"wp:term":[{"taxonomy":"category","embeddable":true,"href":"https:\/\/diariodominicano.com\/index.php?rest_route=%2Fwp%2Fv2%2Fcategories&post=249567"},{"taxonomy":"post_tag","embeddable":true,"href":"https:\/\/diariodominicano.com\/index.php?rest_route=%2Fwp%2Fv2%2Ftags&post=249567"}],"curies":[{"name":"wp","href":"https:\/\/api.w.org\/{rel}","templated":true}]}}