{"id":249563,"date":"2016-06-26T20:38:55","date_gmt":"2016-06-26T20:38:55","guid":{"rendered":"http:\/\/diariodominicano.ddns.net\/?p=249563"},"modified":"2016-06-26T20:38:55","modified_gmt":"2016-06-26T20:38:55","slug":"intensa-semana-en-la-ue-para-acelerar-el-divorcio-con-reino-unido","status":"publish","type":"post","link":"https:\/\/diariodominicano.com\/?p=249563","title":{"rendered":"Intensa semana en la UE para acelerar el divorcio con Reino Unido&#13;"},"content":{"rendered":"<p><body><\/p>\n<p><img decoding=\"async\" src=\"img3\/24d567ca5be8e4cd9c6ff5c3d9ff90022553d942.jpg\" \/><br \/><img decoding=\"async\" src=\"img3\/51eddbdce10810c105bce436d5f1932d5ae9f2c1.jpg\" \/>  <\/p>\n<p>26 Jun 2016<\/p>\n<p>AddThis Sharing ButtonsShare to FacebookShare to TwitterShare to Google+Share to M\u00e1s&#8230;<\/p>\n<\/p>\n<p>POOL\/AFP \/ Christophe Saidi<\/p>\n<p>El primer ministro italiano, Matteo Renzi (c), gesticula junto al presidente y al primer ministro de Francia, Fran\u00e7ois Hollande (d) y Manuel Valls, respectivamente, el 25 de junio de 2016 en el palacio del Eliseo, en Par\u00eds<\/p>\n<p>Los l\u00edderes de la Uni\u00f3n Europea (UE) inician esta semana una fren\u00e9tica carrera para acelerar el divorcio con Reino Unido y evitar que la crisis generada por el referendo brit\u00e1nico cree un efecto domin\u00f3.<\/p>\n<p>El lunes, la jefa del gobierno alem\u00e1n, Angela Merkel, recibir\u00e1 en Berl\u00edn a su hom\u00f3logo italiano, Matteo Renzi; al presidente franc\u00e9s, Fran\u00e7ois Hollande; y al presidente del Consejo Europeo, Donald Tusk.<\/p>\n<p>Seg\u00fan varias fuentes, parece que se est\u00e1 preparando una iniciativa franco-alemana para relanzar el proyecto europeo.<\/p>\n<p>\u00abEs responsabilidad de Francia y de Alemania tomar la iniciativa, ya que mostramos que a partir de la desgracia, el horror y la guerra fuimos capaces de construir una amistad fuerte\u00bb, dijo este domingo Hollande.<\/p>\n<p>Tambi\u00e9n el lunes, el secretario de Estado estadounidense, John Kerry, que se encuentra este domingo en Roma, ir\u00e1 a Bruselas y a Londres.<\/p>\n<p>Washington mostr\u00f3 su decepci\u00f3n despu\u00e9s de que los electores de Reino Unido, su principal aliado en Europa, votaran a favor de la salida de la UE.<\/p>\n<p>\u00abPreferimos como socio una Uni\u00f3n Europea unida y fuerte\u00bb, dijo Kerry en una rueda de prensa en Roma.<\/p>\n<p>El martes, el primer ministro David Cameron deber\u00e1 explicar en Bruselas, en una cumbre que se anuncia glacial, la situaci\u00f3n de Gran Breta\u00f1a, y afrontar la presi\u00f3n de los otros 27 mandatarios del bloque para iniciar cuanto antes el proceso de ruptura.<\/p>\n<p>Merkel pidi\u00f3 el viernes \u00abanalizar la situaci\u00f3n con calma y moderaci\u00f3n\u00bb, en un gesto conciliador con Londres.<\/p>\n<\/p>\n<p>AFP \/ -, &#8211;<\/p>\n<p>Londres y la UE: \u00bfqu\u00e9 tipo de acuerdo futuro?<\/p>\n<p>Pero la dimisi\u00f3n de Cameron y su anuncio de dejar capear el divorcio a su sucesor, que no estar\u00eda en el 10 Downing Street hasta octubre, provoc\u00f3 llamamientos de todas partes a iniciar la ruptura cuanto antes.<\/p>\n<p>La prioridad es acelerar la separaci\u00f3n y estabilizar el bloque, afectado por la crisis migratoria y por la fr\u00e1gil reactivaci\u00f3n, en momentos en que los partidos euroesc\u00e9pticos, ya muy presentes, ven el referendo brit\u00e1nico como una oportunidad para ganar m\u00e1s terreno.<\/p>\n<p>\u00abDecimos aqu\u00ed, juntos, que este proceso tiene que empezar cuanto antes\u00bb, afirm\u00f3 el s\u00e1bado en Berl\u00edn el ministro de Exteriores alem\u00e1n, Frank-Walter Steinmeier, en una reuni\u00f3n de los seis pa\u00edses fundadores de las comunidades europeas en los a\u00f1os 50 (Alemania, Francia, Italia, B\u00e9lgica, Holanda y Luxemburgo), antecesoras de la UE.<\/p>\n<p>&#8211; Gran Breta\u00f1a, aislada &#8211;<\/p>\n<p>El presidente del Parlamento Europeo, Martin Schulz, pidi\u00f3 iniciar ya el martes el proceso del &#8216;Brexit&#8217;. \u00abEsta actitud de duda, simplemente para seguir el juego t\u00e1ctico de los conservadores brit\u00e1nicos, nos perjudica a todos\u00bb, declar\u00f3 en una entrevista publicada por el diario alem\u00e1n Bild.<\/p>\n<p>\u00abPor ello contamos con el gobierno brit\u00e1nico para cumplir sus promesas desde ahora y la cumbre del martes ser\u00e1 un buen momento\u00bb, subray\u00f3.<\/p>\n<p>El Parlamento Europeo celebrar\u00e1 el martes una sesi\u00f3n extraordinaria en Bruselas, en la que tiene previsto adoptar una resoluci\u00f3n que invite a Cameron a invocar cuanto antes el art\u00edculo 50 del tratado de la UE, que rige el proceso de salida de un pa\u00eds miembro.<\/p>\n<p>Pero Cameron no deber\u00eda invocar el art\u00edculo 50 esta semana, afirm\u00f3 este domingo un alto funcionario europeo. \u00abEsperamos que Cameron presente el resultado del refer\u00e9ndum y la situaci\u00f3n en Reino Unido (&#8230;), no esperamos que active el art\u00edculo 50 en esta etapa\u00bb, agreg\u00f3.<\/p>\n<p>Activar el art\u00edculo 50 del Tratado de Lisboa, que hasta ahora nunca ha sido utilizado, abrir\u00e1 un plazo de dos a\u00f1os para que la UE y Londres negocien las condiciones de ruptura.<\/p>\n<p>Reino Unido y la UE deber\u00e1n negociar al mismo tiempo las modalidades de sus relaciones futuras, que incluir\u00e1n acuerdos comerciales.<\/p>\n<p>\u00abNo ser\u00e1 un divorcio amigable\u00bb, adelant\u00f3 el viernes el presidente de la Comisi\u00f3n Europea, Jean-Claude Juncker.<\/p>\n<p>Habr\u00e1 que esperar al mi\u00e9rcoles para tener una idea concreta de lo que ser\u00eda una Uni\u00f3n Europea reducida a 27 miembros, dado que ese d\u00eda los mandatarios se reunir\u00e1n de manera informal sin Cameron.<\/p>\n<p>El mi\u00e9rcoles, \u00ablos 27 jefes de Estado y de gobierno se reunir\u00e1n de manera informal para discutir las implicaciones pr\u00e1cticas del &#8216;Brexit'\u00bb, escibi\u00f3 Tusk en la carta de invitaci\u00f3n para la cumbre.<\/p>\n<p>\u00abPrimero que nada discutiremos el llamamiento &#8216;proceso de divorcio&#8217; descrito en el art\u00edculo 50 del Tratado. En segundo lugar, iniciaremos una discusi\u00f3n sobre el futuro de la Uni\u00f3n Europea con 27 Estados miembros\u00bb, precis\u00f3.<\/p>\n<h6> 2016-06-26 20:38:55 <\/h6>\n<p><!--\n<link rel=\"stylesheet\" href=\"css\/bootstrap.min.css\">\n\n\n<ul class=\"pagination\">\n\t    \n\t\n\n<li >\n\t<a href='?page_no=19207'>Previous<\/a>\n\t<\/li>\n\n\n       \n    \n\n<li><a href='?page_no=1'>1<\/a><\/li>\n\n\n\n<li><a href='?page_no=2'>2<\/a><\/li>\n\n\n\n<li><a>...<\/a><\/li>\n\n\n\n<li><a href='?page_no=19206'>19206<\/a><\/li>\n\n\n\n<li><a href='?page_no=19207'>19207<\/a><\/li>\n\n\n\n<li class='active'><a>19208<\/a><\/li>\n\n\n\n<li><a href='?page_no=19209'>19209<\/a><\/li>\n\n\n\n<li><a href='?page_no=19210'>19210<\/a><\/li>\n\n\n\n<li><a>...<\/a><\/li>\n\n\n\n<li><a href='?page_no=51012'>51012<\/a><\/li>\n\n\n\n<li><a href='?page_no=51013'>51013<\/a><\/li>\n\n    \n\t\n\n<li >\n\t<a href='?page_no=19209'>Next<\/a>\n\t<\/li>\n\n\n    \n\n<li><a href='?page_no=51013'>Last &rsaquo;&rsaquo;<\/a><\/li>\n\n<\/ul>\n\n\n--><br \/>\n<\/body><\/p>\n","protected":false},"excerpt":{"rendered":"<p>26 Jun 2016 AddThis Sharing ButtonsShare to FacebookShare to TwitterShare to Google+Share to M\u00e1s&#8230; POOL\/AFP \/ Christophe Saidi El primer ministro italiano, Matteo Renzi (c), gesticula junto al presidente y al primer ministro de Francia, Fran\u00e7ois Hollande (d) y Manuel Valls, respectivamente, el 25 de junio de 2016 en el palacio del Eliseo, en Par\u00eds [&hellip;]<\/p>\n","protected":false},"author":3,"featured_media":0,"comment_status":"open","ping_status":"open","sticky":false,"template":"","format":"standard","meta":{"footnotes":""},"categories":[23],"tags":[],"class_list":["post-249563","post","type-post","status-publish","format-standard","hentry","category-internacional"],"_links":{"self":[{"href":"https:\/\/diariodominicano.com\/index.php?rest_route=\/wp\/v2\/posts\/249563","targetHints":{"allow":["GET"]}}],"collection":[{"href":"https:\/\/diariodominicano.com\/index.php?rest_route=\/wp\/v2\/posts"}],"about":[{"href":"https:\/\/diariodominicano.com\/index.php?rest_route=\/wp\/v2\/types\/post"}],"author":[{"embeddable":true,"href":"https:\/\/diariodominicano.com\/index.php?rest_route=\/wp\/v2\/users\/3"}],"replies":[{"embeddable":true,"href":"https:\/\/diariodominicano.com\/index.php?rest_route=%2Fwp%2Fv2%2Fcomments&post=249563"}],"version-history":[{"count":0,"href":"https:\/\/diariodominicano.com\/index.php?rest_route=\/wp\/v2\/posts\/249563\/revisions"}],"wp:attachment":[{"href":"https:\/\/diariodominicano.com\/index.php?rest_route=%2Fwp%2Fv2%2Fmedia&parent=249563"}],"wp:term":[{"taxonomy":"category","embeddable":true,"href":"https:\/\/diariodominicano.com\/index.php?rest_route=%2Fwp%2Fv2%2Fcategories&post=249563"},{"taxonomy":"post_tag","embeddable":true,"href":"https:\/\/diariodominicano.com\/index.php?rest_route=%2Fwp%2Fv2%2Ftags&post=249563"}],"curies":[{"name":"wp","href":"https:\/\/api.w.org\/{rel}","templated":true}]}}