{"id":249562,"date":"2016-06-27T07:54:32","date_gmt":"2016-06-27T07:54:32","guid":{"rendered":"http:\/\/diariodominicano.ddns.net\/?p=249562"},"modified":"2016-06-27T07:54:32","modified_gmt":"2016-06-27T07:54:32","slug":"anticipa-gobierno-de-puerto-rico-nuevo-impago-de-duda-publica","status":"publish","type":"post","link":"https:\/\/diariodominicano.com\/?p=249562","title":{"rendered":"Anticipa gobierno de Puerto Rico nuevo impago de duda p\u00fablica"},"content":{"rendered":"<p><body><\/p>\n<p><img decoding=\"async\" src=\"img3\/Puertorico27-6.jpg\" \/>  <\/p>\n<p><span class=\"text1noticias\">San Juan, 27 jun (PL) El gobierno de Puerto Rico anticip\u00f3 hoy que emitir\u00e1 un decreto dirigido a establecer que, ante un inminente impago de casi dos mil millones de d\u00f3lares, la prioridad ser\u00e1n los servicios al pueblo.<\/span><\/p>\n<p><span class=\"text1noticias\"> <\/span><\/p>\n<p><span class=\"text1noticias\">La secretaria de la Gobernaci\u00f3n, Grace Santana, expuso que sin importar que el Senado de Estados Unidos apruebe el proyecto Promesa (Puerto Rico Oversight Management and Economic Stability Act) antes del 1 de julio, cuando vence la deuda de m\u00e1s de mil 900 millones de d\u00f3lares, el gobernador Alejandro Garc\u00eda Padilla establecer\u00e1 la orden ejecutiva en esa direcci\u00f3n.<\/span><\/p>\n<p><span class=\"text1noticias\"> <\/span><\/p>\n<p><span class=\"text1noticias\">\u00abIndependientemente de que tengamos Promesa o no, har\u00edamos uso de las facultades que el gobernador tiene con la Ley de Moratoria para que los funcionarios p\u00fablicos no est\u00e9n en la encrucijada de ver qu\u00e9 pagar y qu\u00e9 no pagar\u00bb, dijo la funcionaria al diario El Nuevo D\u00eda.<\/span><\/p>\n<p><span class=\"text1noticias\"> <\/span><\/p>\n<p><span class=\"text1noticias\">La C\u00e1mara de Representantes federal ya dio su visto bueno a la medida el pasado 9 de junio en una abrumadora votaci\u00f3n de 297 a favor frente a 127 en contra, lo que sorprendi\u00f3 incluso a sus propulsores del Partido Republicano, a quienes se sumaron de forma determinante muchos dem\u00f3cratas.<\/span><\/p>\n<p><span class=\"text1noticias\"> <\/span><\/p>\n<p><span class=\"text1noticias\">Santana explic\u00f3 que la administraci\u00f3n de Garc\u00eda Padilla se encuentra en la evaluaci\u00f3n de \u00abla informaci\u00f3n financiera y legal pertinente de cara a lo que hemos dicho que va a pasar que es que no vamos a pagar la deuda\u00bb.<\/span><\/p>\n<p><span class=\"text1noticias\"> <\/span><\/p>\n<p><span class=\"text1noticias\">El gobierno del Estado Libre Asociado de Puerto Rico arrastra una monumental deuda de 70 mil millones de d\u00f3lares que Garc\u00eda Padilla ya ha establecido que es impagable por lo que, de producirse, este ser\u00e1 el tercer impago desde del a\u00f1o pasado.<\/span><\/p>\n<p><span class=\"text1noticias\"> <\/span><\/p>\n<p><span class=\"text1noticias\">Santana explic\u00f3 que el mandatario puertorrique\u00f1o se propone retornar a Washington esta semana para proseguir sus gestiones por la aprobaci\u00f3n de la legislaci\u00f3n Promesa, que tambi\u00e9n respalda el delegado puertorrique\u00f1o ante el Congreso, Pedro Pierluisi, expresidente del anexionista Partido Nuevo Progresista (PNP).<\/span><\/p>\n<p><span class=\"text1noticias\"> <\/span><\/p>\n<p><span class=\"text1noticias\">La secretaria de la Gobernaci\u00f3n consider\u00f3 imperativo que el gobernador Garc\u00eda Padilla emita la orden ejecutiva para que el gabinete tenga instrucciones claras de qu\u00e9 hacer ante la proximidad del vencimiento del pago a los acreedores de la deuda p\u00fablica puertorr<\/span>ique\u00f1a.<\/p>\n<h6> 2016-06-27 07:54:32 <\/h6>\n<p><!--\n<link rel=\"stylesheet\" href=\"css\/bootstrap.min.css\">\n\n\n<ul class=\"pagination\">\n\t    \n\t\n\n<li >\n\t<a href='?page_no=19206'>Previous<\/a>\n\t<\/li>\n\n\n       \n    \n\n<li><a href='?page_no=1'>1<\/a><\/li>\n\n\n\n<li><a href='?page_no=2'>2<\/a><\/li>\n\n\n\n<li><a>...<\/a><\/li>\n\n\n\n<li><a href='?page_no=19205'>19205<\/a><\/li>\n\n\n\n<li><a href='?page_no=19206'>19206<\/a><\/li>\n\n\n\n<li class='active'><a>19207<\/a><\/li>\n\n\n\n<li><a href='?page_no=19208'>19208<\/a><\/li>\n\n\n\n<li><a href='?page_no=19209'>19209<\/a><\/li>\n\n\n\n<li><a>...<\/a><\/li>\n\n\n\n<li><a href='?page_no=51012'>51012<\/a><\/li>\n\n\n\n<li><a href='?page_no=51013'>51013<\/a><\/li>\n\n    \n\t\n\n<li >\n\t<a href='?page_no=19208'>Next<\/a>\n\t<\/li>\n\n\n    \n\n<li><a href='?page_no=51013'>Last &rsaquo;&rsaquo;<\/a><\/li>\n\n<\/ul>\n\n\n--><br \/>\n<\/body><\/p>\n","protected":false},"excerpt":{"rendered":"<p>San Juan, 27 jun (PL) El gobierno de Puerto Rico anticip\u00f3 hoy que emitir\u00e1 un decreto dirigido a establecer que, ante un inminente impago de casi dos mil millones de d\u00f3lares, la prioridad ser\u00e1n los servicios al pueblo. La secretaria de la Gobernaci\u00f3n, Grace Santana, expuso que sin importar que el Senado de Estados Unidos [&hellip;]<\/p>\n","protected":false},"author":3,"featured_media":0,"comment_status":"open","ping_status":"open","sticky":false,"template":"","format":"standard","meta":{"footnotes":""},"categories":[23],"tags":[],"class_list":["post-249562","post","type-post","status-publish","format-standard","hentry","category-internacional"],"_links":{"self":[{"href":"https:\/\/diariodominicano.com\/index.php?rest_route=\/wp\/v2\/posts\/249562","targetHints":{"allow":["GET"]}}],"collection":[{"href":"https:\/\/diariodominicano.com\/index.php?rest_route=\/wp\/v2\/posts"}],"about":[{"href":"https:\/\/diariodominicano.com\/index.php?rest_route=\/wp\/v2\/types\/post"}],"author":[{"embeddable":true,"href":"https:\/\/diariodominicano.com\/index.php?rest_route=\/wp\/v2\/users\/3"}],"replies":[{"embeddable":true,"href":"https:\/\/diariodominicano.com\/index.php?rest_route=%2Fwp%2Fv2%2Fcomments&post=249562"}],"version-history":[{"count":0,"href":"https:\/\/diariodominicano.com\/index.php?rest_route=\/wp\/v2\/posts\/249562\/revisions"}],"wp:attachment":[{"href":"https:\/\/diariodominicano.com\/index.php?rest_route=%2Fwp%2Fv2%2Fmedia&parent=249562"}],"wp:term":[{"taxonomy":"category","embeddable":true,"href":"https:\/\/diariodominicano.com\/index.php?rest_route=%2Fwp%2Fv2%2Fcategories&post=249562"},{"taxonomy":"post_tag","embeddable":true,"href":"https:\/\/diariodominicano.com\/index.php?rest_route=%2Fwp%2Fv2%2Ftags&post=249562"}],"curies":[{"name":"wp","href":"https:\/\/api.w.org\/{rel}","templated":true}]}}