{"id":249561,"date":"2016-06-27T08:04:58","date_gmt":"2016-06-27T08:04:58","guid":{"rendered":"http:\/\/diariodominicano.ddns.net\/?p=249561"},"modified":"2016-06-27T08:04:58","modified_gmt":"2016-06-27T08:04:58","slug":"poderoso-sindicato-boricua-reafirma-rechazo-a-junta-fiscal-de-ee-uu","status":"publish","type":"post","link":"https:\/\/diariodominicano.com\/?p=249561","title":{"rendered":"Poderoso sindicato boricua reafirma rechazo a junta fiscal de EE.UU"},"content":{"rendered":"<p><body><\/p>\n<p><img decoding=\"async\" src=\"img3\/Jaramillo27-6.jpg\" \/>  <\/p>\n<p><span class=\"text1noticias\">San Juan, 27 jun (PL) La poderosa Uni\u00f3n de Trabajadores de la Industria El\u00e9ctrica y Riego (Utier) reafirm\u00f3 hoy su oposici\u00f3n a la junta de control fiscal que el Congreso de Estados Unidos pretende imponer al gobierno de Puerto Rico.<\/span><\/p>\n<p><span class=\"text1noticias\"> <\/span><\/p>\n<p><span class=\"text1noticias\">El presidente de la Utier, \u00c1ngel Figueroa Jaramillo, la catalog\u00f3 de un acto m\u00e1s del dominio colonial a Puerto Rico, a la vez que reconoci\u00f3 que tal intenci\u00f3n del gobierno estadounidense ha permitido al menos que \u00abcada vez m\u00e1s puertorrique\u00f1os se den cuenta de que esa imposici\u00f3n colonial no debe ser permitida en esta naci\u00f3n caribe\u00f1a\u00bb.<\/span><\/p>\n<p><span class=\"text1noticias\"> <\/span><\/p>\n<p><span class=\"text1noticias\">Advirti\u00f3 que hay que diferenciar a los que de buena fe est\u00e1n luchando contra la junta federal de control fiscal de aquellos representantes del gobierno puertorrique\u00f1o que ya impusieron un organismo equivalente a la estatal Autoridad de Energ\u00eda El\u00e9ctrica (AEE).<\/span><\/p>\n<p><span class=\"text1noticias\"> <\/span><\/p>\n<p><span class=\"text1noticias\">Figueroa Jaramillo afirm\u00f3 que esa junta de control fiscal en la AEE solo representar\u00e1 aumentos, a punto de implementarse, en la factura de la luz con el prop\u00f3sito de pagar a los bonistas, mientras proseguir\u00e1 el deterioro de la capacidad de producci\u00f3n de la corporaci\u00f3n p\u00fablica, considerada la m\u00e1s importante para el crecimiento econ\u00f3mico de Puerto Rico.<\/span><\/p>\n<p><span class=\"text1noticias\"> <\/span><\/p>\n<p><span class=\"text1noticias\">Insisti\u00f3 en que se pretende privatizar la generaci\u00f3n de la energ\u00eda el\u00e9ctrica de igual forma que lo propone el proyecto del Congreso estadounidense, lo que conllevar\u00eda incrementos a\u00fan mayores en el coste de la electricidad al sumarse las ganancias que pretenden obtener los privatizadores.<\/span><\/p>\n<p><span class=\"text1noticias\"> <\/span><\/p>\n<p><span class=\"text1noticias\">Para el dirigente gremial, a ese escenario hay que sumar las medidas de austeridad que el gobierno del Partido Popular Democr\u00e1tico (PPD) pretende imponer al plan m\u00e9dico de los trabajadores y al sistema de retiro, una clara expresi\u00f3n de conducirlos a la miseria con el \u00fanico prop\u00f3sito de pagar a los bonistas.<\/span><\/p>\n<p><span class=\"text1noticias\"> <\/span><\/p>\n<p><span class=\"text1noticias\">El ente estatal de electricidad tiene acumulada una deuda de nueve mil millones de d\u00f3lares, la que ha estado negociando con sus acreedores en los \u00faltimos dos a\u00f1os para cumplir con los pagos requeridos.<\/span><\/p>\n<p><span class=\"text1noticias\"> <\/span><\/p>\n<p><span class=\"text1noticias\">\u00abNo podemos obviar que aquellos que han impuesto la junta de control fiscal en la AEE, la cual seg\u00fan pretende el gobierno ser\u00e1 un modelo para implementarla en otras agencias p\u00fablicas, actuar\u00e1 cada vez m\u00e1s en contra del pueblo con aumentos en la factura de consumo y contra los trabajadores, que somos parte integral de nuestro pueblo\u00bb, alert\u00f3.<\/span><\/p>\n<p><span class=\"text1noticias\"> <\/span><\/p>\n<p><span class=\"text1noticias\">El gremialista anot\u00f3 que con propuestas como las que impulsan esas juntas, \u00abs\u00f3lo se lograr\u00e1 afectar los intereses colectivos de este pueblo, para favorecer los intereses privados de Wall Street\u00bb.<\/span><\/p>\n<p><span class=\"text1noticias\"> <\/span><\/p>\n<p><span class=\"text1noticias\">Record\u00f3 que la Utier ha denunciado consistentemente los da\u00f1os que el actual gobierno del PPD ha hecho a la AEE con el denominado Plan de Revitalizaci\u00f3n, que tiene el prop\u00f3sito de desmantelar esa empresa p\u00fablica y de encarecer el servicio el\u00e9ctrico.<\/span><\/p>\n<p><span class=\"text1noticias\"> <\/span><\/p>\n<p><span class=\"text1noticias\">\u00abEl pueblo que debe estar alerta ante la doble cara de politiqueros de la actual administraci\u00f3n de gobierno, que por un lado critican la junta de control fiscal, mientras por el otro impusieron una similar en la AEE\u00bb, asegur\u00f3.<\/span><\/p>\n<p><span class=\"text1noticias\"> <\/span><\/p>\n<p><span class=\"text1noticias\">Figueroa Jaramillo insisti\u00f3 en que \u00abesos politiqueros y sus aliados s\u00f3lo buscan aprovecharse del genuino rechazo del pueblo a la junta federal, para embaucarlos y que no se percaten del da\u00f1o que ya comenzaron a hacerle a nuestras agencias p\u00fablicas\u00bb.<\/span><\/p>\n<h6> 2016-06-27 08:04:58 <\/h6>\n<p><!--\n<link rel=\"stylesheet\" href=\"css\/bootstrap.min.css\">\n\n\n<ul class=\"pagination\">\n\t    \n\t\n\n<li >\n\t<a href='?page_no=19205'>Previous<\/a>\n\t<\/li>\n\n\n       \n    \n\n<li><a href='?page_no=1'>1<\/a><\/li>\n\n\n\n<li><a href='?page_no=2'>2<\/a><\/li>\n\n\n\n<li><a>...<\/a><\/li>\n\n\n\n<li><a href='?page_no=19204'>19204<\/a><\/li>\n\n\n\n<li><a href='?page_no=19205'>19205<\/a><\/li>\n\n\n\n<li class='active'><a>19206<\/a><\/li>\n\n\n\n<li><a href='?page_no=19207'>19207<\/a><\/li>\n\n\n\n<li><a href='?page_no=19208'>19208<\/a><\/li>\n\n\n\n<li><a>...<\/a><\/li>\n\n\n\n<li><a href='?page_no=51012'>51012<\/a><\/li>\n\n\n\n<li><a href='?page_no=51013'>51013<\/a><\/li>\n\n    \n\t\n\n<li >\n\t<a href='?page_no=19207'>Next<\/a>\n\t<\/li>\n\n\n    \n\n<li><a href='?page_no=51013'>Last &rsaquo;&rsaquo;<\/a><\/li>\n\n<\/ul>\n\n\n--><br \/>\n<\/body><\/p>\n","protected":false},"excerpt":{"rendered":"<p>San Juan, 27 jun (PL) La poderosa Uni\u00f3n de Trabajadores de la Industria El\u00e9ctrica y Riego (Utier) reafirm\u00f3 hoy su oposici\u00f3n a la junta de control fiscal que el Congreso de Estados Unidos pretende imponer al gobierno de Puerto Rico. El presidente de la Utier, \u00c1ngel Figueroa Jaramillo, la catalog\u00f3 de un acto m\u00e1s del [&hellip;]<\/p>\n","protected":false},"author":3,"featured_media":0,"comment_status":"open","ping_status":"open","sticky":false,"template":"","format":"standard","meta":{"footnotes":""},"categories":[23],"tags":[],"class_list":["post-249561","post","type-post","status-publish","format-standard","hentry","category-internacional"],"_links":{"self":[{"href":"https:\/\/diariodominicano.com\/index.php?rest_route=\/wp\/v2\/posts\/249561","targetHints":{"allow":["GET"]}}],"collection":[{"href":"https:\/\/diariodominicano.com\/index.php?rest_route=\/wp\/v2\/posts"}],"about":[{"href":"https:\/\/diariodominicano.com\/index.php?rest_route=\/wp\/v2\/types\/post"}],"author":[{"embeddable":true,"href":"https:\/\/diariodominicano.com\/index.php?rest_route=\/wp\/v2\/users\/3"}],"replies":[{"embeddable":true,"href":"https:\/\/diariodominicano.com\/index.php?rest_route=%2Fwp%2Fv2%2Fcomments&post=249561"}],"version-history":[{"count":0,"href":"https:\/\/diariodominicano.com\/index.php?rest_route=\/wp\/v2\/posts\/249561\/revisions"}],"wp:attachment":[{"href":"https:\/\/diariodominicano.com\/index.php?rest_route=%2Fwp%2Fv2%2Fmedia&parent=249561"}],"wp:term":[{"taxonomy":"category","embeddable":true,"href":"https:\/\/diariodominicano.com\/index.php?rest_route=%2Fwp%2Fv2%2Fcategories&post=249561"},{"taxonomy":"post_tag","embeddable":true,"href":"https:\/\/diariodominicano.com\/index.php?rest_route=%2Fwp%2Fv2%2Ftags&post=249561"}],"curies":[{"name":"wp","href":"https:\/\/api.w.org\/{rel}","templated":true}]}}