{"id":249560,"date":"2016-06-27T08:24:43","date_gmt":"2016-06-27T08:24:43","guid":{"rendered":"http:\/\/diariodominicano.ddns.net\/?p=249560"},"modified":"2016-06-27T08:24:43","modified_gmt":"2016-06-27T08:24:43","slug":"rajoy-aboga-por-gran-coalicion-para-formar-gobierno-en-espana","status":"publish","type":"post","link":"https:\/\/diariodominicano.com\/?p=249560","title":{"rendered":"Rajoy aboga por gran coalici\u00f3n para formar gobierno en Espa\u00f1a"},"content":{"rendered":"<p><body><\/p>\n<p><span class=\"text1noticias\">Madrid, 27 jun (PL) El l\u00edder del conservador Partido Popular (PP) espa\u00f1ol, Mariano Rajoy, confi\u00f3 hoy en poder lograr pronto un pacto que le permita gobernar con la mayor\u00eda necesaria.<\/span><\/p>\n<p><span class=\"text1noticias\"> <\/span><\/p>\n<p><span class=\"text1noticias\">Dentro de un mes deber\u00edamos tener un acuerdo de m\u00ednimos, porque lo que no tendr\u00eda sentido es estar otra vez en un per\u00edodo de varios meses perdiendo el tiempo, afirm\u00f3 el tambi\u00e9n presidente del Ejecutivo en funciones en declaraciones a la radioemisora Cope.<\/span><\/p>\n<p><span class=\"text1noticias\"> <\/span><\/p>\n<p><span class=\"text1noticias\">Adelant\u00f3 que para alcanzar ese objetivo hablar\u00e1 primero con el Partido Socialista Obrero Espa\u00f1ol (PSOE), que en las elecciones generales de este domingo se mantuvo como segunda fuerza en el Congreso de los Diputados, apenas superado por el PP.<\/span><\/p>\n<p><span class=\"text1noticias\"> <\/span><\/p>\n<p><span class=\"text1noticias\">Pese a que los resultados electorales de la v\u00edspera reforzaron la posici\u00f3n de los conservadores, al obtener 137 esca\u00f1os -14 m\u00e1s que en los comicios de diciembre-, Rajoy a\u00fan est\u00e1 lejos de la mayor\u00eda absoluta de 176 bancas y precisa negociar para garantizar su reelecci\u00f3n.<\/span><\/p>\n<p><span class=\"text1noticias\"> <\/span><\/p>\n<p><span class=\"text1noticias\">\u00abTengo que intentar tener una mayor\u00eda para gobernar, porque si no es muy dif\u00edcil, muy complejo\u00bb, admiti\u00f3.<\/span><\/p>\n<p><span class=\"text1noticias\"> <\/span><\/p>\n<p><span class=\"text1noticias\">En esa l\u00ednea no descart\u00f3 \u00ababsolutamente nada\u00bb para asegurarse otro mandato, incluida una gran coalici\u00f3n con el centroderechista Ciudadanos (32 esca\u00f1os), el Partido Nacionalista Vasco (cinco asientos) y Coalici\u00f3n Canaria, con un representante parlamentario.<\/span><\/p>\n<p><span class=\"text1noticias\"> <\/span><\/p>\n<p><span class=\"text1noticias\">Consiguiendo el respaldo de esas tres agrupaciones, el l\u00edder de los populares se quedar\u00eda a un esca\u00f1o de la ansiada hegemon\u00eda en la C\u00e1mara baja.<\/span><\/p>\n<p><span class=\"text1noticias\"> <\/span><\/p>\n<p><span class=\"text1noticias\">Para poder ser investido jefe del Gobierno, Rajoy necesita el apoyo de 176 diputados en una primera votaci\u00f3n, o de una mayor\u00eda simple (m\u00e1s votos a favor que en contra) en una segunda ronda.<\/span><\/p>\n<p><span class=\"text1noticias\"> <\/span><\/p>\n<p><span class=\"text1noticias\">Una hipot\u00e9tica abstenci\u00f3n del PSOE, hasta el momento rechazada por la organizaci\u00f3n centenaria, le permitir\u00eda al mandatario interino salir airoso en ese \u00faltimo intento.<\/span><\/p>\n<p><span class=\"text1noticias\"> <\/span><\/p>\n<p><span class=\"text1noticias\">A su juicio, en las generales de este domingo la ciudadan\u00eda acert\u00f3 al elegir como primera y segunda fuerzas a conservadores y socialdem\u00f3cratas, que durante m\u00e1s de tres d\u00e9cadas se alternaron el poder en lo que se conoce como bipartidismo espa\u00f1ol.<\/span><\/p>\n<p><span class=\"text1noticias\"> <\/span><\/p>\n<p><span class=\"text1noticias\">\u00abDar por muertos a esos dos partidos no parece lo m\u00e1s razonable\u00bb, sentenci\u00f3 el m\u00e1ximo dirigente de la derecha en este pa\u00eds europeo.<\/span><\/p>\n<p><span class=\"text1noticias\"> <\/span><\/p>\n<p><span class=\"text1noticias\">En los comicios de ayer, Podemos (centroizquierda) y Ciudadanos preservaron, respectivamente, el tercer y cuarto puestos que alcanzaron en diciembre, aunque perdieron fuelle frente a los tradicionales PP y PSOE.<\/span><\/p>\n<p><span class=\"text1noticias\"> <\/span><\/p>\n<p><span class=\"text1noticias\">La agrupaci\u00f3n emergente encabezada por Pablo Iglesias, que se present\u00f3 en coalici\u00f3n con Izquierda Unida, pas\u00f3 de 69 a 71 esca\u00f1os, pero se ubic\u00f3 muy por debajo de sus expectativas de superar a los socialistas y convertirse en alternativa de gobierno a lo<\/span>s populares.<\/p>\n<\/p>\n<p>Ciudadanos, por su parte, sufri\u00f3 un estrepitoso descenso al perder ocho diputados y quedarse en 32.<\/p>\n<h6> 2016-06-27 08:24:43 <\/h6>\n<p><!--\n<link rel=\"stylesheet\" href=\"css\/bootstrap.min.css\">\n\n\n<ul class=\"pagination\">\n\t    \n\t\n\n<li >\n\t<a href='?page_no=19204'>Previous<\/a>\n\t<\/li>\n\n\n       \n    \n\n<li><a href='?page_no=1'>1<\/a><\/li>\n\n\n\n<li><a href='?page_no=2'>2<\/a><\/li>\n\n\n\n<li><a>...<\/a><\/li>\n\n\n\n<li><a href='?page_no=19203'>19203<\/a><\/li>\n\n\n\n<li><a href='?page_no=19204'>19204<\/a><\/li>\n\n\n\n<li class='active'><a>19205<\/a><\/li>\n\n\n\n<li><a href='?page_no=19206'>19206<\/a><\/li>\n\n\n\n<li><a href='?page_no=19207'>19207<\/a><\/li>\n\n\n\n<li><a>...<\/a><\/li>\n\n\n\n<li><a href='?page_no=51012'>51012<\/a><\/li>\n\n\n\n<li><a href='?page_no=51013'>51013<\/a><\/li>\n\n    \n\t\n\n<li >\n\t<a href='?page_no=19206'>Next<\/a>\n\t<\/li>\n\n\n    \n\n<li><a href='?page_no=51013'>Last &rsaquo;&rsaquo;<\/a><\/li>\n\n<\/ul>\n\n\n--><br \/>\n<\/body><\/p>\n","protected":false},"excerpt":{"rendered":"<p>Madrid, 27 jun (PL) El l\u00edder del conservador Partido Popular (PP) espa\u00f1ol, Mariano Rajoy, confi\u00f3 hoy en poder lograr pronto un pacto que le permita gobernar con la mayor\u00eda necesaria. Dentro de un mes deber\u00edamos tener un acuerdo de m\u00ednimos, porque lo que no tendr\u00eda sentido es estar otra vez en un per\u00edodo de varios [&hellip;]<\/p>\n","protected":false},"author":3,"featured_media":0,"comment_status":"open","ping_status":"open","sticky":false,"template":"","format":"standard","meta":{"footnotes":""},"categories":[23],"tags":[],"class_list":["post-249560","post","type-post","status-publish","format-standard","hentry","category-internacional"],"_links":{"self":[{"href":"https:\/\/diariodominicano.com\/index.php?rest_route=\/wp\/v2\/posts\/249560","targetHints":{"allow":["GET"]}}],"collection":[{"href":"https:\/\/diariodominicano.com\/index.php?rest_route=\/wp\/v2\/posts"}],"about":[{"href":"https:\/\/diariodominicano.com\/index.php?rest_route=\/wp\/v2\/types\/post"}],"author":[{"embeddable":true,"href":"https:\/\/diariodominicano.com\/index.php?rest_route=\/wp\/v2\/users\/3"}],"replies":[{"embeddable":true,"href":"https:\/\/diariodominicano.com\/index.php?rest_route=%2Fwp%2Fv2%2Fcomments&post=249560"}],"version-history":[{"count":0,"href":"https:\/\/diariodominicano.com\/index.php?rest_route=\/wp\/v2\/posts\/249560\/revisions"}],"wp:attachment":[{"href":"https:\/\/diariodominicano.com\/index.php?rest_route=%2Fwp%2Fv2%2Fmedia&parent=249560"}],"wp:term":[{"taxonomy":"category","embeddable":true,"href":"https:\/\/diariodominicano.com\/index.php?rest_route=%2Fwp%2Fv2%2Fcategories&post=249560"},{"taxonomy":"post_tag","embeddable":true,"href":"https:\/\/diariodominicano.com\/index.php?rest_route=%2Fwp%2Fv2%2Ftags&post=249560"}],"curies":[{"name":"wp","href":"https:\/\/api.w.org\/{rel}","templated":true}]}}