{"id":249558,"date":"2016-06-27T09:35:40","date_gmt":"2016-06-27T09:35:40","guid":{"rendered":"http:\/\/diariodominicano.ddns.net\/?p=249558"},"modified":"2016-06-27T09:35:40","modified_gmt":"2016-06-27T09:35:40","slug":"turquia-e-israel-intercambiaran-embajadores-tras-acuerdo-de-normalizacion","status":"publish","type":"post","link":"https:\/\/diariodominicano.com\/?p=249558","title":{"rendered":"Turqu\u00eda e Israel intercambiar\u00e1n embajadores tras acuerdo de normalizaci\u00f3n"},"content":{"rendered":"<p><body><\/p>\n<p><img decoding=\"async\" src=\"img3\/Ankara27-6.jpg\" \/>  <\/p>\n<p><span class=\"text1noticias\">ANKARA, 27 jun (Xinhua) &#8212; Turqu\u00eda e Israel intercambiar\u00e1n embajadores luego de llegar a un acuerdo sobre la normalizaci\u00f3n de sus lazos despu\u00e9s de seis a\u00f1os de ruptura diplom\u00e1tica, dijo hoy el primer ministro turco, Binali Yildrim.  <\/span><\/p>\n<p><span class=\"text1noticias\"> <\/span><\/p>\n<p><span class=\"text1noticias\">     Yildrim se\u00f1al\u00f3 que el acuerdo, que ser\u00e1 firmado el martes, pone fin a una disputa sobre un ataque israel\u00ed contra una flotilla asistencial que intentaba llegar a la bloqueada Franja de Gaza en el 2010. El incidente dej\u00f3 10 activistas turcos muertos.<\/span><\/p>\n<p><span class=\"text1noticias\"> <\/span><\/p>\n<p><span class=\"text1noticias\">     Luego del ataque, Turqu\u00eda exigi\u00f3 una disculpa oficial de parte de Israel, compensaci\u00f3n para las familias afectadas y el fin del bloqueo israel\u00ed contra Gaza.<\/span><\/p>\n<p><span class=\"text1noticias\"> <\/span><\/p>\n<p><span class=\"text1noticias\">     El primer ministro de Israel Benjamin Netanyahu se disculp\u00f3 por el ataque en el 2013 ante el entonces primer ministro y actual presidente de Turqu\u00eda, Recep Tayyip Erdogan.<\/span><\/p>\n<p><span class=\"text1noticias\"> <\/span><\/p>\n<p><span class=\"text1noticias\">     Yildrim dijo que Israel acept\u00f3 pagar 20 millones de d\u00f3lares en compensaci\u00f3n a los deudos y a los heridos en el ataque.<\/span><\/p>\n<p><span class=\"text1noticias\"> <\/span><\/p>\n<p><span class=\"text1noticias\">       De conformidad con el acuerdo, Turqu\u00eda entregar\u00e1 ayuda humanitaria y otros productos no militares a Gaza con un primer env\u00edo de 10.000 toneladas de suministros que saldr\u00e1n el pr\u00f3ximo viernes, dijo.<\/span><\/p>\n<p><span class=\"text1noticias\"> <\/span><\/p>\n<p><span class=\"text1noticias\">     Cuando se le pregunt\u00f3 sobre las perspectivas de las relaciones en el sector de la energ\u00eda, Yildrim dijo que los lazos pol\u00edticos y diplom\u00e1ticos ser\u00e1n la prioridad en la implementaci\u00f3n del acuerdo.<\/span><\/p>\n<p><span class=\"text1noticias\"> <\/span><\/p>\n<p><span class=\"text1noticias\">     En tanto, el primer ministro israel\u00ed, quien se encuentra en Roma para reunirse con el secretario de Estado de Estados Unidos John Kerry y con el primer ministro italiano Matteo Renzi, dijo que el acuerdo es de \u00abimportancia estrat\u00e9gica\u00bb para los dos pa\u00edses.<\/span><\/p>\n<p><span class=\"text1noticias\"> <\/span><\/p>\n<p><span class=\"text1noticias\">       Netanyahu destac\u00f3 la importancia econ\u00f3mica de normalizar los lazos con Turqu\u00eda y dijo que esto tambi\u00e9n implica estabilidad.<\/span><\/p>\n<p><span class=\"text1noticias\"> <\/span><\/p>\n<p><span class=\"text1noticias\">       \u00abMedio Oriente se encuentra en estado de agitaci\u00f3n. Mi pol\u00edtica es crear islas de estabilidad con nuestros vecinos cercanos\u00bb, dijo.<\/span><\/p>\n<p><span class=\"text1noticias\"> <\/span><\/p>\n<p><span class=\"text1noticias\">       Sin embargo, en una conferencia de prensa en Roma dijo que el bloqueo naval israel\u00ed a Gaza continuar\u00e1, aunque agreg\u00f3 que la ayuda humanitaria podr\u00e1 seguir llegando a Gaza a trav\u00e9s de puertos <\/span>israel\u00edes.<\/p>\n<h6> 2016-06-27 09:35:40 <\/h6>\n<p><!--\n<link rel=\"stylesheet\" href=\"css\/bootstrap.min.css\">\n\n\n<ul class=\"pagination\">\n\t    \n\t\n\n<li >\n\t<a href='?page_no=19202'>Previous<\/a>\n\t<\/li>\n\n\n       \n    \n\n<li><a href='?page_no=1'>1<\/a><\/li>\n\n\n\n<li><a href='?page_no=2'>2<\/a><\/li>\n\n\n\n<li><a>...<\/a><\/li>\n\n\n\n<li><a href='?page_no=19201'>19201<\/a><\/li>\n\n\n\n<li><a href='?page_no=19202'>19202<\/a><\/li>\n\n\n\n<li class='active'><a>19203<\/a><\/li>\n\n\n\n<li><a href='?page_no=19204'>19204<\/a><\/li>\n\n\n\n<li><a href='?page_no=19205'>19205<\/a><\/li>\n\n\n\n<li><a>...<\/a><\/li>\n\n\n\n<li><a href='?page_no=51012'>51012<\/a><\/li>\n\n\n\n<li><a href='?page_no=51013'>51013<\/a><\/li>\n\n    \n\t\n\n<li >\n\t<a href='?page_no=19204'>Next<\/a>\n\t<\/li>\n\n\n    \n\n<li><a href='?page_no=51013'>Last &rsaquo;&rsaquo;<\/a><\/li>\n\n<\/ul>\n\n\n--><br \/>\n<\/body><\/p>\n","protected":false},"excerpt":{"rendered":"<p>ANKARA, 27 jun (Xinhua) &#8212; Turqu\u00eda e Israel intercambiar\u00e1n embajadores luego de llegar a un acuerdo sobre la normalizaci\u00f3n de sus lazos despu\u00e9s de seis a\u00f1os de ruptura diplom\u00e1tica, dijo hoy el primer ministro turco, Binali Yildrim. Yildrim se\u00f1al\u00f3 que el acuerdo, que ser\u00e1 firmado el martes, pone fin a una disputa sobre un ataque [&hellip;]<\/p>\n","protected":false},"author":3,"featured_media":0,"comment_status":"open","ping_status":"open","sticky":false,"template":"","format":"standard","meta":{"footnotes":""},"categories":[23],"tags":[],"class_list":["post-249558","post","type-post","status-publish","format-standard","hentry","category-internacional"],"_links":{"self":[{"href":"https:\/\/diariodominicano.com\/index.php?rest_route=\/wp\/v2\/posts\/249558","targetHints":{"allow":["GET"]}}],"collection":[{"href":"https:\/\/diariodominicano.com\/index.php?rest_route=\/wp\/v2\/posts"}],"about":[{"href":"https:\/\/diariodominicano.com\/index.php?rest_route=\/wp\/v2\/types\/post"}],"author":[{"embeddable":true,"href":"https:\/\/diariodominicano.com\/index.php?rest_route=\/wp\/v2\/users\/3"}],"replies":[{"embeddable":true,"href":"https:\/\/diariodominicano.com\/index.php?rest_route=%2Fwp%2Fv2%2Fcomments&post=249558"}],"version-history":[{"count":0,"href":"https:\/\/diariodominicano.com\/index.php?rest_route=\/wp\/v2\/posts\/249558\/revisions"}],"wp:attachment":[{"href":"https:\/\/diariodominicano.com\/index.php?rest_route=%2Fwp%2Fv2%2Fmedia&parent=249558"}],"wp:term":[{"taxonomy":"category","embeddable":true,"href":"https:\/\/diariodominicano.com\/index.php?rest_route=%2Fwp%2Fv2%2Fcategories&post=249558"},{"taxonomy":"post_tag","embeddable":true,"href":"https:\/\/diariodominicano.com\/index.php?rest_route=%2Fwp%2Fv2%2Ftags&post=249558"}],"curies":[{"name":"wp","href":"https:\/\/api.w.org\/{rel}","templated":true}]}}