{"id":249555,"date":"2016-06-27T10:16:39","date_gmt":"2016-06-27T10:16:39","guid":{"rendered":"http:\/\/diariodominicano.ddns.net\/?p=249555"},"modified":"2016-06-27T10:16:39","modified_gmt":"2016-06-27T10:16:39","slug":"foro-de-sao-paulo-en-el-salvador-llama-a-construir-poder-popular","status":"publish","type":"post","link":"https:\/\/diariodominicano.com\/?p=249555","title":{"rendered":"Foro de Sao Paulo en El Salvador llama a construir poder popular"},"content":{"rendered":"<p><body><\/p>\n<p><img decoding=\"async\" src=\"img3\/foroSaopauolo27-6.jpg\" \/>  <\/p>\n<p><span class=\"text1noticias\">San Salvador, 27 jun (PL) El XXII Encuentro del Foro de Sao Paulo concluy\u00f3 en El Salvador con una declaraci\u00f3n final en la cual profundiza en las acciones de los partidos y movimientos de izquierda y sociales para avanzar en los cambios a favor de los pueblos.<\/span><\/p>\n<p><span class=\"text1noticias\"> <\/span><\/p>\n<p><span class=\"text1noticias\">En el cierre ayer de esta edici\u00f3n, calificada de exitosa, el secretario general del Frente Farabundo Mart\u00ed para la Liberaci\u00f3n Nacional (FMLN), Medardo Gonz\u00e1lez, ley\u00f3 la Declaraci\u00f3n de San Salvador, que define 23 puntos sobre los diversos temas debatidos en estos tres d\u00edas de trabajo.<\/span><\/p>\n<p><span class=\"text1noticias\"> <\/span><\/p>\n<p><span class=\"text1noticias\">\u00abAm\u00e9rica Latina y el Caribe est\u00e1 en estos momentos y seguir\u00e1 estando al frente de la lucha de los pueblos por una sociedad con justicia y libertad sin explotaci\u00f3n ni opresi\u00f3n\u00bb, se\u00f1ala el \u00faltimo punto de esta Declaraci\u00f3n.<\/span><\/p>\n<p><span class=\"text1noticias\"> <\/span><\/p>\n<p><span class=\"text1noticias\">\u00abUna lucha en la cual los pueblos, sus organizaciones pol\u00edticas y sociales y los gobiernos que defienden los intereses populares se enfrentan a las fuerzas m\u00e1s poderosas fuerzas del mundo, pero los poder\u00edos econ\u00f3mico y militar no podr\u00e1n contra el poder de la raz\u00f3n de las ideas y los m\u00e1s altos valores de la humanidad\u00bb, a\u00f1adie.<\/span><\/p>\n<p><span class=\"text1noticias\"> <\/span><\/p>\n<p><span class=\"text1noticias\">En el punto siete, el Foro de Saulo destaca la heroica victoria de la Revoluci\u00f3n cubana en su batalla de m\u00e1s de medio siglo frente a la agresividad del imperialismo norteamericano, con el reconocimiento de Estados Unidos de la derrota de su pol\u00edtica hacia el pa\u00eds caribe\u00f1o y el inicio del proceso de normalizaci\u00f3n de relaciones.<\/span><\/p>\n<p><span class=\"text1noticias\"> <\/span><\/p>\n<p><span class=\"text1noticias\">Se\u00f1ala que esa normalizaci\u00f3n no ser\u00e1 posible si no se pone fin al criminal bloqueo econ\u00f3mico y a la ilegal ocupaci\u00f3n del territorio cubano por la base naval de Guant\u00e1namo.<\/span><\/p>\n<p><span class=\"text1noticias\"> <\/span><\/p>\n<p><span class=\"text1noticias\">El Foro reconoce como una victoria continental el acuerdo hist\u00f3rico entre el gobierno colombiano y la Fuerzas Armadas Revolucionarias de Colombia-Ej\u00e9rcito del Pueblo para el cese del fuego bilateral, y resultado de una heroica lucha y tenaz frente al terrorismo de Estado impuesto por una derecha criminal y genocida.<\/span><\/p>\n<p><span class=\"text1noticias\"> <\/span><\/p>\n<p><span class=\"text1noticias\">Rechaza los intentos militaristas en la regi\u00f3n y propugna la defensa de Am\u00e9rica Latina y el Caribe como zona de paz, tal como fue proclamada por la Comunidad de Estados Latinoamericanos y Caribe\u00f1os.<\/span><\/p>\n<p><span class=\"text1noticias\"> <\/span><\/p>\n<p><span class=\"text1noticias\">Considera a la Revoluci\u00f3n Bolivariana de Venezuela como una victoria permanente y estrat\u00e9gica en la lucha por la libertad de nuestros pueblos, la cual atraviesa por embestidas brutales de la oligarqu\u00eda ap\u00e1trida y el imperialismo, por lo cual constituye un desaf\u00edo para las fuerzas de izquierda.<\/span><\/p>\n<p><span class=\"text1noticias\"> <\/span><\/p>\n<p><span class=\"text1noticias\">Defiende la Alianza Bolivariana para los Pueblos de Nuestra Am\u00e9rica y Petrocaribe y destaca en el caso de Nicaragua, el creciente y sostenido apoyo a proceso que conduce el Frente Sandinista de Liberaci\u00f3n Nacional, liderado por Daniel Ortega.<\/span><\/p>\n<p><span class=\"text1noticias\"> <\/span><\/p>\n<p><span class=\"text1noticias\">Subraya que los partidos de izquierda y progresistas deben seguir trabajando para lograr una salida al mar de Bolivia en un di\u00e1logo con Chile.<\/span><\/p>\n<p><span class=\"text1noticias\"> <\/span><\/p>\n<p><span class=\"text1noticias\">Refuta el gobierno golpista de Brasil y demanda el retorno de la leg\u00edtima presidente, Dilma Rousseff.<\/span><\/p>\n<p><span class=\"text1noticias\"> <\/span><\/p>\n<p><span class=\"text1noticias\">El Foro de Sao Paulo reconoce al gobierno de El Salvador y al FMLN por sus efectivas pol\u00edticas sociales que han permitido reducir la pobreza, la desigualdad y enfrentar la delincuencia.<\/span><\/p>\n<p><span class=\"text1noticias\"> <\/span><\/p>\n<p><span class=\"text1noticias\">Entre otros puntos defiende los derechos de los grupos LGTBI, los pueblos originarios, las mujeres, los j\u00f3venes y los migrantes, y demanda una reforma migratoria, en tanto rechaza la pol\u00edtica injerencista de Es<\/span>tados Unidos.<\/p>\n<h6> 2016-06-27 10:16:39 <\/h6>\n<p><!--\n<link rel=\"stylesheet\" href=\"css\/bootstrap.min.css\">\n\n\n<ul class=\"pagination\">\n\t    \n\t\n\n<li >\n\t<a href='?page_no=19199'>Previous<\/a>\n\t<\/li>\n\n\n       \n    \n\n<li><a href='?page_no=1'>1<\/a><\/li>\n\n\n\n<li><a href='?page_no=2'>2<\/a><\/li>\n\n\n\n<li><a>...<\/a><\/li>\n\n\n\n<li><a href='?page_no=19198'>19198<\/a><\/li>\n\n\n\n<li><a href='?page_no=19199'>19199<\/a><\/li>\n\n\n\n<li class='active'><a>19200<\/a><\/li>\n\n\n\n<li><a href='?page_no=19201'>19201<\/a><\/li>\n\n\n\n<li><a href='?page_no=19202'>19202<\/a><\/li>\n\n\n\n<li><a>...<\/a><\/li>\n\n\n\n<li><a href='?page_no=51012'>51012<\/a><\/li>\n\n\n\n<li><a href='?page_no=51013'>51013<\/a><\/li>\n\n    \n\t\n\n<li >\n\t<a href='?page_no=19201'>Next<\/a>\n\t<\/li>\n\n\n    \n\n<li><a href='?page_no=51013'>Last &rsaquo;&rsaquo;<\/a><\/li>\n\n<\/ul>\n\n\n--><br \/>\n<\/body><\/p>\n","protected":false},"excerpt":{"rendered":"<p>San Salvador, 27 jun (PL) El XXII Encuentro del Foro de Sao Paulo concluy\u00f3 en El Salvador con una declaraci\u00f3n final en la cual profundiza en las acciones de los partidos y movimientos de izquierda y sociales para avanzar en los cambios a favor de los pueblos. En el cierre ayer de esta edici\u00f3n, calificada [&hellip;]<\/p>\n","protected":false},"author":3,"featured_media":0,"comment_status":"open","ping_status":"open","sticky":false,"template":"","format":"standard","meta":{"footnotes":""},"categories":[23],"tags":[],"class_list":["post-249555","post","type-post","status-publish","format-standard","hentry","category-internacional"],"_links":{"self":[{"href":"https:\/\/diariodominicano.com\/index.php?rest_route=\/wp\/v2\/posts\/249555","targetHints":{"allow":["GET"]}}],"collection":[{"href":"https:\/\/diariodominicano.com\/index.php?rest_route=\/wp\/v2\/posts"}],"about":[{"href":"https:\/\/diariodominicano.com\/index.php?rest_route=\/wp\/v2\/types\/post"}],"author":[{"embeddable":true,"href":"https:\/\/diariodominicano.com\/index.php?rest_route=\/wp\/v2\/users\/3"}],"replies":[{"embeddable":true,"href":"https:\/\/diariodominicano.com\/index.php?rest_route=%2Fwp%2Fv2%2Fcomments&post=249555"}],"version-history":[{"count":0,"href":"https:\/\/diariodominicano.com\/index.php?rest_route=\/wp\/v2\/posts\/249555\/revisions"}],"wp:attachment":[{"href":"https:\/\/diariodominicano.com\/index.php?rest_route=%2Fwp%2Fv2%2Fmedia&parent=249555"}],"wp:term":[{"taxonomy":"category","embeddable":true,"href":"https:\/\/diariodominicano.com\/index.php?rest_route=%2Fwp%2Fv2%2Fcategories&post=249555"},{"taxonomy":"post_tag","embeddable":true,"href":"https:\/\/diariodominicano.com\/index.php?rest_route=%2Fwp%2Fv2%2Ftags&post=249555"}],"curies":[{"name":"wp","href":"https:\/\/api.w.org\/{rel}","templated":true}]}}