{"id":249552,"date":"2016-06-27T12:17:44","date_gmt":"2016-06-27T12:17:44","guid":{"rendered":"http:\/\/diariodominicano.ddns.net\/?p=249552"},"modified":"2016-06-27T12:17:44","modified_gmt":"2016-06-27T12:17:44","slug":"cancilleres-de-grupo-visegrad-alemania-y-francia-deliberan-sobre-brexit","status":"publish","type":"post","link":"https:\/\/diariodominicano.com\/?p=249552","title":{"rendered":"Cancilleres de Grupo Visegrad, Alemania y Francia deliberan sobre Brexit"},"content":{"rendered":"<p><body><\/p>\n<p><img decoding=\"async\" src=\"img3\/Merkel27-6.jpg\" \/>  <\/p>\n<p><span class=\"text1noticias\">    PRAGA, 27 jun (Xinhua) &#8212; Los ministros de Relaciones Exteriores de los pa\u00edses de los Cuatro de Visegrad (V4), Alemania y Francia sostuvieron discusiones hoy aqu\u00ed despu\u00e9s de la salida de Reino Unido de la Uni\u00f3n Europea (UE).<\/span><\/p>\n<p><span class=\"text1noticias\"> <\/span><\/p>\n<p><span class=\"text1noticias\">     Luego de reunirse con sus hom\u00f3logos, el ministro de Relaciones Exteriores de la Rep\u00fablica Checa, Lubomir Zaoralek, dijo que la salida de Reino Unido no detendr\u00e1 el desarrollo de la Uni\u00f3n Europea.<\/span><\/p>\n<p><span class=\"text1noticias\"> <\/span><\/p>\n<p><span class=\"text1noticias\">     Zaoralek coment\u00f3 que los ministros acordaron que los pa\u00edses europeos deben buscar soluciones juntos ante el resultado del referendo brit\u00e1nico.<\/span><\/p>\n<p><span class=\"text1noticias\"> <\/span><\/p>\n<p><span class=\"text1noticias\">     Zaoralek se\u00f1al\u00f3 que una integraci\u00f3n excesivamente apresurada y pretender que no ha pasado nada son dos malas reacciones ante la situaci\u00f3n despu\u00e9s del referendo brit\u00e1nico para abandonar la UE.<\/span><\/p>\n<p><span class=\"text1noticias\"> <\/span><\/p>\n<p><span class=\"text1noticias\">     \u00abLa clave es desarrollar nuevas relaciones con Reino Unido. Ellos (Reino Unido) est\u00e1n interesados en una relaci\u00f3n de buena calidad en la que nos comportemos como amigos que se necesitan mutuamente. Esto depende no solamente de nosotros sino tambi\u00e9n de Reino Unido\u00bb, dijo.<\/span><\/p>\n<p><span class=\"text1noticias\"> <\/span><\/p>\n<p><span class=\"text1noticias\">     Sobre el futuro de los dem\u00e1s pa\u00edses de la UE, Zaoralek dijo que ellos creen que deben empezar a discutir lo que Brexit significa para la UE y qu\u00e9 tipo de uni\u00f3n quieren tener en el futuro.<\/span><\/p>\n<p><span class=\"text1noticias\"> <\/span><\/p>\n<p><span class=\"text1noticias\">     Aunque Zaoralek indic\u00f3 que lamentan la decisi\u00f3n de los brit\u00e1nicos, pero que el desarrollo de la Uni\u00f3n Europea  \u00abno se puede detener y no se detendr\u00e1\u00bb.<\/span><\/p>\n<p><span class=\"text1noticias\"> <\/span><\/p>\n<p><span class=\"text1noticias\">    El ministro expres\u00f3 la convicci\u00f3n de que los Estados miembros necesitan urgentemente el proyecto de la UE para su vida. \u00abEstamos listos para hacer todo lo posible para que este proyecto contin\u00fae\u00bb, afirm\u00f3.<\/span><\/p>\n<p><span class=\"text1noticias\"> <\/span><\/p>\n<p><span class=\"text1noticias\">     Por su parte, el ministro de Relaciones Exteriores de Eslovaquia, Miroslav Lajcak, coment\u00f3 que la salida de Reino Unido de la Uni\u00f3n Europea debe empezar pronto debido a que la gente tanto de Reino Unido como del resto de Europa merecen saber qu\u00e9 consecuencias traer\u00e1 la decisi\u00f3n brit\u00e1nica de salir de la UE.<\/span><\/p>\n<p><span class=\"text1noticias\"> <\/span><\/p>\n<p><span class=\"text1noticias\">     Lajcak se\u00f1al\u00f3 que los seis ministros preferir\u00edan que el proceso de salida iniciara ya para que las consecuencias puedan aclararse pronto. Los Estados miembros de la UE deben tomar el control de una reactivaci\u00f3n de la EU, a\u00f1adi\u00f3.<\/span><\/p>\n<p><span class=\"text1noticias\"> <\/span><\/p>\n<p><span class=\"text1noticias\">     Lajcak dijo que el referendo gener\u00f3 un resultado concreto y todos deben vivir y trabajar con \u00e9l. Tambi\u00e9n rechaz\u00f3 la especulaci\u00f3n de que Polonia quiera adoptar sin demora el euro como su moneda en reacci\u00f3n al Brexit. Lajcak indic\u00f3 que Polonia no hace esfuerzos por ahora para ingresar a la eurozona debido a que no cumple las condiciones requeridas.<\/span><\/p>\n<p><span class=\"text1noticias\"> <\/span><\/p>\n<p><span class=\"text1noticias\">     Los pa\u00edses V4 son la Rep\u00fablica Checa, Eslovaquia, Hungr\u00eda<\/span> y Polonia.<\/p>\n<h6> 2016-06-27 12:17:44 <\/h6>\n<p><!--\n<link rel=\"stylesheet\" href=\"css\/bootstrap.min.css\">\n\n\n<ul class=\"pagination\">\n\t    \n\t\n\n<li >\n\t<a href='?page_no=19196'>Previous<\/a>\n\t<\/li>\n\n\n       \n    \n\n<li><a href='?page_no=1'>1<\/a><\/li>\n\n\n\n<li><a href='?page_no=2'>2<\/a><\/li>\n\n\n\n<li><a>...<\/a><\/li>\n\n\n\n<li><a href='?page_no=19195'>19195<\/a><\/li>\n\n\n\n<li><a href='?page_no=19196'>19196<\/a><\/li>\n\n\n\n<li class='active'><a>19197<\/a><\/li>\n\n\n\n<li><a href='?page_no=19198'>19198<\/a><\/li>\n\n\n\n<li><a href='?page_no=19199'>19199<\/a><\/li>\n\n\n\n<li><a>...<\/a><\/li>\n\n\n\n<li><a href='?page_no=51012'>51012<\/a><\/li>\n\n\n\n<li><a href='?page_no=51013'>51013<\/a><\/li>\n\n    \n\t\n\n<li >\n\t<a href='?page_no=19198'>Next<\/a>\n\t<\/li>\n\n\n    \n\n<li><a href='?page_no=51013'>Last &rsaquo;&rsaquo;<\/a><\/li>\n\n<\/ul>\n\n\n--><br \/>\n<\/body><\/p>\n","protected":false},"excerpt":{"rendered":"<p>PRAGA, 27 jun (Xinhua) &#8212; Los ministros de Relaciones Exteriores de los pa\u00edses de los Cuatro de Visegrad (V4), Alemania y Francia sostuvieron discusiones hoy aqu\u00ed despu\u00e9s de la salida de Reino Unido de la Uni\u00f3n Europea (UE). Luego de reunirse con sus hom\u00f3logos, el ministro de Relaciones Exteriores de la Rep\u00fablica Checa, Lubomir Zaoralek, [&hellip;]<\/p>\n","protected":false},"author":3,"featured_media":0,"comment_status":"open","ping_status":"open","sticky":false,"template":"","format":"standard","meta":{"footnotes":""},"categories":[23],"tags":[],"class_list":["post-249552","post","type-post","status-publish","format-standard","hentry","category-internacional"],"_links":{"self":[{"href":"https:\/\/diariodominicano.com\/index.php?rest_route=\/wp\/v2\/posts\/249552","targetHints":{"allow":["GET"]}}],"collection":[{"href":"https:\/\/diariodominicano.com\/index.php?rest_route=\/wp\/v2\/posts"}],"about":[{"href":"https:\/\/diariodominicano.com\/index.php?rest_route=\/wp\/v2\/types\/post"}],"author":[{"embeddable":true,"href":"https:\/\/diariodominicano.com\/index.php?rest_route=\/wp\/v2\/users\/3"}],"replies":[{"embeddable":true,"href":"https:\/\/diariodominicano.com\/index.php?rest_route=%2Fwp%2Fv2%2Fcomments&post=249552"}],"version-history":[{"count":0,"href":"https:\/\/diariodominicano.com\/index.php?rest_route=\/wp\/v2\/posts\/249552\/revisions"}],"wp:attachment":[{"href":"https:\/\/diariodominicano.com\/index.php?rest_route=%2Fwp%2Fv2%2Fmedia&parent=249552"}],"wp:term":[{"taxonomy":"category","embeddable":true,"href":"https:\/\/diariodominicano.com\/index.php?rest_route=%2Fwp%2Fv2%2Fcategories&post=249552"},{"taxonomy":"post_tag","embeddable":true,"href":"https:\/\/diariodominicano.com\/index.php?rest_route=%2Fwp%2Fv2%2Ftags&post=249552"}],"curies":[{"name":"wp","href":"https:\/\/api.w.org\/{rel}","templated":true}]}}