{"id":249550,"date":"2016-06-28T08:36:20","date_gmt":"2016-06-28T08:36:20","guid":{"rendered":"http:\/\/diariodominicano.ddns.net\/?p=249550"},"modified":"2016-06-28T08:36:20","modified_gmt":"2016-06-28T08:36:20","slug":"mariano-rajoy-intentara-gobernar-espana-a-traves-de-gran-coalicion","status":"publish","type":"post","link":"https:\/\/diariodominicano.com\/?p=249550","title":{"rendered":"Mariano Rajoy intentar\u00e1 gobernar Espa\u00f1a a trav\u00e9s de gran coalici\u00f3n"},"content":{"rendered":"<p><body><\/p>\n<p><img decoding=\"async\" src=\"img3\/Rajoy28-6.jpg\" \/>  <\/p>\n<p><span class=\"text1noticias\">MADRID, 28 jun (Xinhua) &#8212; Los 137 esca\u00f1os que ha logrado el conservador Partido Popular (PP) en las elecciones del pasado domingo sirven al presidente del Gobierno de Espa\u00f1a en funciones, Mariano Rajoy, para reafirmarse en su estrategia de formar una gran coalici\u00f3n con los socialdem\u00f3cratas del PSOE y los centristas de Ciudadanos.<\/span><\/p>\n<p><span class=\"text1noticias\"> <\/span><\/p>\n<p><span class=\"text1noticias\">     Mariano Rajoy se manifest\u00f3 de esta forma en su primera reuni\u00f3n con el Comit\u00e9 Ejecutivo del PP, que hoy recogen todos los medios. El jefe del Ejecutivo en funciones apuesta por un programa de gobierno pactado para los pr\u00f3ximos cuatro a\u00f1os, que d\u00e9 estabilidad y garant\u00edas de que se puede ejecutar un plan de reformas.<\/span><\/p>\n<p><span class=\"text1noticias\"> <\/span><\/p>\n<p><span class=\"text1noticias\">     Ahora todo es distinto que despu\u00e9s de los comicios de diciembre, tras los que fue imposible formar un Gobierno, de acuerdo con distintos analistas, que ven a Rajoy m\u00e1s fuerte y m\u00e1s d\u00e9bil al Partido Socialista Obrero Espa\u00f1ol (PSOE), encabezado por Pedro S\u00e1nchez.<\/span><\/p>\n<p><span class=\"text1noticias\"> <\/span><\/p>\n<p><span class=\"text1noticias\">     No obstante, Mariano Rajoy sabe que ese acuerdo de coalici\u00f3n tendr\u00e1 dif\u00edcil salir adelante por la  insistencia tanto de los socialistas como del presidente de Ciudadanos, Albert Rivera, en su rechazo a respaldarlo. De todos modos, el l\u00edder del PP asegur\u00f3 que \u00abhay que intentarlo por bien de la estabilidad de Espa\u00f1a\u00bb.<\/span><\/p>\n<p><span class=\"text1noticias\"> <\/span><\/p>\n<p><span class=\"text1noticias\">     Seg\u00fan fuentes del Palacio de la Moncloa, sede del Gobierno, Mariano Rajoy deja la puerta abierta a estudiar todas las f\u00f3rmulas, incluida la de gobernar en minor\u00eda con apoyos puntuales. Esta misma semana, cuando regrese de Bruselas de su reuni\u00f3n comunitaria, abrir\u00e1 una ronda de contactos con todos los partidos.<\/span><\/p>\n<p><span class=\"text1noticias\"> <\/span><\/p>\n<p><span class=\"text1noticias\">     La suma para la investidura de Mariano Rajoy sigue sin estar muy clara, dado que la mayor\u00eda absoluta son 176 esca\u00f1os. Si logra sumar los 32 parlamentarios de Ciudadanos le bastar\u00eda la abstenci\u00f3n de los 85 diputados socialistas para salir investido. Pero eso no le garantizar\u00eda tener el control del Congreso para poder legislar.<\/span><\/p>\n<p><span class=\"text1noticias\"> <\/span><\/p>\n<p><span class=\"text1noticias\">     \u00abYo no voy a renunciar a gobernar porque hay ocho millones de espa\u00f1oles que me han apoyado, pero si eso no es posible (la gran coalici\u00f3n) gobernar\u00e9 con el apoyo que nos han dado los espa\u00f1oles y algunos pactos puntuales\u00bb, proclam\u00f3 el jefe del Ejecutivo, al que algunos analistas daban por amortizado.<\/span><\/p>\n<p><span class=\"text1noticias\"> <\/span><\/p>\n<p><span class=\"text1noticias\">     El presidente en funciones insisti\u00f3 en que la prioridad es que se forme un Gobierno en el plazo aproximado de un mes y resalt\u00f3 que ser\u00eda \u00abinaudito\u00bb tener que convocar unas terceras elecciones como consecuencia de los vetos que puedan ponerle el resto de formaciones. \u00abSer\u00eda una irresponsabilidad antol\u00f3gica\u00bb, puntualiz\u00f3.<\/span><\/p>\n<p><span class=\"text1noticias\"> <\/span><\/p>\n<p><span class=\"text1noticias\">     Por su parte, el presidente de Ciudadanos, Albert Rivera, ha hablado hoy con el jefe del Gobierno en funciones, Mariano Rajoy, y con el l\u00edder socialista, Pedro S\u00e1nchez, para emplazarles a una mesa de negociaci\u00f3n tripartita, que afronte las reformas necesarias que necesita<\/span> Espa\u00f1a.<\/p>\n<h6> 2016-06-28 08:36:20 <\/h6>\n<p><!--\n<link rel=\"stylesheet\" href=\"css\/bootstrap.min.css\">\n\n\n<ul class=\"pagination\">\n\t    \n\t\n\n<li >\n\t<a href='?page_no=19194'>Previous<\/a>\n\t<\/li>\n\n\n       \n    \n\n<li><a href='?page_no=1'>1<\/a><\/li>\n\n\n\n<li><a href='?page_no=2'>2<\/a><\/li>\n\n\n\n<li><a>...<\/a><\/li>\n\n\n\n<li><a href='?page_no=19193'>19193<\/a><\/li>\n\n\n\n<li><a href='?page_no=19194'>19194<\/a><\/li>\n\n\n\n<li class='active'><a>19195<\/a><\/li>\n\n\n\n<li><a href='?page_no=19196'>19196<\/a><\/li>\n\n\n\n<li><a href='?page_no=19197'>19197<\/a><\/li>\n\n\n\n<li><a>...<\/a><\/li>\n\n\n\n<li><a href='?page_no=51012'>51012<\/a><\/li>\n\n\n\n<li><a href='?page_no=51013'>51013<\/a><\/li>\n\n    \n\t\n\n<li >\n\t<a href='?page_no=19196'>Next<\/a>\n\t<\/li>\n\n\n    \n\n<li><a href='?page_no=51013'>Last &rsaquo;&rsaquo;<\/a><\/li>\n\n<\/ul>\n\n\n--><br \/>\n<\/body><\/p>\n","protected":false},"excerpt":{"rendered":"<p>MADRID, 28 jun (Xinhua) &#8212; Los 137 esca\u00f1os que ha logrado el conservador Partido Popular (PP) en las elecciones del pasado domingo sirven al presidente del Gobierno de Espa\u00f1a en funciones, Mariano Rajoy, para reafirmarse en su estrategia de formar una gran coalici\u00f3n con los socialdem\u00f3cratas del PSOE y los centristas de Ciudadanos. Mariano Rajoy [&hellip;]<\/p>\n","protected":false},"author":3,"featured_media":0,"comment_status":"open","ping_status":"open","sticky":false,"template":"","format":"standard","meta":{"footnotes":""},"categories":[23],"tags":[],"class_list":["post-249550","post","type-post","status-publish","format-standard","hentry","category-internacional"],"_links":{"self":[{"href":"https:\/\/diariodominicano.com\/index.php?rest_route=\/wp\/v2\/posts\/249550","targetHints":{"allow":["GET"]}}],"collection":[{"href":"https:\/\/diariodominicano.com\/index.php?rest_route=\/wp\/v2\/posts"}],"about":[{"href":"https:\/\/diariodominicano.com\/index.php?rest_route=\/wp\/v2\/types\/post"}],"author":[{"embeddable":true,"href":"https:\/\/diariodominicano.com\/index.php?rest_route=\/wp\/v2\/users\/3"}],"replies":[{"embeddable":true,"href":"https:\/\/diariodominicano.com\/index.php?rest_route=%2Fwp%2Fv2%2Fcomments&post=249550"}],"version-history":[{"count":0,"href":"https:\/\/diariodominicano.com\/index.php?rest_route=\/wp\/v2\/posts\/249550\/revisions"}],"wp:attachment":[{"href":"https:\/\/diariodominicano.com\/index.php?rest_route=%2Fwp%2Fv2%2Fmedia&parent=249550"}],"wp:term":[{"taxonomy":"category","embeddable":true,"href":"https:\/\/diariodominicano.com\/index.php?rest_route=%2Fwp%2Fv2%2Fcategories&post=249550"},{"taxonomy":"post_tag","embeddable":true,"href":"https:\/\/diariodominicano.com\/index.php?rest_route=%2Fwp%2Fv2%2Ftags&post=249550"}],"curies":[{"name":"wp","href":"https:\/\/api.w.org\/{rel}","templated":true}]}}