{"id":249549,"date":"2016-06-28T08:47:14","date_gmt":"2016-06-28T08:47:14","guid":{"rendered":"http:\/\/diariodominicano.ddns.net\/?p=249549"},"modified":"2016-06-28T08:47:14","modified_gmt":"2016-06-28T08:47:14","slug":"economia-espanola-crece-07-por-ciento-en-segundo-trimestre","status":"publish","type":"post","link":"https:\/\/diariodominicano.com\/?p=249549","title":{"rendered":"Econom\u00eda espa\u00f1ola crece 0,7 por ciento en segundo trimestre"},"content":{"rendered":"<p><body><\/p>\n<p><img decoding=\"async\" src=\"img3\/BancoEspana28-6.JPG\" \/>  <\/p>\n<p><span class=\"text1noticias\"> MADRID, 28 jun (Xinhua) &#8212; La econom\u00eda espa\u00f1ola creci\u00f3 un 0,7 por ciento del PIB entre abril y junio pasados, una d\u00e9cima menos que en el primer trimestre del presente a\u00f1o, se\u00f1al\u00f3 hoy el Banco de Espa\u00f1a (BE), en su bolet\u00edn de junio.<\/span><\/p>\n<p><span class=\"text1noticias\"> <\/span><\/p>\n<p><span class=\"text1noticias\">     Seg\u00fan el BE, la evoluci\u00f3n favorable del mercado de trabajo y las mejores condiciones financieras han facilitado la expansi\u00f3n del consumo de los hogares, a un ritmo muy similar al de los trimestres anteriores, mientras que la inversi\u00f3n empresarial habr\u00eda experimentado una cierta ralentizaci\u00f3n, pero conservando, no obstante, su pauta expansiva.<\/span><\/p>\n<p><span class=\"text1noticias\"> <\/span><\/p>\n<p><span class=\"text1noticias\">     De esta forma, la econom\u00eda espa\u00f1ola sumar\u00eda 12 trimestres seguidos con crecimiento, indica el Banco de Espa\u00f1a, que a\u00f1ade que en cuanto al empleo seguir\u00e1 creciendo, pero a un ritmo m\u00e1s bajo.<\/span><\/p>\n<p><span class=\"text1noticias\"> <\/span><\/p>\n<p><span class=\"text1noticias\">     Por otra parte, la entidad estatal advierte sobre el cumplimiento del objetivo de d\u00e9ficit p\u00fablico para este a\u00f1o (3,6 por ciento del PIB) requerir\u00e1, tras los datos difundidos de ejecuci\u00f3n presupuestaria disponibles, \u00abque el aumento de los ingresos y\/o la contenci\u00f3n del gasto en lo que resta de 2016 sean superiores a lo observado en los primeros meses del ejercicio\u00bb, concluye el BE.<\/span><\/p>\n<p><span class=\"text1noticias\"> <\/span><\/p>\n<p><span class=\"text1noticias\">     Por \u00faltimo, el Banco de Espa\u00f1a ve todav\u00eda \u00abmuy prematuro\u00bb por el momento cuantificar el impacto econ\u00f3mico que podr\u00eda suponer en la econom\u00eda espa\u00f1ola  la decisi\u00f3n de los brit\u00e1nicos en el refer\u00e9ndum de abandonar la Uni\u00f3n Europea (<\/span>UE).<\/p>\n<h6> 2016-06-28 08:47:14 <\/h6>\n<p><!--\n<link rel=\"stylesheet\" href=\"css\/bootstrap.min.css\">\n\n\n<ul class=\"pagination\">\n\t    \n\t\n\n<li >\n\t<a href='?page_no=19193'>Previous<\/a>\n\t<\/li>\n\n\n       \n    \n\n<li><a href='?page_no=1'>1<\/a><\/li>\n\n\n\n<li><a href='?page_no=2'>2<\/a><\/li>\n\n\n\n<li><a>...<\/a><\/li>\n\n\n\n<li><a href='?page_no=19192'>19192<\/a><\/li>\n\n\n\n<li><a href='?page_no=19193'>19193<\/a><\/li>\n\n\n\n<li class='active'><a>19194<\/a><\/li>\n\n\n\n<li><a href='?page_no=19195'>19195<\/a><\/li>\n\n\n\n<li><a href='?page_no=19196'>19196<\/a><\/li>\n\n\n\n<li><a>...<\/a><\/li>\n\n\n\n<li><a href='?page_no=51012'>51012<\/a><\/li>\n\n\n\n<li><a href='?page_no=51013'>51013<\/a><\/li>\n\n    \n\t\n\n<li >\n\t<a href='?page_no=19195'>Next<\/a>\n\t<\/li>\n\n\n    \n\n<li><a href='?page_no=51013'>Last &rsaquo;&rsaquo;<\/a><\/li>\n\n<\/ul>\n\n\n--><br \/>\n<\/body><\/p>\n","protected":false},"excerpt":{"rendered":"<p>MADRID, 28 jun (Xinhua) &#8212; La econom\u00eda espa\u00f1ola creci\u00f3 un 0,7 por ciento del PIB entre abril y junio pasados, una d\u00e9cima menos que en el primer trimestre del presente a\u00f1o, se\u00f1al\u00f3 hoy el Banco de Espa\u00f1a (BE), en su bolet\u00edn de junio. Seg\u00fan el BE, la evoluci\u00f3n favorable del mercado de trabajo y las [&hellip;]<\/p>\n","protected":false},"author":3,"featured_media":0,"comment_status":"open","ping_status":"open","sticky":false,"template":"","format":"standard","meta":{"footnotes":""},"categories":[23],"tags":[],"class_list":["post-249549","post","type-post","status-publish","format-standard","hentry","category-internacional"],"_links":{"self":[{"href":"https:\/\/diariodominicano.com\/index.php?rest_route=\/wp\/v2\/posts\/249549","targetHints":{"allow":["GET"]}}],"collection":[{"href":"https:\/\/diariodominicano.com\/index.php?rest_route=\/wp\/v2\/posts"}],"about":[{"href":"https:\/\/diariodominicano.com\/index.php?rest_route=\/wp\/v2\/types\/post"}],"author":[{"embeddable":true,"href":"https:\/\/diariodominicano.com\/index.php?rest_route=\/wp\/v2\/users\/3"}],"replies":[{"embeddable":true,"href":"https:\/\/diariodominicano.com\/index.php?rest_route=%2Fwp%2Fv2%2Fcomments&post=249549"}],"version-history":[{"count":0,"href":"https:\/\/diariodominicano.com\/index.php?rest_route=\/wp\/v2\/posts\/249549\/revisions"}],"wp:attachment":[{"href":"https:\/\/diariodominicano.com\/index.php?rest_route=%2Fwp%2Fv2%2Fmedia&parent=249549"}],"wp:term":[{"taxonomy":"category","embeddable":true,"href":"https:\/\/diariodominicano.com\/index.php?rest_route=%2Fwp%2Fv2%2Fcategories&post=249549"},{"taxonomy":"post_tag","embeddable":true,"href":"https:\/\/diariodominicano.com\/index.php?rest_route=%2Fwp%2Fv2%2Ftags&post=249549"}],"curies":[{"name":"wp","href":"https:\/\/api.w.org\/{rel}","templated":true}]}}