{"id":249544,"date":"2016-06-28T10:16:54","date_gmt":"2016-06-28T10:16:54","guid":{"rendered":"http:\/\/diariodominicano.ddns.net\/?p=249544"},"modified":"2016-06-28T10:16:54","modified_gmt":"2016-06-28T10:16:54","slug":"acusacion-contra-dilma-hace-agua-tras-pericia-senatorial","status":"publish","type":"post","link":"https:\/\/diariodominicano.com\/?p=249544","title":{"rendered":"Acusaci\u00f3n contra Dilma hace agua tras pericia senatorial"},"content":{"rendered":"<p><body><\/p>\n<p><img decoding=\"async\" src=\"img3\/brasl_dilma28-6.jpg\" \/>  <\/p>\n<p><span class=\"text1noticias\">Brasilia, 28 jun (PL) La acusaci\u00f3n en que se fundament\u00f3 el juicio pol\u00edtico en marcha hoy contra la apartada presidenta de Brasil, Dilma Rousseff, comenz\u00f3 a hacer agua tras conocerse los resultados de una pericia realizada por expertos del Senado Federal.<\/span><\/p>\n<p><span class=\"text1noticias\"> <\/span><\/p>\n<p><span class=\"text1noticias\">Hecha a solicitud de la defensa y por orden del titular del Supremo Tribunal Federal (STF), Ricardo Lewandowski, la auditor\u00eda concluy\u00f3 que el an\u00e1lisis de los datos, documentos e informaciones del Plan Zafra no permiti\u00f3 identificar actos comisivos de Dilma que contribuyeran, directa o indirectamente, a las llamadas pedaladas fiscales.<\/span><\/p>\n<p><span class=\"text1noticias\"> <\/span><\/p>\n<p><span class=\"text1noticias\">Con la pericia del Senado, la acusaci\u00f3n hace agua, pues la incompatibilidad de los decretos (promulgados por Rousseff) con la meta fiscal fue resuelta cuando se reajust\u00f3 la misma, manifest\u00f3 en declaraciones reproducidas por el diario digital Brasil 247 el diputado federal del Partido de los Trabajadores (PT), Paulo Pimienta.<\/span><\/p>\n<p><span class=\"text1noticias\"> <\/span><\/p>\n<p><span class=\"text1noticias\">La propia Presidenta declar\u00f3 que el laudo pericial presentado este lunes por tres t\u00e9cnicos de la C\u00e1mara alta a la Comisi\u00f3n Procesal corrobor\u00f3 que el proceso de impeachment carece de sustento legal.<\/span><\/p>\n<p><span class=\"text1noticias\"> <\/span><\/p>\n<p><span class=\"text1noticias\">Para llevar adelante un juicio pol\u00edtico deber\u00eda existir un delito de responsabilidad y el documento de los auditores, cuya composici\u00f3n aprob\u00f3 el propio colegiado, deja claro que los actos por los cuales fui acusada no caracterizan esa violaci\u00f3n, subray\u00f3.<\/span><\/p>\n<p><span class=\"text1noticias\"> <\/span><\/p>\n<p><span class=\"text1noticias\">Dilma apunt\u00f3 adem\u00e1s que comenzaron siendo seis decretos (en la acusaci\u00f3n original); ahora la pericia dice que son tres y en ninguno de estos fue constatada participaci\u00f3n dolosa de mi parte, pues no hay parecer t\u00e9cnico alguno seg\u00fan el cual al firmarlos estar\u00eda comprometiendo el cumplimiento de la meta fiscal, remarc\u00f3.<\/span><\/p>\n<p><span class=\"text1noticias\"> <\/span><\/p>\n<p><span class=\"text1noticias\">En ese sentido, el senador petista Humberto Costa coincidi\u00f3 en que el texto presentado por los peritos evidenci\u00f3 la fragilidad de la denuncia, que ahora se convierte solo en un pretexto para apartar definitivamente de su cargo a una Presidenta electa por el voto de m\u00e1s de 54 millones de brasile\u00f1os, dijo.<\/span><\/p>\n<p><span class=\"text1noticias\"> <\/span><\/p>\n<p><span class=\"text1noticias\">Es bueno recordar que \u00abla base del gobierno golpista (encabezado por el presidente provisional Michel Temer) era totalmente contraria a que se realizara esa pericia\u00bb signific\u00f3.<\/span><\/p>\n<p><span class=\"text1noticias\"> <\/span><\/p>\n<p><span class=\"text1noticias\">Por otra parte, tambi\u00e9n la v\u00edspera medios de prensa se hicieron eco de la denuncia del senador Roberto Requiao, del gobernante Partido del Movimiento Democr\u00e1tico Brasile\u00f1o (PMDB), respecto a la intenci\u00f3n de Temer de \u00abcomprar\u00bb el Senado para garantizar la separaci\u00f3n definitiva de Dilma de la Presidencia de la Rep\u00fablica.<\/span><\/p>\n<p><span class=\"text1noticias\"> <\/span><\/p>\n<p><span class=\"text1noticias\">\u00abEs una compra expl\u00edcita de apoyo\u00bb, denunci\u00f3 Requiao.<\/span><\/p>\n<p><span class=\"text1noticias\"> <\/span><\/p>\n<p><span class=\"text1noticias\">Para que Dilma pierda definitivamente la jefatura del Estado, de aprobarse un parecer en esa direcci\u00f3n del relator de la Comisi\u00f3n Procesal de Impeachment, se requerir\u00eda el apoyo de 54 de los 81 miembros de la C\u00e1mara alta.<\/span><\/p>\n<p><span class=\"text1noticias\"> <\/span><\/p>\n<p><span class=\"text1noticias\">Seg\u00fan dej\u00f3 entrever en recientes declaraciones el propio Requiao, existe la posibilidad de que unos 30 senadores votaran contra el impeachment de Rousseff (lo cual la devolver\u00eda a su puesto), si \u00e9sta se comprometiera a convocar a un referendo sobre la posibilidad de realizar nuevas elecciones presidenciales este<\/span> mismo a\u00f1o.<\/p>\n<h6> 2016-06-28 10:16:54 <\/h6>\n<p><!--\n<link rel=\"stylesheet\" href=\"css\/bootstrap.min.css\">\n\n\n<ul class=\"pagination\">\n\t    \n\t\n\n<li >\n\t<a href='?page_no=19188'>Previous<\/a>\n\t<\/li>\n\n\n       \n    \n\n<li><a href='?page_no=1'>1<\/a><\/li>\n\n\n\n<li><a href='?page_no=2'>2<\/a><\/li>\n\n\n\n<li><a>...<\/a><\/li>\n\n\n\n<li><a href='?page_no=19187'>19187<\/a><\/li>\n\n\n\n<li><a href='?page_no=19188'>19188<\/a><\/li>\n\n\n\n<li class='active'><a>19189<\/a><\/li>\n\n\n\n<li><a href='?page_no=19190'>19190<\/a><\/li>\n\n\n\n<li><a href='?page_no=19191'>19191<\/a><\/li>\n\n\n\n<li><a>...<\/a><\/li>\n\n\n\n<li><a href='?page_no=51012'>51012<\/a><\/li>\n\n\n\n<li><a href='?page_no=51013'>51013<\/a><\/li>\n\n    \n\t\n\n<li >\n\t<a href='?page_no=19190'>Next<\/a>\n\t<\/li>\n\n\n    \n\n<li><a href='?page_no=51013'>Last &rsaquo;&rsaquo;<\/a><\/li>\n\n<\/ul>\n\n\n--><br \/>\n<\/body><\/p>\n","protected":false},"excerpt":{"rendered":"<p>Brasilia, 28 jun (PL) La acusaci\u00f3n en que se fundament\u00f3 el juicio pol\u00edtico en marcha hoy contra la apartada presidenta de Brasil, Dilma Rousseff, comenz\u00f3 a hacer agua tras conocerse los resultados de una pericia realizada por expertos del Senado Federal. Hecha a solicitud de la defensa y por orden del titular del Supremo Tribunal [&hellip;]<\/p>\n","protected":false},"author":3,"featured_media":0,"comment_status":"open","ping_status":"open","sticky":false,"template":"","format":"standard","meta":{"footnotes":""},"categories":[23],"tags":[],"class_list":["post-249544","post","type-post","status-publish","format-standard","hentry","category-internacional"],"_links":{"self":[{"href":"https:\/\/diariodominicano.com\/index.php?rest_route=\/wp\/v2\/posts\/249544","targetHints":{"allow":["GET"]}}],"collection":[{"href":"https:\/\/diariodominicano.com\/index.php?rest_route=\/wp\/v2\/posts"}],"about":[{"href":"https:\/\/diariodominicano.com\/index.php?rest_route=\/wp\/v2\/types\/post"}],"author":[{"embeddable":true,"href":"https:\/\/diariodominicano.com\/index.php?rest_route=\/wp\/v2\/users\/3"}],"replies":[{"embeddable":true,"href":"https:\/\/diariodominicano.com\/index.php?rest_route=%2Fwp%2Fv2%2Fcomments&post=249544"}],"version-history":[{"count":0,"href":"https:\/\/diariodominicano.com\/index.php?rest_route=\/wp\/v2\/posts\/249544\/revisions"}],"wp:attachment":[{"href":"https:\/\/diariodominicano.com\/index.php?rest_route=%2Fwp%2Fv2%2Fmedia&parent=249544"}],"wp:term":[{"taxonomy":"category","embeddable":true,"href":"https:\/\/diariodominicano.com\/index.php?rest_route=%2Fwp%2Fv2%2Fcategories&post=249544"},{"taxonomy":"post_tag","embeddable":true,"href":"https:\/\/diariodominicano.com\/index.php?rest_route=%2Fwp%2Fv2%2Ftags&post=249544"}],"curies":[{"name":"wp","href":"https:\/\/api.w.org\/{rel}","templated":true}]}}