{"id":249543,"date":"2016-06-28T10:25:27","date_gmt":"2016-06-28T10:25:27","guid":{"rendered":"http:\/\/diariodominicano.ddns.net\/?p=249543"},"modified":"2016-06-28T10:25:27","modified_gmt":"2016-06-28T10:25:27","slug":"venezuela-extiende-batalla-comunicacional-mas-alla-de-sus-fronteras","status":"publish","type":"post","link":"https:\/\/diariodominicano.com\/?p=249543","title":{"rendered":"Venezuela extiende batalla comunicacional m\u00e1s all\u00e1 de sus fronteras"},"content":{"rendered":"<p><body><\/p>\n<p><img decoding=\"async\" src=\"img3\/maduro28.jpg\" \/>  <\/p>\n<p><span class=\"text1noticias\">Por Mario Hubert Garrido<\/span><\/p>\n<p><span class=\"text1noticias\"> <\/span><\/p>\n<p><span class=\"text1noticias\">Caracas, 28 jun (PL) El gobierno venezolano impulsa desde hoy una cruzada para que la batalla comunicacional que libra ante una agresi\u00f3n medi\u00e1tica y planes golpistas, trascienda sus fronteras, aseguraron varias autoridades.<\/span><\/p>\n<p><span class=\"text1noticias\"> <\/span><\/p>\n<p><span class=\"text1noticias\">La estrategia fue denominada por el jefe de Estado, Nicol\u00e1s Maduro, como una contraofensiva para vacunar a las sociedades hermanas con un poco de verdad sobre la Revoluci\u00f3n bolivariana, asediada por campa\u00f1as manipuladoras y una guerra no convencional que pretende desaparecerla.<\/span><\/p>\n<p><span class=\"text1noticias\"> <\/span><\/p>\n<p><span class=\"text1noticias\">En el Congreso de la Patria, cap\u00edtulo comunicadores, el mandatario adelant\u00f3 la v\u00edspera que la prioridad ser\u00e1 avanzar hacia Am\u00e9rica Latina y el Caribe.<\/span><\/p>\n<p><span class=\"text1noticias\"> <\/span><\/p>\n<p><span class=\"text1noticias\">Asimismo indic\u00f3 que para triunfar en esa esfera, se debe profundizar en las nuevas t\u00e9cnicas digitales, el uso de las redes sociales, incrementar la presencia comunitaria y retomar el muralismo como una v\u00eda para reflejar los alcances de conquistas sociales, antes invisibilizadas.<\/span><\/p>\n<p><span class=\"text1noticias\"> <\/span><\/p>\n<p><span class=\"text1noticias\">A juicio del periodista uruguayo nacionalizado en M\u00e9xico, Carlos Fazio, entre los invitados internacionales a ese foro, es decisiva la responsabilidad de defender la Patria en esos y otros escenarios, porque lo que se enfrenta es una arremetida brutal planificada desde Washington.<\/span><\/p>\n<p><span class=\"text1noticias\"> <\/span><\/p>\n<p><span class=\"text1noticias\">En la comunicaci\u00f3n est\u00e1 la fuerza de la palabra y la palabra es vital en la batalla de las ideas y en la b\u00fasqueda de la verdad, se\u00f1al\u00f3.<\/span><\/p>\n<p><span class=\"text1noticias\"> <\/span><\/p>\n<p><span class=\"text1noticias\">Tambi\u00e9n manifest\u00f3 que la guerra medi\u00e1tica a la que es sometida Venezuela, responde a la doctrina del Pent\u00e1gono para generar caos, zozobra en la poblaci\u00f3n, y as\u00ed justificar una intervenci\u00f3n militar.<\/span><\/p>\n<p><span class=\"text1noticias\"> <\/span><\/p>\n<p><span class=\"text1noticias\">En este caso, precis\u00f3 el tambi\u00e9n editorialista del diario La Jornada, el guion del golpe de Estado parlamentario tiene factura estadounidense y contempla una etapa de intoxicaci\u00f3n desinformativa, a trav\u00e9s de los medios de difusi\u00f3n masiva.<\/span><\/p>\n<p><span class=\"text1noticias\"> <\/span><\/p>\n<p><span class=\"text1noticias\">Fazio a\u00f1adi\u00f3 que estas estrategias forman parte de la operaci\u00f3n Venezuela Freedom, orquestado por el exjefe del Comando Sur de Estados Unidos, John Kelly, y que contin\u00faa su sucesor, el almirante Tidd Kurt.<\/span><\/p>\n<p><span class=\"text1noticias\"> <\/span><\/p>\n<p><span class=\"text1noticias\">Por su parte, el periodista y dirigente nacional del Partido Socialista Unido de Venezuela, Ernesto Villegas, record\u00f3 la importancia de la contraofensiva revolucionaria en el campo de la conciencia, de ah\u00ed la necesidad de reencontrarse con los or\u00edgenes de soberan\u00eda, lucha e independencia del periodismo venezolano.<\/span><\/p>\n<p><span class=\"text1noticias\"> <\/span><\/p>\n<p><span class=\"text1noticias\">Mientras, la diputada socialista y tambi\u00e9n periodista Tania D\u00edaz, alert\u00f3 sobre la urgencia de desenmascarar las pretensiones de una Asamblea Nacional, de mayor\u00eda circunstancial opositora al Gobierno- por abolir leyes que defienden la comunicaci\u00f3n popular.<\/span><\/p>\n<p><span class=\"text1noticias\"> <\/span><\/p>\n<p><span class=\"text1noticias\">En opini\u00f3n del ministro del ramo, Jos\u00e9 Luis Marcano, el reto impuesto por el presidente Maduro exige asumir nuevas formas de comunicar para informar de manera m\u00e1s eficiente y a partir de una plataforma \u00fanica, sin distinguir el tipo de medio y sus alcances.<\/span><\/p>\n<p><span class=\"text1noticias\"> <\/span><\/p>\n<p><span class=\"text1noticias\">En ese sentido, agreg\u00f3 que para enfrentar la guerra comunicacional, es necesario tener mayor presencia en el campo digital, pues las nuevas generaciones se comunican sobre todo a trav\u00e9s de Internet.<\/span><\/p>\n<p><span class=\"text1noticias\"> <\/span><\/p>\n<p><span class=\"text1noticias\">Al respecto, resalt\u00f3 las potencialidades existentes: m\u00e1s de 500 medios comunitarios, no menos de 15 plataformas grandes medios (televisoras, radios y prensa escrita) y m\u00e1s de cinco mil estudiantes de comunicaci\u00f3n social en la Universidad Bolivariana de Venezuela.<\/span><\/p>\n<p><span class=\"text1noticias\"> <\/span><\/p>\n<p><span class=\"text1noticias\">Chalez M\u00e9ndez, de la televisi\u00f3n comunitaria de la localidad caraque\u00f1a de Petare, a\u00f1adi\u00f3 la urgencia de cultivar en cada uno de esos profesionales las virtudes del m\u00e1s grande comunicador de las \u00faltimas dos d\u00e9cadas, el fallecido presidente Hugo Ch\u00e1vez (1954-2013) y hacer letra viva leyes como la de comunicaci\u00f3n popular, sancionada en 2015.<\/span><\/p>\n<p><span class=\"text1noticias\"> <\/span><\/p>\n<p><span class=\"text1noticias\">Es ese legado de Ch\u00e1vez, seg\u00fan Maduro, el que indica la ruta en estos tiempos convulsos: \u00abcrear conciencia de que, en la batalla de ideas, solo con la derrota de los medios de comunicaci\u00f3n burgueses se abrir\u00e1n los caminos para las grandes transformaciones sociales, econ\u00f3micas y pol\u00edticas de n<\/span>uestros pa\u00edses\u00bb.<\/p>\n<h6> 2016-06-28 10:25:27 <\/h6>\n<p><!--\n<link rel=\"stylesheet\" href=\"css\/bootstrap.min.css\">\n\n\n<ul class=\"pagination\">\n\t    \n\t\n\n<li >\n\t<a href='?page_no=19187'>Previous<\/a>\n\t<\/li>\n\n\n       \n    \n\n<li><a href='?page_no=1'>1<\/a><\/li>\n\n\n\n<li><a href='?page_no=2'>2<\/a><\/li>\n\n\n\n<li><a>...<\/a><\/li>\n\n\n\n<li><a href='?page_no=19186'>19186<\/a><\/li>\n\n\n\n<li><a href='?page_no=19187'>19187<\/a><\/li>\n\n\n\n<li class='active'><a>19188<\/a><\/li>\n\n\n\n<li><a href='?page_no=19189'>19189<\/a><\/li>\n\n\n\n<li><a href='?page_no=19190'>19190<\/a><\/li>\n\n\n\n<li><a>...<\/a><\/li>\n\n\n\n<li><a href='?page_no=51012'>51012<\/a><\/li>\n\n\n\n<li><a href='?page_no=51013'>51013<\/a><\/li>\n\n    \n\t\n\n<li >\n\t<a href='?page_no=19189'>Next<\/a>\n\t<\/li>\n\n\n    \n\n<li><a href='?page_no=51013'>Last &rsaquo;&rsaquo;<\/a><\/li>\n\n<\/ul>\n\n\n--><br \/>\n<\/body><\/p>\n","protected":false},"excerpt":{"rendered":"<p>Por Mario Hubert Garrido Caracas, 28 jun (PL) El gobierno venezolano impulsa desde hoy una cruzada para que la batalla comunicacional que libra ante una agresi\u00f3n medi\u00e1tica y planes golpistas, trascienda sus fronteras, aseguraron varias autoridades. La estrategia fue denominada por el jefe de Estado, Nicol\u00e1s Maduro, como una contraofensiva para vacunar a las sociedades [&hellip;]<\/p>\n","protected":false},"author":3,"featured_media":0,"comment_status":"open","ping_status":"open","sticky":false,"template":"","format":"standard","meta":{"footnotes":""},"categories":[23],"tags":[],"class_list":["post-249543","post","type-post","status-publish","format-standard","hentry","category-internacional"],"_links":{"self":[{"href":"https:\/\/diariodominicano.com\/index.php?rest_route=\/wp\/v2\/posts\/249543","targetHints":{"allow":["GET"]}}],"collection":[{"href":"https:\/\/diariodominicano.com\/index.php?rest_route=\/wp\/v2\/posts"}],"about":[{"href":"https:\/\/diariodominicano.com\/index.php?rest_route=\/wp\/v2\/types\/post"}],"author":[{"embeddable":true,"href":"https:\/\/diariodominicano.com\/index.php?rest_route=\/wp\/v2\/users\/3"}],"replies":[{"embeddable":true,"href":"https:\/\/diariodominicano.com\/index.php?rest_route=%2Fwp%2Fv2%2Fcomments&post=249543"}],"version-history":[{"count":0,"href":"https:\/\/diariodominicano.com\/index.php?rest_route=\/wp\/v2\/posts\/249543\/revisions"}],"wp:attachment":[{"href":"https:\/\/diariodominicano.com\/index.php?rest_route=%2Fwp%2Fv2%2Fmedia&parent=249543"}],"wp:term":[{"taxonomy":"category","embeddable":true,"href":"https:\/\/diariodominicano.com\/index.php?rest_route=%2Fwp%2Fv2%2Fcategories&post=249543"},{"taxonomy":"post_tag","embeddable":true,"href":"https:\/\/diariodominicano.com\/index.php?rest_route=%2Fwp%2Fv2%2Ftags&post=249543"}],"curies":[{"name":"wp","href":"https:\/\/api.w.org\/{rel}","templated":true}]}}