{"id":249541,"date":"2016-06-28T10:50:43","date_gmt":"2016-06-28T10:50:43","guid":{"rendered":"http:\/\/diariodominicano.ddns.net\/?p=249541"},"modified":"2016-06-28T10:50:43","modified_gmt":"2016-06-28T10:50:43","slug":"merkel-advierte-a-ru-que-no-podra-elegir-solo-lo-mejor","status":"publish","type":"post","link":"https:\/\/diariodominicano.com\/?p=249541","title":{"rendered":"Merkel advierte a RU que no podr\u00e1 \u00abelegir s\u00f3lo lo mejor\u00bb"},"content":{"rendered":"<p><body><\/p>\n<p><img decoding=\"async\" src=\"img3\/Merkel28-6.jpg\" \/>  <\/p>\n<p><span class=\"text1noticias\"> <\/span><\/p>\n<p><span class=\"text1noticias\">     BERLIN, 28 jun (Xinhua) &#8212; La canciller alemana Angela Merkel advirti\u00f3 hoy que Reino Unido no debe esperar conservar los privilegios que ten\u00eda antes sin cumplir ciertas obligaciones en las negociaciones sobre sus nuevas relaciones con la Uni\u00f3n Europea (UE).  <\/span><\/p>\n<p><span class=\"text1noticias\"> <\/span><\/p>\n<p><span class=\"text1noticias\">      \u00abNos aseguraremos de que las negociaciones no se gu\u00eden por el principio de &#8216;elegir s\u00f3lo lo mejor'\u00bb, dijo Merkel a la c\u00e1mara baja del Parlamento alem\u00e1n antes de salir con rumbo a Bruselas para una cumbre con los l\u00edderes europeos.<\/span><\/p>\n<p><span class=\"text1noticias\"> <\/span><\/p>\n<p><span class=\"text1noticias\">     \u00abDebe haber una diferencia apreciable entre un pa\u00eds que desea ser miembro de la UE y uno que no lo desea\u00bb, dijo. \u00abQuien desee dejar esta familia no puede esperar perder todas las obligaciones y mantener los privilegios\u00bb.<\/span><\/p>\n<p><span class=\"text1noticias\"> <\/span><\/p>\n<p><span class=\"text1noticias\">     Merkel agreg\u00f3 que Reino Unido, pa\u00eds que la semana pasada opt\u00f3 por abandonar la UE, no tendr\u00e1 acceso al mercado europeo \u00fanico sin aceptar obligaciones como la libertad de tr\u00e1nsito y mencion\u00f3 a Noruega, pa\u00eds que acept\u00f3 la migraci\u00f3n libre procedente de la UE a cambio de acceso al mercado interno.<\/span><\/p>\n<p><span class=\"text1noticias\"> <\/span><\/p>\n<p><span class=\"text1noticias\">     \u00abEsto aplica a Reino Unido y a todos los dem\u00e1s\u00bb, dijo.<\/span><\/p>\n<p><span class=\"text1noticias\"> <\/span><\/p>\n<p><span class=\"text1noticias\">       La canciller alemana reiter\u00f3 que no habr\u00e1 negociaciones formales o informales sobre las relaciones futuras de Reino Unido con la UE hasta que el pa\u00eds notifique de manera formal su intenci\u00f3n de irse.<\/span><\/p>\n<p><span class=\"text1noticias\"> <\/span><\/p>\n<p><span class=\"text1noticias\">      Mientras Reino Unido no salga formalmente del bloque, el pa\u00eds seguir\u00e1 siendo miembro de la UE y \u00abtodos los derechos y obligaciones seguir\u00e1n aplic\u00e1ndose a ambas partes\u00bb.<\/span><\/p>\n<p><span class=\"text1noticias\"> <\/span><\/p>\n<p><span class=\"text1noticias\">     Merkel expres\u00f3 su confianza en que la UE sea \u00absuficientemente fuerte\u00bb para tolerar la retirada de Reino Unido.<\/span><\/p>\n<p><span class=\"text1noticias\"> <\/span><\/p>\n<p><span class=\"text1noticias\">       \u00abTodas las sugerencias que puedan sacar a la UE de esta crisis ser\u00e1n bienvenidas\u00bb, dijo, y agreg\u00f3 que tanto ella como el gobierno alem\u00e1n har\u00e1n todo lo posible por impedir que las fuerzas nacionalistas de la UE se for<\/span>talezcan.<\/p>\n<h6> 2016-06-28 10:50:43 <\/h6>\n<p><!--\n<link rel=\"stylesheet\" href=\"css\/bootstrap.min.css\">\n\n\n<ul class=\"pagination\">\n\t    \n\t\n\n<li >\n\t<a href='?page_no=19185'>Previous<\/a>\n\t<\/li>\n\n\n       \n    \n\n<li><a href='?page_no=1'>1<\/a><\/li>\n\n\n\n<li><a href='?page_no=2'>2<\/a><\/li>\n\n\n\n<li><a>...<\/a><\/li>\n\n\n\n<li><a href='?page_no=19184'>19184<\/a><\/li>\n\n\n\n<li><a href='?page_no=19185'>19185<\/a><\/li>\n\n\n\n<li class='active'><a>19186<\/a><\/li>\n\n\n\n<li><a href='?page_no=19187'>19187<\/a><\/li>\n\n\n\n<li><a href='?page_no=19188'>19188<\/a><\/li>\n\n\n\n<li><a>...<\/a><\/li>\n\n\n\n<li><a href='?page_no=51012'>51012<\/a><\/li>\n\n\n\n<li><a href='?page_no=51013'>51013<\/a><\/li>\n\n    \n\t\n\n<li >\n\t<a href='?page_no=19187'>Next<\/a>\n\t<\/li>\n\n\n    \n\n<li><a href='?page_no=51013'>Last &rsaquo;&rsaquo;<\/a><\/li>\n\n<\/ul>\n\n\n--><br \/>\n<\/body><\/p>\n","protected":false},"excerpt":{"rendered":"<p>BERLIN, 28 jun (Xinhua) &#8212; La canciller alemana Angela Merkel advirti\u00f3 hoy que Reino Unido no debe esperar conservar los privilegios que ten\u00eda antes sin cumplir ciertas obligaciones en las negociaciones sobre sus nuevas relaciones con la Uni\u00f3n Europea (UE). \u00abNos aseguraremos de que las negociaciones no se gu\u00eden por el principio de &#8216;elegir s\u00f3lo [&hellip;]<\/p>\n","protected":false},"author":3,"featured_media":0,"comment_status":"open","ping_status":"open","sticky":false,"template":"","format":"standard","meta":{"footnotes":""},"categories":[23],"tags":[],"class_list":["post-249541","post","type-post","status-publish","format-standard","hentry","category-internacional"],"_links":{"self":[{"href":"https:\/\/diariodominicano.com\/index.php?rest_route=\/wp\/v2\/posts\/249541","targetHints":{"allow":["GET"]}}],"collection":[{"href":"https:\/\/diariodominicano.com\/index.php?rest_route=\/wp\/v2\/posts"}],"about":[{"href":"https:\/\/diariodominicano.com\/index.php?rest_route=\/wp\/v2\/types\/post"}],"author":[{"embeddable":true,"href":"https:\/\/diariodominicano.com\/index.php?rest_route=\/wp\/v2\/users\/3"}],"replies":[{"embeddable":true,"href":"https:\/\/diariodominicano.com\/index.php?rest_route=%2Fwp%2Fv2%2Fcomments&post=249541"}],"version-history":[{"count":0,"href":"https:\/\/diariodominicano.com\/index.php?rest_route=\/wp\/v2\/posts\/249541\/revisions"}],"wp:attachment":[{"href":"https:\/\/diariodominicano.com\/index.php?rest_route=%2Fwp%2Fv2%2Fmedia&parent=249541"}],"wp:term":[{"taxonomy":"category","embeddable":true,"href":"https:\/\/diariodominicano.com\/index.php?rest_route=%2Fwp%2Fv2%2Fcategories&post=249541"},{"taxonomy":"post_tag","embeddable":true,"href":"https:\/\/diariodominicano.com\/index.php?rest_route=%2Fwp%2Fv2%2Ftags&post=249541"}],"curies":[{"name":"wp","href":"https:\/\/api.w.org\/{rel}","templated":true}]}}