{"id":249540,"date":"2016-06-28T15:41:29","date_gmt":"2016-06-28T15:41:29","guid":{"rendered":"http:\/\/diariodominicano.ddns.net\/?p=249540"},"modified":"2016-06-28T15:41:29","modified_gmt":"2016-06-28T15:41:29","slug":"los-lideres-europeos-presionan-a-cameron-para-iniciar-el-divorcio-rapidamente","status":"publish","type":"post","link":"https:\/\/diariodominicano.com\/?p=249540","title":{"rendered":"Los l\u00edderes europeos presionan a Cameron para iniciar el divorcio \u00abr\u00e1pidamente\u00bb&#13;"},"content":{"rendered":"<p><body><\/p>\n<p><img decoding=\"async\" src=\"img3\/215c0c129afb516d5d175379b91a530f4d7413a3.jpg\" \/><br \/><img decoding=\"async\" src=\"img3\/af6c73afd8c518a53800168600bc20512d58bdf3.jpg\" \/><br \/><img decoding=\"async\" src=\"img3\/744d6993f488d7b77d639e9036a2752aa06d5b05.jpg\" \/>  <\/p>\n<\/p>\n<p>AFP \/ Philippe Huguen<\/p>\n<p>El primer ministro brit\u00e1nico, David Cameron, a su llegada a la cumbre de la Uni\u00f3n Europea (UE) en Bruselas el 28 de junio de 2016<\/p>\n<p>Los l\u00edderes de la Uni\u00f3n Europea pidieron este martes al primer ministro brit\u00e1nico, David Cameron, que active el divorcio con el bloque \u00abr\u00e1pidamente\u00bb y le advirtieron de que no tendr\u00e1 un trato especial.<\/p>\n<p>Al llegar a una cumbre en Bruselas, la primera desde el referendo del jueves, la canciller alemana, Angela Merkel, repiti\u00f3 que esperaba una notificaci\u00f3n formal del Gobierno brit\u00e1nico para empezar una negociaci\u00f3n, descartando que hubiera antes de ello negociaciones informales.<\/p>\n<p>Merkel hab\u00eda advertido esta ma\u00f1ana de que el Reino Unido no puede esperar una \u00abselecci\u00f3n [de la UE] a la carta\u00bb en el proceso de negociaci\u00f3n, es decir, que los brit\u00e1nicos no pueden esperar mantener privilegios de la UE sin compartir las obligaciones.<\/p>\n<p>El presidente franc\u00e9s, Fran\u00e7ois Hollande, respald\u00f3 esa postura e insisti\u00f3, como lo hizo junto a Merkel y el italiano Matteo Renzi el lunes, en que deb\u00edan \u00abiniciar lo m\u00e1s r\u00e1pidamente posible el procedimiento de salida (&#8230;) para luego empezar las negociaciones\u00bb.<\/p>\n<p>\u00abSin notificaci\u00f3n no hay negociaci\u00f3n\u00bb, zanj\u00f3 por la ma\u00f1ana ante el pleno de la Euroc\u00e1mara el presidente de la Comisi\u00f3n Europea, Jean-Claude Juncker, que prohibi\u00f3 adem\u00e1s a los comisarios europeos \u00abdiscutir con los representantes brit\u00e1nicos\u00bb y llevar a cabo cualquier \u00abnegociaci\u00f3n secreta\u00bb.<\/p>\n<p>&#8211; &#8216;No damos la espalda a Europa&#8217; &#8211;<\/p>\n<p>\u00abEuropa est\u00e1 lista para iniciar el proceso de divorcio desde hoy mismo, sin ning\u00fan entusiasmo como pueden imaginar\u00bb, insisti\u00f3 por su parte el presidente del Consejo Europeo, Donald Tusk.<\/p>\n<\/p>\n<p>AFP \/ Odd Andersen<\/p>\n<p>Transe\u00fantes en el centro de Londres, frente al Puente de la Torre, el 27 de junio de 2016<\/p>\n<p>Cameron, al llegar a la cumbre, subray\u00f3 que el Reino Unido no le est\u00e1 dando \u00abla espalda a Europa\u00bb porque quiere salir del bloque.<\/p>\n<p>\u00abEsos pa\u00edses son vecinos, amigos, aliados y socios\u00bb, destac\u00f3, pero subray\u00f3 que quer\u00eda que el proceso de divorcio fuera \u00ablo m\u00e1s constructivo posible\u00bb.<\/p>\n<p>El primer ministro brit\u00e1nico, sin embargo, no tiene intenci\u00f3n de invocar el art\u00edculo 50 de los tratados europeos, aquel que define las modalidades de la salida de un pa\u00eds de la UE en un plazo de dos a\u00f1os.<\/p>\n<p>La negociaci\u00f3n de salida del Reino Unido la llevar\u00eda su sucesor, cuyo nombre se conocer\u00e1 el 9 de septiembre, al t\u00e9rmino de las elecciones internas del Partido Conservador.<\/p>\n<\/p>\n<p>AFP \/ Daniel Leal-Olivas<\/p>\n<p>El l\u00edder laborista brit\u00e1nico, Jeremy Corbyn (izq), en el centro de Londres el 28 de junio de 2016<\/p>\n<p>\u00abDej\u00e9mosles un poco de tiempo. Inglaterra se encuentra actualmente hundida en el plano pol\u00edtico, monetario, constitucional y econ\u00f3mico, por lo que no es razonable actualmente que invoquen el art\u00edculo 50\u00bb, estim\u00f3 el primer ministro holand\u00e9s, Mark Rutte, cuyo pa\u00eds preside la UE.<\/p>\n<p>&#8211; La UE, s\u00f3lida para &#8216;superar&#8217; la crisis &#8211;<\/p>\n<p>El resultado del refer\u00e9ndum abri\u00f3 una crisis de consecuencias desconocidas, tanto en el Reino Unido como en la Uni\u00f3n Europea. Los mercados financieros la recibieron como un azote y Gran Breta\u00f1a perdi\u00f3 la mejor calificaci\u00f3n financiera.<\/p>\n<p>Londres asegur\u00f3 que la econom\u00eda brit\u00e1nica \u00abest\u00e1 preparada\u00bb para afrontar el periodo de crisis. Este martes, Merkel afirm\u00f3 que la UE tambi\u00e9n.<\/p>\n<\/p>\n<p>AFP \/ Kun TIAN, Sophie RAMIS, Alain BOMMENEL<\/p>\n<p>El art\u00edculo 50 y el Brexit<\/p>\n<p>El bloque \u00abes lo suficientemente fuerte para superar la salida del Reino Unido. Es lo suficientemente fuerte para seguir adelante incluso con 27 miembros\u00bb, asegur\u00f3.<\/p>\n<p>A la inestabilidad generada por el referendo se agrega el temor a que el Brexit, que da fuelle a los partidos antieuropeos, se contagie a otros pa\u00edses.<\/p>\n<p>Para cortar de cuajo toda veleidad en el resto del bloque, los mandatarios de Francia, Alemania e Italia prometieron el lunes en Berl\u00edn dar \u00abun nuevo impulso\u00bb a la Uni\u00f3n Europea, que presentar\u00e1n al resto de los jefes de Estado y de Gobierno de la UE \u00aben los pr\u00f3ximos meses\u00bb.<\/p>\n<p>A falta de ideas, Merkel desliz\u00f3 que \u00abcualquier propuesta [de los Estados miembros] que permita una salida de la crisis de la UE manteniendo los 27 es bienvenida\u00bb.<\/p>\n<p>&#8211; Gran Breta\u00f1a fuera de la mesa &#8211;<\/p>\n<p>El mi\u00e9rcoles, en el segundo d\u00eda de la cumbre, los mandatarios se reunir\u00e1n sin David Cameron alrededor de la mesa, dando una primera imagen de lo que ser\u00e1 el futuro de la Uni\u00f3n sin el Reino Unido.<\/p>\n<p>En un golpe de efecto inesperado, el mi\u00e9rcoles llegar\u00e1 a Bruselas la jefa de Gobierno escocesa, Nicola Sturgeon, para reunirse con l\u00edderes del Parlamento Europeo y el presidente de la Comisi\u00f3n.<\/p>\n<p>Escocia est\u00e1 decidida a defender su permanencia en la UE. El &#8216;no&#8217; a Europa en el refer\u00e9ndum del jueves despert\u00f3 las gabas independentistas del pueblo escoc\u00e9s, que en septiembre de 2014 no logr\u00f3 en una consulta la mayor\u00eda para separarse del Reino Unido.<\/p>\n<p>Por su parte, el l\u00edder opositor brit\u00e1nico, el laborista Jeremy Corbyn, perdi\u00f3 una moci\u00f3n de censura este martes, con 172 votos de diputados en su contra y 40 a favor, a causa del resultado del refer\u00e9ndum del Brexit.<\/p>\n<p>La moci\u00f3n no obliga a Corbyn, de 69 a\u00f1os, a abandonar el cargo, puesto que debe ser ratificada por los afiliados del partido, pero pone en una situaci\u00f3n muy dif\u00edcil al veterano pol\u00edtico socialista, acusado de falta de liderazgo durante la campa\u00f1a del refer\u00e9ndum.<\/p>\n<p>\u00abEl Brexit es un desaf\u00edo para todos, no s\u00f3lo para Gran Breta\u00f1a\u00bb, dijo la presidenta lituana, Dalia Grybauskait\u00e9.<\/p>\n<p>En momentos en que la UE se desgarra, el presidente de Estados Unidos, Barack Obama, pidi\u00f3 no ceder a la \u00abhisteria\u00bb internacional que cre\u00f3 el Brexit, explicando que la votaci\u00f3n era un reflejo \u00abde los cambios en curso y los desaf\u00edos por la globalizaci\u00f3n\u00bb.<\/p>\n<p>28JUN2016<\/p>\n<\/p>\n<\/p>\n<p>0<\/p>\n<p>ANTERIOR  RETORNAR<\/p>\n<p>Bolet\u00edn AFP<\/p>\n<\/p>\n<p>Suscr\u00edbase al bolet\u00edn informativo de AFP<\/p>\n<\/p>\n<p>user@example.com<\/p>\n<p>OK<\/p>\n<p>La red mundial de AFP<\/p>\n<p>200 oficinas en 150 pa\u00edsesAmpliar<\/p>\n<p>Contacto AFP<\/p>\n<p>\u00bfDesea compartir una informaci\u00f3n, un comentario? Escr\u00edbanos a&#8230;MAILFACEBOOKTWITTER<\/p>\n<h6> 2016-06-28 15:41:29 <\/h6>\n<p><!--\n<link rel=\"stylesheet\" href=\"css\/bootstrap.min.css\">\n\n\n<ul class=\"pagination\">\n\t    \n\t\n\n<li >\n\t<a href='?page_no=19184'>Previous<\/a>\n\t<\/li>\n\n\n       \n    \n\n<li><a href='?page_no=1'>1<\/a><\/li>\n\n\n\n<li><a href='?page_no=2'>2<\/a><\/li>\n\n\n\n<li><a>...<\/a><\/li>\n\n\n\n<li><a href='?page_no=19183'>19183<\/a><\/li>\n\n\n\n<li><a href='?page_no=19184'>19184<\/a><\/li>\n\n\n\n<li class='active'><a>19185<\/a><\/li>\n\n\n\n<li><a href='?page_no=19186'>19186<\/a><\/li>\n\n\n\n<li><a href='?page_no=19187'>19187<\/a><\/li>\n\n\n\n<li><a>...<\/a><\/li>\n\n\n\n<li><a href='?page_no=51012'>51012<\/a><\/li>\n\n\n\n<li><a href='?page_no=51013'>51013<\/a><\/li>\n\n    \n\t\n\n<li >\n\t<a href='?page_no=19186'>Next<\/a>\n\t<\/li>\n\n\n    \n\n<li><a href='?page_no=51013'>Last &rsaquo;&rsaquo;<\/a><\/li>\n\n<\/ul>\n\n\n--><br \/>\n<\/body><\/p>\n","protected":false},"excerpt":{"rendered":"<p>AFP \/ Philippe Huguen El primer ministro brit\u00e1nico, David Cameron, a su llegada a la cumbre de la Uni\u00f3n Europea (UE) en Bruselas el 28 de junio de 2016 Los l\u00edderes de la Uni\u00f3n Europea pidieron este martes al primer ministro brit\u00e1nico, David Cameron, que active el divorcio con el bloque \u00abr\u00e1pidamente\u00bb y le advirtieron [&hellip;]<\/p>\n","protected":false},"author":3,"featured_media":0,"comment_status":"open","ping_status":"open","sticky":false,"template":"","format":"standard","meta":{"footnotes":""},"categories":[23],"tags":[],"class_list":["post-249540","post","type-post","status-publish","format-standard","hentry","category-internacional"],"_links":{"self":[{"href":"https:\/\/diariodominicano.com\/index.php?rest_route=\/wp\/v2\/posts\/249540","targetHints":{"allow":["GET"]}}],"collection":[{"href":"https:\/\/diariodominicano.com\/index.php?rest_route=\/wp\/v2\/posts"}],"about":[{"href":"https:\/\/diariodominicano.com\/index.php?rest_route=\/wp\/v2\/types\/post"}],"author":[{"embeddable":true,"href":"https:\/\/diariodominicano.com\/index.php?rest_route=\/wp\/v2\/users\/3"}],"replies":[{"embeddable":true,"href":"https:\/\/diariodominicano.com\/index.php?rest_route=%2Fwp%2Fv2%2Fcomments&post=249540"}],"version-history":[{"count":0,"href":"https:\/\/diariodominicano.com\/index.php?rest_route=\/wp\/v2\/posts\/249540\/revisions"}],"wp:attachment":[{"href":"https:\/\/diariodominicano.com\/index.php?rest_route=%2Fwp%2Fv2%2Fmedia&parent=249540"}],"wp:term":[{"taxonomy":"category","embeddable":true,"href":"https:\/\/diariodominicano.com\/index.php?rest_route=%2Fwp%2Fv2%2Fcategories&post=249540"},{"taxonomy":"post_tag","embeddable":true,"href":"https:\/\/diariodominicano.com\/index.php?rest_route=%2Fwp%2Fv2%2Ftags&post=249540"}],"curies":[{"name":"wp","href":"https:\/\/api.w.org\/{rel}","templated":true}]}}