{"id":249539,"date":"2016-06-28T16:42:40","date_gmt":"2016-06-28T16:42:40","guid":{"rendered":"http:\/\/diariodominicano.ddns.net\/?p=249539"},"modified":"2016-06-28T16:42:40","modified_gmt":"2016-06-28T16:42:40","slug":"al-menos-28-muertos-en-triple-atentado-suicida-en-aeropuerto-de-estambul","status":"publish","type":"post","link":"https:\/\/diariodominicano.com\/?p=249539","title":{"rendered":"Al menos 28 muertos en triple atentado suicida en aeropuerto de Estambul&#13;"},"content":{"rendered":"<p><body><\/p>\n<p><img decoding=\"async\" src=\"img3\/63355c08232c3d09fda89af8e22b040567f5e639.jpg\" \/><br \/><img decoding=\"async\" src=\"img3\/84c247e7bbae8e916934fb77edde95dc9fd60c5b.jpg\" \/>  <\/p>\n<\/p>\n<p>AFP \/ Ozan Koze<\/p>\n<p>Un grupo de personas espera a las afueras del aeropuerto de Ataturk luego del triple atentado suicida el 28 de junio de 2016 en Estanbul<\/p>\n<p>Al menos 28 personas murieron y 60 resultaron heridas el martes por la noche en un triple atentado suicida en el aeropuerto internacional de Estambul, anunci\u00f3 el gobernador de esta megal\u00f3polis turca.<\/p>\n<p>\u00abTres kamikazes llevaron a cabo el ataque. 28 personas fallecieron y 60 resultaron heridas\u00bb, indic\u00f3 Vasip Sahin a periodistas.<\/p>\n<p>Todos los vuelos en el aeropuerto internacional Atat\u00fcrk de Estambul tras el atentado, seg\u00fan medios de comunicaci\u00f3n turcos.<\/p>\n<p>Este aeropuerto ubicado en la parte europea de Estambul es uno de los m\u00e1s concurridos del mundo.<\/p>\n<\/p>\n<\/p>\n<p><strong> Al menos 10 muertos en atentado suicida en aeropuerto de Estambul<\/strong><\/p>\n<\/p>\n<\/p>\n<p>AFP\/Archivos \/ Ozan Kose<\/p>\n<p>El aeropuerto Ataturk de Estambul el 15 de mayo de 2013<\/p>\n<p>Al menos 10 personas murieron y 20 resultaron heridas este martes por la noche en un atentado suicida en el aeropuerto internacional de Estambul, el m\u00e1s grande de Turqu\u00eda, anunci\u00f3 el ministro turco de Justicia, Bekir Bozdag.<\/p>\n<p>\u00abLamentablemente diez personas fallecieron, seg\u00fan un primer balance\u00bb, dijo Bekir Bozdag en el Parlamento, en Ankara.<\/p>\n<p>\u00abUn terrorista comenz\u00f3 a disparar con un Kalashnikov y luego se hizo estallar\u00bb, detall\u00f3 Bozdag ante los diputados.<\/p>\n<\/p>\n<p>AFP \/ Nicolas RAMALLO<\/p>\n<p>Atentado en Turqu\u00eda<\/p>\n<p>Seg\u00fan testigos citados por la cadena de noticias CNN, dos violentas explosiones se produjeron en una terminal del aeropuerto de Atat\u00fcrk, seguidas de disparos.<\/p>\n<p>\u00abFue muy fuerte, todo el mundo entr\u00f3 en p\u00e1nico y comenz\u00f3 a correr por todas partes\u00bb, dijo uno de ellos a CNN-T\u00fcrk.<\/p>\n<p>M\u00e1s de una docena de ambulancias fueron enviadas al aeropuerto, indic\u00f3 CNN.<\/p>\n<p>Fotos difundidas en las redes sociales mostraban graves da\u00f1os dentro de la terminal y pasajeros yaciendo en el suelo.<\/p>\n<p>Turqu\u00eda ha sido blanco de varios atentados desde el a\u00f1o pasado, atribuidos a los rebeldes kurdos y al grupo yihadista Estado Isl\u00e1mico (EI).<\/p>\n<h6> 2016-06-28 16:42:40 <\/h6>\n<p><!--\n<link rel=\"stylesheet\" href=\"css\/bootstrap.min.css\">\n\n\n<ul class=\"pagination\">\n\t    \n\t\n\n<li >\n\t<a href='?page_no=19183'>Previous<\/a>\n\t<\/li>\n\n\n       \n    \n\n<li><a href='?page_no=1'>1<\/a><\/li>\n\n\n\n<li><a href='?page_no=2'>2<\/a><\/li>\n\n\n\n<li><a>...<\/a><\/li>\n\n\n\n<li><a href='?page_no=19182'>19182<\/a><\/li>\n\n\n\n<li><a href='?page_no=19183'>19183<\/a><\/li>\n\n\n\n<li class='active'><a>19184<\/a><\/li>\n\n\n\n<li><a href='?page_no=19185'>19185<\/a><\/li>\n\n\n\n<li><a href='?page_no=19186'>19186<\/a><\/li>\n\n\n\n<li><a>...<\/a><\/li>\n\n\n\n<li><a href='?page_no=51012'>51012<\/a><\/li>\n\n\n\n<li><a href='?page_no=51013'>51013<\/a><\/li>\n\n    \n\t\n\n<li >\n\t<a href='?page_no=19185'>Next<\/a>\n\t<\/li>\n\n\n    \n\n<li><a href='?page_no=51013'>Last &rsaquo;&rsaquo;<\/a><\/li>\n\n<\/ul>\n\n\n--><br \/>\n<\/body><\/p>\n","protected":false},"excerpt":{"rendered":"<p>AFP \/ Ozan Koze Un grupo de personas espera a las afueras del aeropuerto de Ataturk luego del triple atentado suicida el 28 de junio de 2016 en Estanbul Al menos 28 personas murieron y 60 resultaron heridas el martes por la noche en un triple atentado suicida en el aeropuerto internacional de Estambul, anunci\u00f3 [&hellip;]<\/p>\n","protected":false},"author":3,"featured_media":0,"comment_status":"open","ping_status":"open","sticky":false,"template":"","format":"standard","meta":{"footnotes":""},"categories":[23],"tags":[],"class_list":["post-249539","post","type-post","status-publish","format-standard","hentry","category-internacional"],"_links":{"self":[{"href":"https:\/\/diariodominicano.com\/index.php?rest_route=\/wp\/v2\/posts\/249539","targetHints":{"allow":["GET"]}}],"collection":[{"href":"https:\/\/diariodominicano.com\/index.php?rest_route=\/wp\/v2\/posts"}],"about":[{"href":"https:\/\/diariodominicano.com\/index.php?rest_route=\/wp\/v2\/types\/post"}],"author":[{"embeddable":true,"href":"https:\/\/diariodominicano.com\/index.php?rest_route=\/wp\/v2\/users\/3"}],"replies":[{"embeddable":true,"href":"https:\/\/diariodominicano.com\/index.php?rest_route=%2Fwp%2Fv2%2Fcomments&post=249539"}],"version-history":[{"count":0,"href":"https:\/\/diariodominicano.com\/index.php?rest_route=\/wp\/v2\/posts\/249539\/revisions"}],"wp:attachment":[{"href":"https:\/\/diariodominicano.com\/index.php?rest_route=%2Fwp%2Fv2%2Fmedia&parent=249539"}],"wp:term":[{"taxonomy":"category","embeddable":true,"href":"https:\/\/diariodominicano.com\/index.php?rest_route=%2Fwp%2Fv2%2Fcategories&post=249539"},{"taxonomy":"post_tag","embeddable":true,"href":"https:\/\/diariodominicano.com\/index.php?rest_route=%2Fwp%2Fv2%2Ftags&post=249539"}],"curies":[{"name":"wp","href":"https:\/\/api.w.org\/{rel}","templated":true}]}}