{"id":249538,"date":"2016-06-29T02:17:34","date_gmt":"2016-06-29T02:17:34","guid":{"rendered":"http:\/\/diariodominicano.ddns.net\/?p=249538"},"modified":"2016-06-29T02:17:34","modified_gmt":"2016-06-29T02:17:34","slug":"triple-atentado-suicida-en-aeropuerto-de-estambul-deja-36-muertos-y-147-heridos","status":"publish","type":"post","link":"https:\/\/diariodominicano.com\/?p=249538","title":{"rendered":"Triple atentado suicida en aeropuerto de Estambul deja 36 muertos y 147 heridos"},"content":{"rendered":"<p><body><\/p>\n<p><img decoding=\"async\" src=\"img3\/36353a55628074d0d88c0eb813f75f20a0bf3df1.jpg\" \/><br \/><img decoding=\"async\" src=\"img3\/f067b4f1acd0993dcc0af69a47ea6fd5e1a6f7f5.jpg\" \/><br \/><img decoding=\"async\" src=\"img3\/de8b28fe8162a9e0faf9009223b1a0afeff74cf1.jpg\" \/>  <\/p>\n<p>29 Jun 2016<\/p>\n<p>AddThis Sharing ButtonsShare to FacebookShare to TwitterShare to Google+Share to M\u00e1s&#8230;<\/p>\n<\/p>\n<p>ILHAS NEWS AGENCY\/AFP \/ &#8211;<\/p>\n<p>Trabajadores de los servicios de emergencia asisten a los heridos tras un atentado suicida en el aeropuerto de Estambul el 28 de junio de 2016<\/p>\n<p>Al menos 36 personas murieron y 147 resultaron heridas en un triple atentado suicida el martes en el aeropuerto internacional de Estambul, ataque que el gobierno turco sospecha fue responsabilidad del grupo Estado Isl\u00e1mico.<\/p>\n<p>Im\u00e1genes de terror fueron difundidas por la televisi\u00f3n y en las redes sociales sobre este ataque, a\u00fan no reivindicado.<\/p>\n<p>\u00abSeg\u00fan las \u00faltimas informaciones, 36 personas perdieron la vida\u00bb inform\u00f3 el primer ministro Bimali Yildrim a los periodistas en el aeropuerto de Ataturk, en el sector europeo de Estambul.<\/p>\n<\/p>\n<p>AFP \/ Ozan Kose<\/p>\n<p>Un polic\u00eda turco marca el per\u00edmetro de seguridad en las afueras del aeropuerto internacional de Estambul el 28 de junio de 2016<\/p>\n<p>El jefe del gobierno turco dijo tambien que \u00ablos indicios apuntan a Daesh\u00bb (acr\u00f3nimo en \u00e1rabe de Estado Isl\u00e1mico) por la autor\u00eda del ataque.<\/p>\n<p>Por su lado el ministro de Justicia Bekir Bozdag precis\u00f3 que 147 personas resultaron heridas.<\/p>\n<p>Un canal de televisi\u00f3n difundi\u00f3 una impresionante secuencia en la que se ve a un polic\u00eda disparando a un atacante y \u00e9ste, herido, cae al suelo y acciona sus explosivos.<\/p>\n<p>&#8211; Un tiroteo inici\u00f3 el ataque &#8211;<\/p>\n<\/p>\n<p>AFP \/ Nicolas RAMALLO<\/p>\n<p>Atentado en Turqu\u00eda<\/p>\n<p>Seg\u00fan las autoridades, tres atacantes comenzaron a disparar con fusiles de asalto sobre los pasajeros y la polic\u00eda. Cuando los polic\u00edas en el sitio comenzaron a responder, los atacantes hicieron estallar sus explosivos.<\/p>\n<p>\u00abTres kamikazes llevaron a cabo el ataque\u00bb, explic\u00f3 a los periodistas por su lado el gobernador de Estambul, Vasip Sahin.<\/p>\n<p>Im\u00e1genes subidas a las redes sociales mostraban pasajeros tendidos en el suelo y carros de equipaje volcados al parecer como consecuencia de la explosi\u00f3n.<\/p>\n<p>En videos tambi\u00e9n subidos a las redes se ve una bola de fuego tras una explosi\u00f3n y pasajeros que corren desesperados gritando en p\u00e1nico.<\/p>\n<\/p>\n<p>AFP \/ Ozan Kose<\/p>\n<p>Un grupo de pasajeros aguarda con su equipaje en las afueras del aeropuerto internacional de Estambul el 28 de junio de 2016<\/p>\n<p>Un fot\u00f3grafo de la AFP pudo ver en el suelo de la estaci\u00f3n a\u00e9rea varios cad\u00e1veres cubiertos con s\u00e1banas y rodeados de equipajes abandonados, todo custodiado por cientos de bomberos y polic\u00edas.<\/p>\n<p>Fotograf\u00edas de medios de prensa mostraron varios heridos evacuados a las aceras externas al aeropuerto donde concurr\u00edan al menos una docena de ambulancias para trasladarlos a distintos hospitales.<\/p>\n<p>Oftah Mohammed Abdullah, una mujer que no precis\u00f3 su nacionalidad relat\u00f3 a la AFP que uno de los atacantes \u00abten\u00eda una bufanda rosa y una chaqueta corta, bajo la cual escond\u00eda un fusil. El sac\u00f3 el arma y comenz\u00f3 a disparar mientras caminaba como un profeta\u00bb\u00bb.<\/p>\n<p>\u00abEsperaba mi vuelo para Tokio y repentinamente vi que la gente comenz\u00f3 a correr, Se escucharon disparos y fue el p\u00e1nico\u00b7 relat\u00f3 a la AFP la japonesa Yumi Koyi.<\/p>\n<p>El ataque ocurri\u00f3 en los mostradores de salidas internacionales hacia las 22h00 locales (19h00 GMT)<\/p>\n<p>De inmediato el aeropuerto fue bloqueado por un impresionante operativo policial, mientras converg\u00edan una tras otra las ambulancias para dar auxilio a las v\u00edctimas.<\/p>\n<p>Se escucharon explosiones. \u00abFue muy fuerte, todo el mundo entr\u00f3 en p\u00e1nico y comenz\u00f3 a correr por todas partes\u00bb, dijo un testigo a la cadena televisiva de noticias CNN-T\u00fcrk.<\/p>\n<p>&#8211; Presidente turco convoca a lucha mundial &#8211;<\/p>\n<\/p>\n<p>AFP \/ Okan Kose<\/p>\n<p>Un agente de la polic\u00eda turca custodia la entrada del aeropuerto de Estambul el 28 de junio de 2016<\/p>\n<p>Desde la capital Ankara el presidente turco Recep Tayyip Erdogan lanz\u00f3 un llamado internacional a una \u00ablucha conjunta\u00bb.<\/p>\n<p>\u00abEspero que este ataque contra el aeropuerto Ataturk sea un punto de inflexi\u00f3n para la lucha com\u00fan que hay que ejecutar, con los pa\u00edses occidentales a la cabeza, y sobre todo el planeta contra las organizaciones terroristas\u00bb dijo Erdogan a trav\u00e9s de un comunicado.<\/p>\n<p>\u00abEsta ataque, perpetrado durante el mes del Ramad\u00e1n, muestra que el terrorismo golpea sin consideraci\u00f3n de f\u00e9 ni de valores\u00bb agreg\u00f3 Erdogan.<\/p>\n<p>\u00abSeguimos firmes en nuestro apoyo a Turqu\u00eda, nuestro aliado en la OTAN y socio\u00bb declar\u00f3 en Washington el portavoz de la Casa Blanca, JOsh Earnest a trav\u00e9s de un comunicado en el que se defini\u00f3 como \u00abatroz\u00bb el ataque.<\/p>\n<p>\u00abEl mundo est\u00e1 aterrado y horrorizado\u00bb, afirm\u00f3 el candidato republicano a la Casa Blanca, Donald Trump.<\/p>\n<\/p>\n<p>AFP \/ Ozan Kose<\/p>\n<p>Polic\u00edas forenses trabajan en el aeropuerto de Estambul tras el triple atentado suicida el 28 de junio de 2016<\/p>\n<p>La candidata dem\u00f3crata, Hillary Clinton, estim\u00f3 que \u00abtodos los estadounidenses deben mostrarse unidos con el pueblo turco frente a esta campa\u00f1a de odio y de violencia\u00bb.<\/p>\n<p>El presidente franc\u00e9s Francois Hollande calific\u00f3 el ataque como un \u00abacto abominable\u00bb y llam\u00f3 \u00e9l tambi\u00e9n a un refuerzo de la cooperaci\u00f3n internacional en la lucha contra estos ataques.<\/p>\n<p>&#8211; Vuelos suspendidos &#8211;<\/p>\n<p>Entretanto el aeropuerto, por el que el a\u00f1o pasado circularon 60 millones de pasajeros, hab\u00eda cancelado sus salidas y llegadas.<\/p>\n<p>\u00abPuedo confirmar que todos los vuelos que deb\u00edan llegar aqu\u00ed fueron desviados a aeropuertos cercanos\u00bb dijo a la AFP un responsable de la estaci\u00f3n a\u00e9rea.<\/p>\n<p>Turqu\u00eda ha sido blanco de varios atentados desde el a\u00f1o pasado, atribuidos a los rebeldes kurdos y al grupo yihadista Estado Isl\u00e1mico (EI).<\/p>\n<p>Abdullah Agar, un experto de seguridad y terrorismo, entrevistado por CNN-T\u00fcrk, privilegi\u00f3 la tesis de un atentado yihadista.<\/p>\n<p>\u00abSe asemeja mucho a sus m\u00e9todos\u00bb, se\u00f1al\u00f3, en referencia a los ataques de marzo contra el aeropuerto y el metro de Bruselas.<\/p>\n<p>Otro aeropuerto de Estambul, Sabiha Gokcen, fue blanco en diciembre de un atentado que dej\u00f3 un empleado muerto.<\/p>\n<p>ANTERIOR\tRETORNAR<\/p>\n<h6> 2016-06-29 02:17:34 <\/h6>\n<p><!--\n<link rel=\"stylesheet\" href=\"css\/bootstrap.min.css\">\n\n\n<ul class=\"pagination\">\n\t    \n\t\n\n<li >\n\t<a href='?page_no=19182'>Previous<\/a>\n\t<\/li>\n\n\n       \n    \n\n<li><a href='?page_no=1'>1<\/a><\/li>\n\n\n\n<li><a href='?page_no=2'>2<\/a><\/li>\n\n\n\n<li><a>...<\/a><\/li>\n\n\n\n<li><a href='?page_no=19181'>19181<\/a><\/li>\n\n\n\n<li><a href='?page_no=19182'>19182<\/a><\/li>\n\n\n\n<li class='active'><a>19183<\/a><\/li>\n\n\n\n<li><a href='?page_no=19184'>19184<\/a><\/li>\n\n\n\n<li><a href='?page_no=19185'>19185<\/a><\/li>\n\n\n\n<li><a>...<\/a><\/li>\n\n\n\n<li><a href='?page_no=51012'>51012<\/a><\/li>\n\n\n\n<li><a href='?page_no=51013'>51013<\/a><\/li>\n\n    \n\t\n\n<li >\n\t<a href='?page_no=19184'>Next<\/a>\n\t<\/li>\n\n\n    \n\n<li><a href='?page_no=51013'>Last &rsaquo;&rsaquo;<\/a><\/li>\n\n<\/ul>\n\n\n--><br \/>\n<\/body><\/p>\n","protected":false},"excerpt":{"rendered":"<p>29 Jun 2016 AddThis Sharing ButtonsShare to FacebookShare to TwitterShare to Google+Share to M\u00e1s&#8230; ILHAS NEWS AGENCY\/AFP \/ &#8211; Trabajadores de los servicios de emergencia asisten a los heridos tras un atentado suicida en el aeropuerto de Estambul el 28 de junio de 2016 Al menos 36 personas murieron y 147 resultaron heridas en un [&hellip;]<\/p>\n","protected":false},"author":3,"featured_media":0,"comment_status":"open","ping_status":"open","sticky":false,"template":"","format":"standard","meta":{"footnotes":""},"categories":[23],"tags":[],"class_list":["post-249538","post","type-post","status-publish","format-standard","hentry","category-internacional"],"_links":{"self":[{"href":"https:\/\/diariodominicano.com\/index.php?rest_route=\/wp\/v2\/posts\/249538","targetHints":{"allow":["GET"]}}],"collection":[{"href":"https:\/\/diariodominicano.com\/index.php?rest_route=\/wp\/v2\/posts"}],"about":[{"href":"https:\/\/diariodominicano.com\/index.php?rest_route=\/wp\/v2\/types\/post"}],"author":[{"embeddable":true,"href":"https:\/\/diariodominicano.com\/index.php?rest_route=\/wp\/v2\/users\/3"}],"replies":[{"embeddable":true,"href":"https:\/\/diariodominicano.com\/index.php?rest_route=%2Fwp%2Fv2%2Fcomments&post=249538"}],"version-history":[{"count":0,"href":"https:\/\/diariodominicano.com\/index.php?rest_route=\/wp\/v2\/posts\/249538\/revisions"}],"wp:attachment":[{"href":"https:\/\/diariodominicano.com\/index.php?rest_route=%2Fwp%2Fv2%2Fmedia&parent=249538"}],"wp:term":[{"taxonomy":"category","embeddable":true,"href":"https:\/\/diariodominicano.com\/index.php?rest_route=%2Fwp%2Fv2%2Fcategories&post=249538"},{"taxonomy":"post_tag","embeddable":true,"href":"https:\/\/diariodominicano.com\/index.php?rest_route=%2Fwp%2Fv2%2Ftags&post=249538"}],"curies":[{"name":"wp","href":"https:\/\/api.w.org\/{rel}","templated":true}]}}