{"id":249537,"date":"2016-06-29T02:33:19","date_gmt":"2016-06-29T02:33:19","guid":{"rendered":"http:\/\/diariodominicano.ddns.net\/?p=249537"},"modified":"2016-06-29T02:33:19","modified_gmt":"2016-06-29T02:33:19","slug":"lideres-de-la-ue-dan-un-breve-respiro-a-cameron-para-notificar-el-brexit","status":"publish","type":"post","link":"https:\/\/diariodominicano.com\/?p=249537","title":{"rendered":"L\u00edderes de la UE dan un breve respiro a Cameron para notificar el Brexit"},"content":{"rendered":"<p><body><\/p>\n<p><img decoding=\"async\" src=\"img3\/81bdf088184c59613eb36dfa4d7ef2f401abba61.jpg\" \/><br \/><img decoding=\"async\" src=\"img3\/7b70021b2e9c4ff79d6f4822f588668f149c650f.jpg\" \/><br \/><img decoding=\"async\" src=\"img3\/815e425f0170fb80ba8289d4cb90b2c4f6b438c9.jpg\" \/>  <\/p>\n<\/p>\n<p>29 Jun 2016<\/p>\n<p>AddThis Sharing ButtonsShare to FacebookShare to TwitterShare to Google+Share to M\u00e1s&#8230;<\/p>\n<\/p>\n<p>AFP \/ Philippe Huguen<\/p>\n<p>El primer ministro brit\u00e1nico, David Cameron, durante una conferencia de prensa en Bruselas el 28 de junio de 2016<\/p>\n<p>Los mandatarios de la Uni\u00f3n Europea aceptaron este martes que el primer ministro brit\u00e1nico, David Cameron, necesite tiempo para iniciar el divorcio con la UE, pero le advirtieron que el tiempo apremia.<\/p>\n<p>\u00abPuedo entender que David Cameron necesite tiempo\u00bb para notificar el Brexit, pero \u00abno tenemos meses para meditar, debemos actuar\u00bb, resumi\u00f3 el presidente del ejecutivo europeo, Jean-Claude Juncker, tras una cena de los 28 mandatarios de la UE para abordar el resultado del refer\u00e9ndum brit\u00e1nico.<\/p>\n<p>Desde hace d\u00edas, los l\u00edderes de la UE, la Comisi\u00f3n y la Euroc\u00e1mara hab\u00edan advertido que presionar\u00edan a Cameron para que activara la \u00abcl\u00e1usula de retirada\u00bb de los tratados europeos, es decir, que notificara su intenci\u00f3n de abandonar el bloque.<\/p>\n<p>Pero el primer ministro brit\u00e1nico, quien present\u00f3 su dimisi\u00f3n al d\u00eda siguiente de la consulta tras defender la opci\u00f3n proeurope\u00edsta, reiter\u00f3 de nuevo que ser\u00e1 su sucesor en el gobierno brit\u00e1nico y en el Partido Conservador el encargado de decidir si notifica la salida.<\/p>\n<p>Y, aunque lament\u00f3 el resultado del refer\u00e9ndum, no lament\u00f3 haberlo convocado. \u00abEra lo que hab\u00eda que hacer\u00bb, asegur\u00f3 al t\u00e9rmino de la cena.<\/p>\n<p>&#8211; Una estrecha relaci\u00f3n econ\u00f3mica, fuera de la UE &#8211;<\/p>\n<\/p>\n<p>BELGA\/AFP \/ Thierry Roge<\/p>\n<p>El primer ministro brit\u00e1nico, David Cameron (I) y el presidente de la Comisi\u00f3n Europea, Jean-Claude Juncker durante la reuni\u00f3n del Consejo Europeo el 28 de junio de 2016 en Bruselas<\/p>\n<p>Cameron acudi\u00f3 tambi\u00e9n a su \u00faltimo Consejo Europeo con la intenci\u00f3n de explicar que el Reino Unido no quiere cortar completamente lazos con la UE, sino que busca \u00abuna relaci\u00f3n econ\u00f3mica lo m\u00e1s cercana posible\u00bb dentro del mercado \u00fanico. Eso s\u00ed, sin la libertad de circulaci\u00f3n para los ciudadanos comunitarios.<\/p>\n<p>\u00abLa clave para mantenerse pr\u00f3ximos es realmente considerar una reforma de la libertad de circulaci\u00f3n\u00bb, urgi\u00f3 el primer ministro, seg\u00fan una fuente de su oficina.<\/p>\n<p>La respuesta no tard\u00f3 en llegar. \u00abSi se quiere quedar [en el mercado \u00fanico] tiene que pagar el precio, incluso con la libertad de circulaci\u00f3n\u00bb, replic\u00f3 el presidente franc\u00e9s, Fran\u00e7ois Hollande.<\/p>\n<p>Dicho de otra forma, Reino Unido no puede esperar una \u00abselecci\u00f3n [de la UE] a la carta\u00bb, esperar mantener privilegios del bloque sin compartir las obligaciones, hab\u00eda advertido la canciller alemana, Angela Merkel.<\/p>\n<\/p>\n<p>AFP \/ Justin Tallis<\/p>\n<p>Una manifestante canta consignas contra el Brexit en Trafalgar Square el 28 de junio de 2016 en Londres<\/p>\n<p>El mercado interior europeo se basa en cuatro principios, que son la libre circulaci\u00f3n de bienes, servicios, capitales y personas. Sin embargo, Londres se opone a la libre circulaci\u00f3n de individuos, uno de los temas clave de la campa\u00f1a del refer\u00e9ndum.<\/p>\n<p>De todas formas, \u00absin notificaci\u00f3n, no hay negociaci\u00f3n\u00bb, hab\u00eda advertido durante una reuni\u00f3n bronca en el parlamento europeo Jean-Claude Juncker, quien prohibi\u00f3 a los comisarios europeos mantener \u00abnegociaciones secretas\u00bb con representantes brit\u00e1nicos.<\/p>\n<p>&#8211; Sin voluntad de &#8216;humillar&#8217; a Cameron &#8211;<\/p>\n<\/p>\n<p>AFP \/ Kun TIAN, Sophie RAMIS, Alain BOMMENEL<\/p>\n<p>El art\u00edculo 50 y el Brexit<\/p>\n<p>El Consejo Europeo se celebr\u00f3 en un clima tenso con el primer ministro, pero finalmente no lleg\u00f3 la sangre al r\u00edo. \u00abAlrededor de la mesa no hab\u00eda ninguna voluntad de humillar al dirigente brit\u00e1nico, porque significar\u00eda humillar al pueblo brit\u00e1nico\u00bb, explic\u00f3 el presidente franc\u00e9s.<\/p>\n<p>Seg\u00fan Hollande, Cameron estaba \u00abemocionado\u00bb en su \u00faltima reuni\u00f3n con sus pares europeos y \u00abse sent\u00eda responsable\u00bb por la decisi\u00f3n \u00abhist\u00f3rica\u00bb.<\/p>\n<p>La victoria del Brexit en la consulta abri\u00f3 una crisis de consecuencias desconocidas, tanto en el Reino Unido como en la Uni\u00f3n Europea. Los mercados financieros la recibieron como un azote y Gran Breta\u00f1a perdi\u00f3 la mejor calificaci\u00f3n financiera.<\/p>\n<p>Pero el costo para la Eurozona de una salida de Gran Breta\u00f1a de la UE parece menos elevado de lo imaginado. El presidente del Banco Central Europeo, Mario Draghi, se\u00f1al\u00f3 a los mandatarios europeos que en los pr\u00f3ximos tres a\u00f1os la econom\u00eda europea dejar\u00eda de crecer entre 0,3% y 0,5% del PIB.<\/p>\n<p>Las replicas de este terremoto alcanzaron tambi\u00e9n al l\u00edder laborista brit\u00e1nico, quien rehus\u00f3 este martes dimitir pese a que la mayor\u00eda de sus diputados se lo pidieron.<\/p>\n<p>\u00abInglaterra se encuentra actualmente hundida en el plano pol\u00edtico, monetario, constitucional y econ\u00f3mico\u00bb, resumi\u00f3 el primer ministro holand\u00e9s, Mark Rutte, presidente de turno de la Uni\u00f3n Europea.<\/p>\n<p>&#8211; Reino Unido, fuera de la mesa &#8211;<\/p>\n<p>La salida de Reino Unido es adem\u00e1s el primer retroceso en casi 60 a\u00f1os de proceso de integraci\u00f3n y ampliaci\u00f3n europea, una situaci\u00f3n que los socios de Londres deber\u00e1n empezar a analizar el mi\u00e9rcoles, ya sin Reino Unido.<\/p>\n<p>El mi\u00e9rcoles \u00abtendremos una reflexi\u00f3n sobre el futuro de la UE con 27\u00bb, dijo el presidente del Consejo Europeo, Donald Tusk.<\/p>\n<p>Los mandatarios de Francia, Alemania e Italia prometieron el lunes en Berl\u00edn dar \u00abun nuevo impulso\u00bb a la Uni\u00f3n Europea, que presentar\u00e1n al resto de los jefes de Estado y de gobierno de la UE \u00aben los pr\u00f3ximos meses\u00bb, para frenar la crisis en el bloque.<\/p>\n<p>Y, en un golpe de efecto inesperado, ese mismo d\u00eda llegar\u00e1 a Bruselas la jefa de gobierno escocesa, Nicola Sturgeon, para reunirse el presidente de la Euroc\u00e1mara, Martin Schulz.<\/p>\n<p>Escocia est\u00e1 resuelta a defender su permanencia en la UE. El &#8216;no&#8217; a Europa en el refer\u00e9ndum del jueves despert\u00f3 las veleidades independentistas del pueblo escoc\u00e9s, que en septiembre de 2014 no logr\u00f3 en una consulta la mayor\u00eda para separarse del Reino Unido.<\/p>\n<h6> 2016-06-29 02:33:19 <\/h6>\n<p><!--\n<link rel=\"stylesheet\" href=\"css\/bootstrap.min.css\">\n\n\n<ul class=\"pagination\">\n\t    \n\t\n\n<li >\n\t<a href='?page_no=19181'>Previous<\/a>\n\t<\/li>\n\n\n       \n    \n\n<li><a href='?page_no=1'>1<\/a><\/li>\n\n\n\n<li><a href='?page_no=2'>2<\/a><\/li>\n\n\n\n<li><a>...<\/a><\/li>\n\n\n\n<li><a href='?page_no=19180'>19180<\/a><\/li>\n\n\n\n<li><a href='?page_no=19181'>19181<\/a><\/li>\n\n\n\n<li class='active'><a>19182<\/a><\/li>\n\n\n\n<li><a href='?page_no=19183'>19183<\/a><\/li>\n\n\n\n<li><a href='?page_no=19184'>19184<\/a><\/li>\n\n\n\n<li><a>...<\/a><\/li>\n\n\n\n<li><a href='?page_no=51012'>51012<\/a><\/li>\n\n\n\n<li><a href='?page_no=51013'>51013<\/a><\/li>\n\n    \n\t\n\n<li >\n\t<a href='?page_no=19183'>Next<\/a>\n\t<\/li>\n\n\n    \n\n<li><a href='?page_no=51013'>Last &rsaquo;&rsaquo;<\/a><\/li>\n\n<\/ul>\n\n\n--><br \/>\n<\/body><\/p>\n","protected":false},"excerpt":{"rendered":"<p>29 Jun 2016 AddThis Sharing ButtonsShare to FacebookShare to TwitterShare to Google+Share to M\u00e1s&#8230; AFP \/ Philippe Huguen El primer ministro brit\u00e1nico, David Cameron, durante una conferencia de prensa en Bruselas el 28 de junio de 2016 Los mandatarios de la Uni\u00f3n Europea aceptaron este martes que el primer ministro brit\u00e1nico, David Cameron, necesite tiempo [&hellip;]<\/p>\n","protected":false},"author":3,"featured_media":0,"comment_status":"open","ping_status":"open","sticky":false,"template":"","format":"standard","meta":{"footnotes":""},"categories":[23],"tags":[],"class_list":["post-249537","post","type-post","status-publish","format-standard","hentry","category-internacional"],"_links":{"self":[{"href":"https:\/\/diariodominicano.com\/index.php?rest_route=\/wp\/v2\/posts\/249537","targetHints":{"allow":["GET"]}}],"collection":[{"href":"https:\/\/diariodominicano.com\/index.php?rest_route=\/wp\/v2\/posts"}],"about":[{"href":"https:\/\/diariodominicano.com\/index.php?rest_route=\/wp\/v2\/types\/post"}],"author":[{"embeddable":true,"href":"https:\/\/diariodominicano.com\/index.php?rest_route=\/wp\/v2\/users\/3"}],"replies":[{"embeddable":true,"href":"https:\/\/diariodominicano.com\/index.php?rest_route=%2Fwp%2Fv2%2Fcomments&post=249537"}],"version-history":[{"count":0,"href":"https:\/\/diariodominicano.com\/index.php?rest_route=\/wp\/v2\/posts\/249537\/revisions"}],"wp:attachment":[{"href":"https:\/\/diariodominicano.com\/index.php?rest_route=%2Fwp%2Fv2%2Fmedia&parent=249537"}],"wp:term":[{"taxonomy":"category","embeddable":true,"href":"https:\/\/diariodominicano.com\/index.php?rest_route=%2Fwp%2Fv2%2Fcategories&post=249537"},{"taxonomy":"post_tag","embeddable":true,"href":"https:\/\/diariodominicano.com\/index.php?rest_route=%2Fwp%2Fv2%2Ftags&post=249537"}],"curies":[{"name":"wp","href":"https:\/\/api.w.org\/{rel}","templated":true}]}}