{"id":249536,"date":"2016-06-30T04:12:20","date_gmt":"2016-06-30T04:12:20","guid":{"rendered":"http:\/\/diariodominicano.ddns.net\/?p=249536"},"modified":"2016-06-30T04:12:20","modified_gmt":"2016-06-30T04:12:20","slug":"el-triple-atentado-en-el-aeropuerto-de-turquia-deja-41-muertos","status":"publish","type":"post","link":"https:\/\/diariodominicano.com\/?p=249536","title":{"rendered":"El triple atentado en el aeropuerto de Turqu\u00eda deja 41 muertos"},"content":{"rendered":"<p><body><\/p>\n<p><img decoding=\"async\" src=\"img3\/8ac7a8ecab4a3892c65a046dc6db68be15c0851b.jpg\" \/><br \/><img decoding=\"async\" src=\"img3\/a4a5068d6024f21c6234e0f105c0e62b2b6eb62d.jpg\" \/><br \/><img decoding=\"async\" src=\"img3\/60fd7c3da1979b8f9b5ce1ab19e06cab55042309.jpg\" \/>  <\/p>\n<\/p>\n<p>30 Jun 2016<\/p>\n<p>AddThis Sharing ButtonsShare to FacebookShare to TwitterShare to Google+Share to M\u00e1s&#8230;<\/p>\n<\/p>\n<p>AFP \/ Bulent Kilic<\/p>\n<p>La madre de una de las v\u00edctimas del atentado del aeropuerto de Estambul llora junto a un edificio de medicina forense, el 29 de junio de 2016<\/p>\n<p>Al menos 41 personas, entre ellas 13 extranjeros, murieron y otras 239 resultaron heridas el martes por la noche en un triple atentado suicida en el aeropuerto internacional de Estambul, un ataque que parece llevar la marca del grupo Estado Isl\u00e1mico (EI).<\/p>\n<p>Se trata del ataque m\u00e1s mort\u00edfero en la metr\u00f3polis turca, que ya se vio sacudida por otros tres atentados este a\u00f1o.<\/p>\n<p>Turqu\u00eda decret\u00f3 el mi\u00e9rcoles d\u00eda de duelo nacional.<\/p>\n<p>De los 239 heridos, 130 segu\u00edan ingresados en los hospitales de la ciudad, seg\u00fan el nuevo balance difundido por la oficina del gobernador de Estambul.<\/p>\n<p>Entre los 13 extranjeros muertos, figuran cinco saud\u00edes, dos iraqu\u00edes, un tunecino, un uzbeko, un chino, un iran\u00ed, un ucraniano y un jordano, seg\u00fan inform\u00f3 un responsable turco.<\/p>\n<p>Durante la noche, desde el aeropuerto, el primer ministro turco, Bimali Yildrim, dio un primer balance de 36 muertos y estim\u00f3 que \u00ablos indicios apuntan a D\u00e1esh\u00bb, acr\u00f3nimo en \u00e1rabe del EI.<\/p>\n<p>Por el momento, se desconoce la nacionalidad de los asaltantes. \u00abTres kamikazes llevaron a cabo el ataque\u00bb, hab\u00eda indicado durante la noche el gobernador de Estambul, Vasip Sahin.<\/p>\n<p>Seg\u00fan las autoridades, las explosiones se produjeron en la entrada de la terminal de vuelos internacionales hacia las 22H00 locales (19H00 GMT).<\/p>\n<p>Aunque a\u00fan no fueron reivindicados, estos ataques recuerdan el &#8216;modus operandi&#8217; de los atentados yihadistas en Par\u00eds en noviembre (130 muertos) y en Bruselas (32 muertos en el aeropuerto y en el metro) en marzo.<\/p>\n<p>John Brennan, director de la agencia de inteligencia estadounidense, CIA, dijo este mi\u00e9rcoles que el ataque lleva \u00abel sello\u00bb del grupo Estado Isl\u00e1mico (EI).<\/p>\n<\/p>\n<p>AFP \/ Ozan Kose<\/p>\n<p>Impactos de bala en una de las ventanas del aeropuerto internacional Ataturk, en Estambul, el 29 de junio de 2016<\/p>\n<p>\u00abLos horrendos ataques de ayer en el aeropuerto internacional de Estambul que mataron a decenas e hirieron a muchos m\u00e1s, ciertamente llevan el sello distintivo de la depravaci\u00f3n de EI\u00bb, afirm\u00f3 Brennan durante una conferencia en Washington.<\/p>\n<p>Desde la capital, Ankara, el presidente turco Recep Tayyip Erdogan lanz\u00f3 un llamado internacional a una \u00ablucha conjunta\u00bb. \u00abEste ataque, perpetrado durante el mes del ramad\u00e1n muestra que el terrorismo golpea sin consideraci\u00f3n de fe ni de valores\u00bb agreg\u00f3.<\/p>\n<p>La presidencia indic\u00f3 que el presidente Barack Obama llam\u00f3 por tel\u00e9fono a su hom\u00f3logo turco para \u00abcondenar firmemente los atentados de Estambul\u00bb.<\/p>\n<p>El secretario general de la ONU Ban Ki-moon reclam\u00f3 intensificar la cooperaci\u00f3n internacional.<\/p>\n<p>&#8211; Enorme bola de fuego &#8211;<\/p>\n<\/p>\n<p>AFP \/ Ozan Kose<\/p>\n<p>Un polic\u00eda antidisturbios turco vigila junto al lugar de la explosi\u00f3n y los disparos que dejaron 41 muertos en el aeropuerto internacional Ataturk de Turqu\u00eda, el 29 de junio de 2016<\/p>\n<p>Im\u00e1genes y videos publicadas en las redes sociales muestran una inmensa bola de fuego en la entrada de la terminal y miembros de la seguridad evacuando a los pasajeros que corren desesperados.<\/p>\n<p>En otro video, se ve c\u00f3mo uno de los kamikazes yace en el suelo, herido por un polic\u00eda, y se retuerce para conseguir accionar su cintur\u00f3n de explosivos.<\/p>\n<p>Tres atacantes comenzaron a disparar contra los pasajeros y la polic\u00eda. Cuando los polic\u00edas respondieron, los atacantes se hicieron estallar.<\/p>\n<p>Un fot\u00f3grafo de la AFP pudo ver varios cad\u00e1veres cubiertos con s\u00e1banas y rodeados de equipajes abandonados.<\/p>\n<\/p>\n<p>AFP \/ Sabrina BLANCHARD, Thomas SAINT-CRICQ<\/p>\n<p>Triple atentado en el aeropuerto de Estambul<\/p>\n<p>Oftah Mohamed Abdul\u00e1, una mujer somal\u00ed, relat\u00f3 a la AFP que vio a uno de los atacantes. \u00abTen\u00eda una bufanda rosa y una chaqueta corta, bajo la cual escond\u00eda un fusil. Sac\u00f3 el arma y comenz\u00f3 a disparar. Caminaba como un profeta\u00bb, explic\u00f3.<\/p>\n<p>Aunque el primer ministro afirm\u00f3 que no se cuestionaba la seguridad del aeropuerto, un superviviente, Huseyn Kohmus, un empresario iran\u00ed, indic\u00f3 a la AFP: \u00abhace 15 a\u00f1os que vengo a Estambul pero creo que no volver\u00e9 nunca\u00bb.<\/p>\n<p>Las escenas de p\u00e1nico se sucedieron delante del hospital Bakirkoy, cercano al aeropuerto, donde se agolpaban personas que buscaban noticias de sus allegados.<\/p>\n<p>Entre las personas que se encontraban en el aeropuerto en el momento del atentado figura el gimnasta ol\u00edmpico colombiano Jossimar Calvo, que se encuentra sano y salvo, seg\u00fan inform\u00f3 la Federaci\u00f3n Colombiana de Gimnasia.<\/p>\n<p>&#8211; Rebeldes kurdos o yihadistas &#8211;<\/p>\n<p>Todos los vuelos de salida fueron suspendidos durante unas horas en el aeropuerto de Ataturk, el mayor aeropuerto de Turqu\u00eda y el 11\u00ba del mundo, con m\u00e1s de 60 millones de pasajeros.<\/p>\n<p>Despu\u00e9s el tr\u00e1fico a\u00e9reo se restableci\u00f3 y una parte de los destrozos fueron reparados r\u00e1pidamente y el mi\u00e9rcoles el registro de pasajeros casi no se ve\u00eda perturbado, constat\u00f3 la AFP.<\/p>\n<p>Estambul y Ankara han sido blanco de varios atentados desde el a\u00f1o pasado que han dejado cerca de 200 muertos, cientos de heridos y un clima de inseguridad permanente.<\/p>\n<p>Estambul ya fue el objeto de atentados en enero (12 turistas alemanes muertos, ataque atribuido al EI), en marzo (4 turistas muertos, atribuido tambi\u00e9n al EI) y a principios de junio (11 muertos, de ellos 6 polic\u00edas, atentado reivindicado por los combatientes kurdos).<\/p>\n<p>El objetivo de los atentados en Turqu\u00eda han sido las fuerzas de seguridad y los sitios tur\u00edsticos, lo que ha provocado una ca\u00edda inmediata del turismo.<\/p>\n<p>Se han atribuido al Estado Isl\u00e1mico ?que no suele reivindicar los atentados en Turqu\u00eda? o a los rebeldes kurdos, sobre todo al grupo radical Halcones de la Libertad del Kurdist\u00e1n (TAK) cercano al Partido de los Trabajadores del Kurdist\u00e1n (PKK).<\/p>\n<p>RETORNAR\tSIGUIENTE<\/p>\n<h6> 2016-06-30 04:12:20 <\/h6>\n<p><!--\n<link rel=\"stylesheet\" href=\"css\/bootstrap.min.css\">\n\n\n<ul class=\"pagination\">\n\t    \n\t\n\n<li >\n\t<a href='?page_no=19180'>Previous<\/a>\n\t<\/li>\n\n\n       \n    \n\n<li><a href='?page_no=1'>1<\/a><\/li>\n\n\n\n<li><a href='?page_no=2'>2<\/a><\/li>\n\n\n\n<li><a>...<\/a><\/li>\n\n\n\n<li><a href='?page_no=19179'>19179<\/a><\/li>\n\n\n\n<li><a href='?page_no=19180'>19180<\/a><\/li>\n\n\n\n<li class='active'><a>19181<\/a><\/li>\n\n\n\n<li><a href='?page_no=19182'>19182<\/a><\/li>\n\n\n\n<li><a href='?page_no=19183'>19183<\/a><\/li>\n\n\n\n<li><a>...<\/a><\/li>\n\n\n\n<li><a href='?page_no=51012'>51012<\/a><\/li>\n\n\n\n<li><a href='?page_no=51013'>51013<\/a><\/li>\n\n    \n\t\n\n<li >\n\t<a href='?page_no=19182'>Next<\/a>\n\t<\/li>\n\n\n    \n\n<li><a href='?page_no=51013'>Last &rsaquo;&rsaquo;<\/a><\/li>\n\n<\/ul>\n\n\n--><br \/>\n<\/body><\/p>\n","protected":false},"excerpt":{"rendered":"<p>30 Jun 2016 AddThis Sharing ButtonsShare to FacebookShare to TwitterShare to Google+Share to M\u00e1s&#8230; AFP \/ Bulent Kilic La madre de una de las v\u00edctimas del atentado del aeropuerto de Estambul llora junto a un edificio de medicina forense, el 29 de junio de 2016 Al menos 41 personas, entre ellas 13 extranjeros, murieron y [&hellip;]<\/p>\n","protected":false},"author":3,"featured_media":0,"comment_status":"open","ping_status":"open","sticky":false,"template":"","format":"standard","meta":{"footnotes":""},"categories":[23],"tags":[],"class_list":["post-249536","post","type-post","status-publish","format-standard","hentry","category-internacional"],"_links":{"self":[{"href":"https:\/\/diariodominicano.com\/index.php?rest_route=\/wp\/v2\/posts\/249536","targetHints":{"allow":["GET"]}}],"collection":[{"href":"https:\/\/diariodominicano.com\/index.php?rest_route=\/wp\/v2\/posts"}],"about":[{"href":"https:\/\/diariodominicano.com\/index.php?rest_route=\/wp\/v2\/types\/post"}],"author":[{"embeddable":true,"href":"https:\/\/diariodominicano.com\/index.php?rest_route=\/wp\/v2\/users\/3"}],"replies":[{"embeddable":true,"href":"https:\/\/diariodominicano.com\/index.php?rest_route=%2Fwp%2Fv2%2Fcomments&post=249536"}],"version-history":[{"count":0,"href":"https:\/\/diariodominicano.com\/index.php?rest_route=\/wp\/v2\/posts\/249536\/revisions"}],"wp:attachment":[{"href":"https:\/\/diariodominicano.com\/index.php?rest_route=%2Fwp%2Fv2%2Fmedia&parent=249536"}],"wp:term":[{"taxonomy":"category","embeddable":true,"href":"https:\/\/diariodominicano.com\/index.php?rest_route=%2Fwp%2Fv2%2Fcategories&post=249536"},{"taxonomy":"post_tag","embeddable":true,"href":"https:\/\/diariodominicano.com\/index.php?rest_route=%2Fwp%2Fv2%2Ftags&post=249536"}],"curies":[{"name":"wp","href":"https:\/\/api.w.org\/{rel}","templated":true}]}}