{"id":249535,"date":"2016-06-30T04:18:36","date_gmt":"2016-06-30T04:18:36","guid":{"rendered":"http:\/\/diariodominicano.ddns.net\/?p=249535"},"modified":"2016-06-30T04:18:36","modified_gmt":"2016-06-30T04:18:36","slug":"diez-muertos-en-un-atentado-suicida-al-norte-de-camerun","status":"publish","type":"post","link":"https:\/\/diariodominicano.com\/?p=249535","title":{"rendered":"Diez muertos en un atentado suicida al norte de Camer\u00fan"},"content":{"rendered":"<p><body><\/p>\n<p>30 Jun 2016<\/p>\n<p>AddThis Sharing ButtonsShare to FacebookShare to TwitterShare to Google+Share to M\u00e1s&#8230;<\/p>\n<\/p>\n<p>AFP Photo \/<\/p>\n<p>URGENTE<\/p>\n<p>Al menos diez personas murieron el mi\u00e9rcoles por la noche en un atentado suicida al norte de Camer\u00fan, en una localidad fronteriza con Nigeria, inform\u00f3 a la AFP una fuente de seguridad.<\/p>\n<p>\u00abUn suicida [del grupo islamista armado nigeriano] Boko Haram se hizo estallar por la noche en Djakana\u00bb, declar\u00f3 a la AFP esa fuente. Una fuente cercana a las autoridades regionales confirm\u00f3 la informaci\u00f3n.<\/p>\n<p>\u00abSiete murieron en el acto, incluido el suicida. Cuatro heridos fallecieron m\u00e1s tarde\u00bb, precis\u00f3 la fuente de seguridad. \u00abOtros heridos se encuentran en el hospital. Tememos un aumento del n\u00famero de v\u00edctimas\u00bb, a\u00f1adi\u00f3.<\/p>\n<p>Seg\u00fan esta fuente, la mayor\u00eda de las v\u00edctimas eran miembros del comit\u00e9 de vigilancia encargado de detectar a combatientes de Boko Haram, un grupo afiliado a la organizaci\u00f3n yihadista Estado Isl\u00e1mico (EI).<\/p>\n<p>\u00abEstaban reunidos en una sala de v\u00eddeo cuando un suicida se infiltr\u00f3 y deton\u00f3 los explosivos\u00bb, inform\u00f3 la fuente.<\/p>\n<p>Boko Haram ha sufrido importantes reveses militares en los \u00faltimos meses y multiplicado los atentados, usando con frecuencia a mujeres y ni\u00f1as como kamikazes en Nigeria, Camer\u00fan, Chad y N\u00edger.<\/p>\n<h6> 2016-06-30 04:18:36 <\/h6>\n<p><!--\n<link rel=\"stylesheet\" href=\"css\/bootstrap.min.css\">\n\n\n<ul class=\"pagination\">\n\t    \n\t\n\n<li >\n\t<a href='?page_no=19179'>Previous<\/a>\n\t<\/li>\n\n\n       \n    \n\n<li><a href='?page_no=1'>1<\/a><\/li>\n\n\n\n<li><a href='?page_no=2'>2<\/a><\/li>\n\n\n\n<li><a>...<\/a><\/li>\n\n\n\n<li><a href='?page_no=19178'>19178<\/a><\/li>\n\n\n\n<li><a href='?page_no=19179'>19179<\/a><\/li>\n\n\n\n<li class='active'><a>19180<\/a><\/li>\n\n\n\n<li><a href='?page_no=19181'>19181<\/a><\/li>\n\n\n\n<li><a href='?page_no=19182'>19182<\/a><\/li>\n\n\n\n<li><a>...<\/a><\/li>\n\n\n\n<li><a href='?page_no=51012'>51012<\/a><\/li>\n\n\n\n<li><a href='?page_no=51013'>51013<\/a><\/li>\n\n    \n\t\n\n<li >\n\t<a href='?page_no=19181'>Next<\/a>\n\t<\/li>\n\n\n    \n\n<li><a href='?page_no=51013'>Last &rsaquo;&rsaquo;<\/a><\/li>\n\n<\/ul>\n\n\n--><br \/>\n<\/body><\/p>\n","protected":false},"excerpt":{"rendered":"<p>30 Jun 2016 AddThis Sharing ButtonsShare to FacebookShare to TwitterShare to Google+Share to M\u00e1s&#8230; AFP Photo \/ URGENTE Al menos diez personas murieron el mi\u00e9rcoles por la noche en un atentado suicida al norte de Camer\u00fan, en una localidad fronteriza con Nigeria, inform\u00f3 a la AFP una fuente de seguridad. \u00abUn suicida [del grupo islamista [&hellip;]<\/p>\n","protected":false},"author":3,"featured_media":0,"comment_status":"open","ping_status":"open","sticky":false,"template":"","format":"standard","meta":{"footnotes":""},"categories":[23],"tags":[],"class_list":["post-249535","post","type-post","status-publish","format-standard","hentry","category-internacional"],"_links":{"self":[{"href":"https:\/\/diariodominicano.com\/index.php?rest_route=\/wp\/v2\/posts\/249535","targetHints":{"allow":["GET"]}}],"collection":[{"href":"https:\/\/diariodominicano.com\/index.php?rest_route=\/wp\/v2\/posts"}],"about":[{"href":"https:\/\/diariodominicano.com\/index.php?rest_route=\/wp\/v2\/types\/post"}],"author":[{"embeddable":true,"href":"https:\/\/diariodominicano.com\/index.php?rest_route=\/wp\/v2\/users\/3"}],"replies":[{"embeddable":true,"href":"https:\/\/diariodominicano.com\/index.php?rest_route=%2Fwp%2Fv2%2Fcomments&post=249535"}],"version-history":[{"count":0,"href":"https:\/\/diariodominicano.com\/index.php?rest_route=\/wp\/v2\/posts\/249535\/revisions"}],"wp:attachment":[{"href":"https:\/\/diariodominicano.com\/index.php?rest_route=%2Fwp%2Fv2%2Fmedia&parent=249535"}],"wp:term":[{"taxonomy":"category","embeddable":true,"href":"https:\/\/diariodominicano.com\/index.php?rest_route=%2Fwp%2Fv2%2Fcategories&post=249535"},{"taxonomy":"post_tag","embeddable":true,"href":"https:\/\/diariodominicano.com\/index.php?rest_route=%2Fwp%2Fv2%2Ftags&post=249535"}],"curies":[{"name":"wp","href":"https:\/\/api.w.org\/{rel}","templated":true}]}}