{"id":249534,"date":"2016-06-30T04:24:58","date_gmt":"2016-06-30T04:24:58","guid":{"rendered":"http:\/\/diariodominicano.ddns.net\/?p=249534"},"modified":"2016-06-30T04:24:58","modified_gmt":"2016-06-30T04:24:58","slug":"fuerzas-turcas-matan-a-dos-presuntos-miembros-del-ei-en-la-frontera-siria","status":"publish","type":"post","link":"https:\/\/diariodominicano.com\/?p=249534","title":{"rendered":"Fuerzas turcas matan a dos presuntos miembros del EI en la frontera siria"},"content":{"rendered":"<p><body><\/p>\n<\/p>\n<p>30 Jun 2016<\/p>\n<p>AddThis Sharing ButtonsShare to FacebookShare to TwitterShare to Google+Share to M\u00e1s&#8230;<\/p>\n<\/p>\n<p>AFP Photo \/<\/p>\n<p>URGENTE<\/p>\n<p>Las fuerzas turcas mataron el s\u00e1bado en la frontera siria a dos presuntos miembros del grupo Estado Isl\u00e1mico (EI), uno de los cuales planeaba cometer un atentado suicida en Turqu\u00eda, inform\u00f3 este jueves la agencia de prensa progubernamental Anadolu.<\/p>\n<p>Los hechos ocurrieron el pasado s\u00e1bado, d\u00edas antes del triple atentado suicida en el aeropuerto de Estambul en el que murieron 42 personas, precisa la agencia, citando fuentes de seguridad. Seg\u00fan estas fuentes, el presunto suicida quer\u00eda atentar en Adana (sur) o en Ankara.<\/p>\n<h6> 2016-06-30 04:24:58 <\/h6>\n<p><!--\n<link rel=\"stylesheet\" href=\"css\/bootstrap.min.css\">\n\n\n<ul class=\"pagination\">\n\t    \n\t\n\n<li >\n\t<a href='?page_no=19178'>Previous<\/a>\n\t<\/li>\n\n\n       \n    \n\n<li><a href='?page_no=1'>1<\/a><\/li>\n\n\n\n<li><a href='?page_no=2'>2<\/a><\/li>\n\n\n\n<li><a>...<\/a><\/li>\n\n\n\n<li><a href='?page_no=19177'>19177<\/a><\/li>\n\n\n\n<li><a href='?page_no=19178'>19178<\/a><\/li>\n\n\n\n<li class='active'><a>19179<\/a><\/li>\n\n\n\n<li><a href='?page_no=19180'>19180<\/a><\/li>\n\n\n\n<li><a href='?page_no=19181'>19181<\/a><\/li>\n\n\n\n<li><a>...<\/a><\/li>\n\n\n\n<li><a href='?page_no=51012'>51012<\/a><\/li>\n\n\n\n<li><a href='?page_no=51013'>51013<\/a><\/li>\n\n    \n\t\n\n<li >\n\t<a href='?page_no=19180'>Next<\/a>\n\t<\/li>\n\n\n    \n\n<li><a href='?page_no=51013'>Last &rsaquo;&rsaquo;<\/a><\/li>\n\n<\/ul>\n\n\n--><br \/>\n<\/body><\/p>\n","protected":false},"excerpt":{"rendered":"<p>30 Jun 2016 AddThis Sharing ButtonsShare to FacebookShare to TwitterShare to Google+Share to M\u00e1s&#8230; AFP Photo \/ URGENTE Las fuerzas turcas mataron el s\u00e1bado en la frontera siria a dos presuntos miembros del grupo Estado Isl\u00e1mico (EI), uno de los cuales planeaba cometer un atentado suicida en Turqu\u00eda, inform\u00f3 este jueves la agencia de prensa [&hellip;]<\/p>\n","protected":false},"author":3,"featured_media":0,"comment_status":"open","ping_status":"open","sticky":false,"template":"","format":"standard","meta":{"footnotes":""},"categories":[23],"tags":[],"class_list":["post-249534","post","type-post","status-publish","format-standard","hentry","category-internacional"],"_links":{"self":[{"href":"https:\/\/diariodominicano.com\/index.php?rest_route=\/wp\/v2\/posts\/249534","targetHints":{"allow":["GET"]}}],"collection":[{"href":"https:\/\/diariodominicano.com\/index.php?rest_route=\/wp\/v2\/posts"}],"about":[{"href":"https:\/\/diariodominicano.com\/index.php?rest_route=\/wp\/v2\/types\/post"}],"author":[{"embeddable":true,"href":"https:\/\/diariodominicano.com\/index.php?rest_route=\/wp\/v2\/users\/3"}],"replies":[{"embeddable":true,"href":"https:\/\/diariodominicano.com\/index.php?rest_route=%2Fwp%2Fv2%2Fcomments&post=249534"}],"version-history":[{"count":0,"href":"https:\/\/diariodominicano.com\/index.php?rest_route=\/wp\/v2\/posts\/249534\/revisions"}],"wp:attachment":[{"href":"https:\/\/diariodominicano.com\/index.php?rest_route=%2Fwp%2Fv2%2Fmedia&parent=249534"}],"wp:term":[{"taxonomy":"category","embeddable":true,"href":"https:\/\/diariodominicano.com\/index.php?rest_route=%2Fwp%2Fv2%2Fcategories&post=249534"},{"taxonomy":"post_tag","embeddable":true,"href":"https:\/\/diariodominicano.com\/index.php?rest_route=%2Fwp%2Fv2%2Ftags&post=249534"}],"curies":[{"name":"wp","href":"https:\/\/api.w.org\/{rel}","templated":true}]}}