{"id":249531,"date":"2016-06-30T11:41:32","date_gmt":"2016-06-30T11:41:32","guid":{"rendered":"http:\/\/diariodominicano.ddns.net\/?p=249531"},"modified":"2016-06-30T11:41:32","modified_gmt":"2016-06-30T11:41:32","slug":"identifican-autores-atentado-aeropuerto-de-estambul","status":"publish","type":"post","link":"https:\/\/diariodominicano.com\/?p=249531","title":{"rendered":"Identifican autores atentado aeropuerto de Estambul"},"content":{"rendered":"<p><body><\/p>\n<p><img decoding=\"async\" src=\"img3\/Estambul30-6.jpg\" \/>  <\/p>\n<p><span class=\"text1noticias\"> ESTAMBUL, 30 jun (Xinhua) &#8212; Los tres autores del atentado contra el aeropuerto de Ataturk, en Estambul, han sido identificados este jueves como ciudadanos de Uzbekist\u00e1n, Kirguizist\u00e1n y Rusia, informaron los medios turcos.<\/span><\/p>\n<p><span class=\"text1noticias\"> <\/span><\/p>\n<p><span class=\"text1noticias\">     La agencia de noticias privada Dogan afirm\u00f3 que el ruso, que entr\u00f3 en Turqu\u00eda hace casi un mes, dej\u00f3 su pasaporte en una casa alquilada en el distrito de Fatih, en Estambul.<\/span><\/p>\n<p><span class=\"text1noticias\"> <\/span><\/p>\n<p><span class=\"text1noticias\">     La noche del martes los tres hombres dispararon contra el gent\u00edo en el aeropuerto y detonaron sus chalecos explosivos, matando a decenas de personas, 12 de ellas extranjeras, e hiriendo a otras 239.<\/span><\/p>\n<p><span class=\"text1noticias\"> <\/span><\/p>\n<p><span class=\"text1noticias\">     La cifra de muertos ha ascendido en las \u00faltimas horas a 42, despu\u00e9s de que una mujer sucumbiese a las heridas en el hospital, seg\u00fan publica la prensa turca.<\/span><\/p>\n<p><span class=\"text1noticias\"> <\/span><\/p>\n<p><span class=\"text1noticias\">     La polic\u00eda turca ha detenido hoy a 22 supuestos milicianos del Estado Isl\u00e1mico (EI) en operaciones realizadas en Estambul y en la ciudad occidental de Izmir.<\/span><\/p>\n<p><span class=\"text1noticias\"> <\/span><\/p>\n<p><span class=\"text1noticias\">     Tres de los arrestados eran extranjeros, seg\u00fan el diario Hurriyet.<\/span><\/p>\n<p><span class=\"text1noticias\"> <\/span><\/p>\n<p><span class=\"text1noticias\">     El primer ministro turco, Binali Yildirim, culp\u00f3 al EI del atentado, aunque hasta el momento ning\u00fan grupo ha reivindicado la au<\/span>tor\u00eda.<\/p>\n<h6> 2016-06-30 11:41:32 <\/h6>\n<p><!--\n<link rel=\"stylesheet\" href=\"css\/bootstrap.min.css\">\n\n\n<ul class=\"pagination\">\n\t    \n\t\n\n<li >\n\t<a href='?page_no=19175'>Previous<\/a>\n\t<\/li>\n\n\n       \n    \n\n<li><a href='?page_no=1'>1<\/a><\/li>\n\n\n\n<li><a href='?page_no=2'>2<\/a><\/li>\n\n\n\n<li><a>...<\/a><\/li>\n\n\n\n<li><a href='?page_no=19174'>19174<\/a><\/li>\n\n\n\n<li><a href='?page_no=19175'>19175<\/a><\/li>\n\n\n\n<li class='active'><a>19176<\/a><\/li>\n\n\n\n<li><a href='?page_no=19177'>19177<\/a><\/li>\n\n\n\n<li><a href='?page_no=19178'>19178<\/a><\/li>\n\n\n\n<li><a>...<\/a><\/li>\n\n\n\n<li><a href='?page_no=51012'>51012<\/a><\/li>\n\n\n\n<li><a href='?page_no=51013'>51013<\/a><\/li>\n\n    \n\t\n\n<li >\n\t<a href='?page_no=19177'>Next<\/a>\n\t<\/li>\n\n\n    \n\n<li><a href='?page_no=51013'>Last &rsaquo;&rsaquo;<\/a><\/li>\n\n<\/ul>\n\n\n--><br \/>\n<\/body><\/p>\n","protected":false},"excerpt":{"rendered":"<p>ESTAMBUL, 30 jun (Xinhua) &#8212; Los tres autores del atentado contra el aeropuerto de Ataturk, en Estambul, han sido identificados este jueves como ciudadanos de Uzbekist\u00e1n, Kirguizist\u00e1n y Rusia, informaron los medios turcos. La agencia de noticias privada Dogan afirm\u00f3 que el ruso, que entr\u00f3 en Turqu\u00eda hace casi un mes, dej\u00f3 su pasaporte en [&hellip;]<\/p>\n","protected":false},"author":3,"featured_media":0,"comment_status":"open","ping_status":"open","sticky":false,"template":"","format":"standard","meta":{"footnotes":""},"categories":[23],"tags":[],"class_list":["post-249531","post","type-post","status-publish","format-standard","hentry","category-internacional"],"_links":{"self":[{"href":"https:\/\/diariodominicano.com\/index.php?rest_route=\/wp\/v2\/posts\/249531","targetHints":{"allow":["GET"]}}],"collection":[{"href":"https:\/\/diariodominicano.com\/index.php?rest_route=\/wp\/v2\/posts"}],"about":[{"href":"https:\/\/diariodominicano.com\/index.php?rest_route=\/wp\/v2\/types\/post"}],"author":[{"embeddable":true,"href":"https:\/\/diariodominicano.com\/index.php?rest_route=\/wp\/v2\/users\/3"}],"replies":[{"embeddable":true,"href":"https:\/\/diariodominicano.com\/index.php?rest_route=%2Fwp%2Fv2%2Fcomments&post=249531"}],"version-history":[{"count":0,"href":"https:\/\/diariodominicano.com\/index.php?rest_route=\/wp\/v2\/posts\/249531\/revisions"}],"wp:attachment":[{"href":"https:\/\/diariodominicano.com\/index.php?rest_route=%2Fwp%2Fv2%2Fmedia&parent=249531"}],"wp:term":[{"taxonomy":"category","embeddable":true,"href":"https:\/\/diariodominicano.com\/index.php?rest_route=%2Fwp%2Fv2%2Fcategories&post=249531"},{"taxonomy":"post_tag","embeddable":true,"href":"https:\/\/diariodominicano.com\/index.php?rest_route=%2Fwp%2Fv2%2Ftags&post=249531"}],"curies":[{"name":"wp","href":"https:\/\/api.w.org\/{rel}","templated":true}]}}