{"id":249527,"date":"2016-06-30T14:01:37","date_gmt":"2016-06-30T14:01:37","guid":{"rendered":"http:\/\/diariodominicano.ddns.net\/?p=249527"},"modified":"2016-06-30T14:01:37","modified_gmt":"2016-06-30T14:01:37","slug":"allanan-propiedades-de-los-kirchner-en-ofensiva-judicial-argentina","status":"publish","type":"post","link":"https:\/\/diariodominicano.com\/?p=249527","title":{"rendered":"&#13;Allanan propiedades de los Kirchner en ofensiva judicial argentina"},"content":{"rendered":"<p><body><\/p>\n<p><img decoding=\"async\" src=\"img3\/arg-kirchner.jpg\" \/>  <\/p>\n<\/p>\n<p>Buenos Aires, 30 jun (PL) En otro episodio de la saga pol\u00edtico medi\u00e1tica contra la expresidente Cristina Fern\u00e1ndez, el juez Claudio Bonadio orden\u00f3 11 allanamientos a propiedades de la familia Kirchner que se realizan hoy en la provincia de Santa Cruz.<\/p>\n<\/p>\n<p>Los procedimientos dictados por el magistrado que lleva casi todas las imputaciones contra la exdignataria est\u00e1n destinados, seg\u00fan instruy\u00f3, a secuestrar documentaci\u00f3n relacionada con la sociedad Los Sauces, en el marco de una causa por presunto lavado de activos de origen il\u00edcito.<\/p>\n<\/p>\n<p>Esta causa es la que inici\u00f3 la diputada Margarita Stolbizer, quien ampli\u00f3 la denuncia d\u00edas atr\u00e1s y extendi\u00f3 la acusaci\u00f3n contra la exmandataria al delito de \u00abasociaci\u00f3n il\u00edcita\u00bb y \u00abenriquecimiento il\u00edcito\u00bb.<\/p>\n<\/p>\n<p>Los allanamientos est\u00e1n dirigidos a varias propiedades que figuran a nombre de Los Sauces en tres ciudades de Santa Cruz, y el secuestro de expedientes de autorizaci\u00f3n y ejecuci\u00f3n de obras civiles en los respectivos municipios de la capital provincial, El Calafate y El Chalt\u00e9n.<\/p>\n<\/p>\n<p>Tambi\u00e9n dispuso el secuestro de expedientes relacionados con esos emprendimientos en la gobernaci\u00f3n santacruce\u00f1a.<\/p>\n<\/p>\n<p>Bonadio ya hab\u00eda efectuado allanamientos similares pero en relaci\u00f3n con la sociedad Hotesur, tambi\u00e9n vinculada con la familia Kirchner, en otra imputaci\u00f3n tambi\u00e9n presentada por Stolbizer.<\/p>\n<\/p>\n<p>La pasada semana, Cristina Fern\u00e1ndez denunci\u00f3 a trav\u00e9s de las redes sociales ser blanco de persecuci\u00f3n pol\u00edtica y cit\u00f3 que la vivienda en R\u00edo Gallegos de los padres del finado presidente N\u00e9stor Kirchner fue violentada por desconocidos.<\/p>\n<\/p>\n<p>En su condena advirti\u00f3 tambi\u00e9n que un grupo de seis polic\u00edas de la Ciudad de Buenos Aires intent\u00f3 penetrar subrepticiamente en Santa Cruz, pero fueron identificados, y les atribuy\u00f3 la transgresi\u00f3n en un acto que calific\u00f3 de paramilitarismo.<\/p>\n<\/p>\n<p>Por otro lado, el exjefe de Gabinte An\u00edbal Fern\u00e1ndez, tambi\u00e9n objeto de denuncias medi\u00e1ticas y pol\u00edticas, dijo en entrevista al canal de noticias C5N que todas las acusaciones en su contra -y contra otros exfuncionarios- son \u00abun invento para tapar el desastre\u00bb que est\u00e1 haciendo el gobierno de Mauricio Macri.<\/p>\n<\/p>\n<p>Este jueves, el juez federal Daniel Rafecas proces\u00f3 a Jos\u00e9 L\u00f3pez, exsecretario de Obras P\u00fablicas del pasado gobierno, por enriquecimiento il\u00edcito y le aplic\u00f3 un embargo de 200 millones de pesos (13 millones 333 mil d\u00f3lares).<\/p>\n<\/p>\n<p>El exfuncionario permanece detenido en el penal de Ezeiza, despu\u00e9s de ser descubierto mientras intentaba esconder hace dos semanas cerca de 9 millones de d\u00f3lares en un convento de la municipalidad bonaerense de General Rodr\u00edguez.<\/p>\n<h6> 2016-06-30 14:01:37 <\/h6>\n<p><!--\n<link rel=\"stylesheet\" href=\"css\/bootstrap.min.css\">\n\n\n<ul class=\"pagination\">\n\t    \n\t\n\n<li >\n\t<a href='?page_no=19171'>Previous<\/a>\n\t<\/li>\n\n\n       \n    \n\n<li><a href='?page_no=1'>1<\/a><\/li>\n\n\n\n<li><a href='?page_no=2'>2<\/a><\/li>\n\n\n\n<li><a>...<\/a><\/li>\n\n\n\n<li><a href='?page_no=19170'>19170<\/a><\/li>\n\n\n\n<li><a href='?page_no=19171'>19171<\/a><\/li>\n\n\n\n<li class='active'><a>19172<\/a><\/li>\n\n\n\n<li><a href='?page_no=19173'>19173<\/a><\/li>\n\n\n\n<li><a href='?page_no=19174'>19174<\/a><\/li>\n\n\n\n<li><a>...<\/a><\/li>\n\n\n\n<li><a href='?page_no=51012'>51012<\/a><\/li>\n\n\n\n<li><a href='?page_no=51013'>51013<\/a><\/li>\n\n    \n\t\n\n<li >\n\t<a href='?page_no=19173'>Next<\/a>\n\t<\/li>\n\n\n    \n\n<li><a href='?page_no=51013'>Last &rsaquo;&rsaquo;<\/a><\/li>\n\n<\/ul>\n\n\n--><br \/>\n<\/body><\/p>\n","protected":false},"excerpt":{"rendered":"<p>Buenos Aires, 30 jun (PL) En otro episodio de la saga pol\u00edtico medi\u00e1tica contra la expresidente Cristina Fern\u00e1ndez, el juez Claudio Bonadio orden\u00f3 11 allanamientos a propiedades de la familia Kirchner que se realizan hoy en la provincia de Santa Cruz. Los procedimientos dictados por el magistrado que lleva casi todas las imputaciones contra la [&hellip;]<\/p>\n","protected":false},"author":3,"featured_media":0,"comment_status":"open","ping_status":"open","sticky":false,"template":"","format":"standard","meta":{"footnotes":""},"categories":[23],"tags":[],"class_list":["post-249527","post","type-post","status-publish","format-standard","hentry","category-internacional"],"_links":{"self":[{"href":"https:\/\/diariodominicano.com\/index.php?rest_route=\/wp\/v2\/posts\/249527","targetHints":{"allow":["GET"]}}],"collection":[{"href":"https:\/\/diariodominicano.com\/index.php?rest_route=\/wp\/v2\/posts"}],"about":[{"href":"https:\/\/diariodominicano.com\/index.php?rest_route=\/wp\/v2\/types\/post"}],"author":[{"embeddable":true,"href":"https:\/\/diariodominicano.com\/index.php?rest_route=\/wp\/v2\/users\/3"}],"replies":[{"embeddable":true,"href":"https:\/\/diariodominicano.com\/index.php?rest_route=%2Fwp%2Fv2%2Fcomments&post=249527"}],"version-history":[{"count":0,"href":"https:\/\/diariodominicano.com\/index.php?rest_route=\/wp\/v2\/posts\/249527\/revisions"}],"wp:attachment":[{"href":"https:\/\/diariodominicano.com\/index.php?rest_route=%2Fwp%2Fv2%2Fmedia&parent=249527"}],"wp:term":[{"taxonomy":"category","embeddable":true,"href":"https:\/\/diariodominicano.com\/index.php?rest_route=%2Fwp%2Fv2%2Fcategories&post=249527"},{"taxonomy":"post_tag","embeddable":true,"href":"https:\/\/diariodominicano.com\/index.php?rest_route=%2Fwp%2Fv2%2Ftags&post=249527"}],"curies":[{"name":"wp","href":"https:\/\/api.w.org\/{rel}","templated":true}]}}