{"id":249525,"date":"2016-06-30T14:13:38","date_gmt":"2016-06-30T14:13:38","guid":{"rendered":"http:\/\/diariodominicano.ddns.net\/?p=249525"},"modified":"2016-06-30T14:13:38","modified_gmt":"2016-06-30T14:13:38","slug":"lideres-de-tlcan-dialogan-bajo-amenaza-de-trump","status":"publish","type":"post","link":"https:\/\/diariodominicano.com\/?p=249525","title":{"rendered":"&#13;L\u00edderes de Tlcan dialogan bajo amenaza de Trump"},"content":{"rendered":"<p><body><\/p>\n<p><img decoding=\"async\" src=\"img3\/donald-trump.jpg\" \/>  <\/p>\n<\/p>\n<\/p>\n<p><span class=\"text1noticias\">  <\/span><\/p>\n<p><span class=\"text1noticias\">Ottawa, 30 jun (PL) L\u00edderes de Estados Unidos, Canad\u00e1 y M\u00e9xico inician hoy aqu\u00ed la cumbre Tres Amigos con la amenaza del aspirante a la presidencia estadounidense Donald Trump de renegociar o rescindir el Tratado de Libre Comercio de Am\u00e9rica del Norte (Tlcan).<\/span><\/p>\n<\/p>\n<p><span class=\"text1noticias\">Trump lanz\u00f3 este martes su amenaza durante un acto de campa\u00f1a y dijo que si se niegan a la renegociaci\u00f3n, se retirar\u00eda del pacto comercial, lo que incrementar\u00eda, entre otros, los aranceles a las importaciones de esos pa\u00edses y las exportaciones de Estados Unidos.<\/span><\/p>\n<\/p>\n<p><span class=\"text1noticias\">Voy a decir a nuestros socios del TLC que tengo la intenci\u00f3n de renegociar inmediatamente los t\u00e9rminos de ese acuerdo para obtener un mejor trato para nuestros trabajadores, dijo Trump en Monessen, Pensilvania.<\/span><\/p>\n<\/p>\n<p><span class=\"text1noticias\">Apunt\u00f3 que si los otros socios no est\u00e1n de acuerdo con una renegociaci\u00f3n, entonces enviar\u00e1 la notificaci\u00f3n mencionada en el art\u00edculo 2205 del TLC, que Estados Unidos tiene la intenci\u00f3n de retirarse del acuerdo.<\/span><\/p>\n<\/p>\n<p><span class=\"text1noticias\">El candidato presidencial republicano se\u00f1al\u00f3, adem\u00e1s, que eliminar\u00e1 el acuerdo comercial de Asociaci\u00f3n Transpac\u00edfico (TPP) negociado por el presidente Barack Obama, el mayor desde el Tlcan.<\/span><\/p>\n<\/p>\n<p><span class=\"text1noticias\">Con este escenario se ver\u00e1n las caras hoy el primer ministro de Canad\u00e1, Justin Trudeau, el presidente de M\u00e9xico, Enrique Pe\u00f1a Nieto, y Obama, quien dejar\u00e1 la presidencia en enero.<\/span><\/p>\n<\/p>\n<p><span class=\"text1noticias\">La cumbre de hoy es un evento que se realiza cada a\u00f1o y se espera que sea la \u00faltima a la que asista el mandatario estadounidense, cuyo pa\u00eds se encuentra envuelto en la campa\u00f1a para elegir a su sucesor en noviembre.<\/span><\/p>\n<\/p>\n<p><span class=\"text1noticias\">Uno de los aspectos que pudiera destacar en la cita es el probable anuncio del tr\u00edo de naciones de producir el 50 por ciento de su energ\u00eda con fuentes propias y limpias, algo que adelant\u00f3 este lunes el gobierno estadounidense.<\/span><\/p>\n<\/p>\n<p><span class=\"text1noticias\">En la agenda de la reuni\u00f3n tambi\u00e9n debe estar la votaci\u00f3n del llamado Brexit por los brit\u00e1nicos, pues M\u00e9xico tiene un acuerdo comercial con la Uni\u00f3n Europea y Canad\u00e1 negoci\u00f3 un pacto comercial con ese bloque que entrar\u00eda en vigor el pr\u00f3ximo a\u00f1o, pero la salida del reino europeo puede demorar su ratificaci\u00f3n.<\/span><\/p>\n<h6> 2016-06-30 14:13:38 <\/h6>\n<p><!--\n<link rel=\"stylesheet\" href=\"css\/bootstrap.min.css\">\n\n\n<ul class=\"pagination\">\n\t    \n\t\n\n<li >\n\t<a href='?page_no=19169'>Previous<\/a>\n\t<\/li>\n\n\n       \n    \n\n<li><a href='?page_no=1'>1<\/a><\/li>\n\n\n\n<li><a href='?page_no=2'>2<\/a><\/li>\n\n\n\n<li><a>...<\/a><\/li>\n\n\n\n<li><a href='?page_no=19168'>19168<\/a><\/li>\n\n\n\n<li><a href='?page_no=19169'>19169<\/a><\/li>\n\n\n\n<li class='active'><a>19170<\/a><\/li>\n\n\n\n<li><a href='?page_no=19171'>19171<\/a><\/li>\n\n\n\n<li><a href='?page_no=19172'>19172<\/a><\/li>\n\n\n\n<li><a>...<\/a><\/li>\n\n\n\n<li><a href='?page_no=51012'>51012<\/a><\/li>\n\n\n\n<li><a href='?page_no=51013'>51013<\/a><\/li>\n\n    \n\t\n\n<li >\n\t<a href='?page_no=19171'>Next<\/a>\n\t<\/li>\n\n\n    \n\n<li><a href='?page_no=51013'>Last &rsaquo;&rsaquo;<\/a><\/li>\n\n<\/ul>\n\n\n--><br \/>\n<\/body><\/p>\n","protected":false},"excerpt":{"rendered":"<p>Ottawa, 30 jun (PL) L\u00edderes de Estados Unidos, Canad\u00e1 y M\u00e9xico inician hoy aqu\u00ed la cumbre Tres Amigos con la amenaza del aspirante a la presidencia estadounidense Donald Trump de renegociar o rescindir el Tratado de Libre Comercio de Am\u00e9rica del Norte (Tlcan). Trump lanz\u00f3 este martes su amenaza durante un acto de campa\u00f1a y [&hellip;]<\/p>\n","protected":false},"author":3,"featured_media":0,"comment_status":"open","ping_status":"open","sticky":false,"template":"","format":"standard","meta":{"footnotes":""},"categories":[23],"tags":[],"class_list":["post-249525","post","type-post","status-publish","format-standard","hentry","category-internacional"],"_links":{"self":[{"href":"https:\/\/diariodominicano.com\/index.php?rest_route=\/wp\/v2\/posts\/249525","targetHints":{"allow":["GET"]}}],"collection":[{"href":"https:\/\/diariodominicano.com\/index.php?rest_route=\/wp\/v2\/posts"}],"about":[{"href":"https:\/\/diariodominicano.com\/index.php?rest_route=\/wp\/v2\/types\/post"}],"author":[{"embeddable":true,"href":"https:\/\/diariodominicano.com\/index.php?rest_route=\/wp\/v2\/users\/3"}],"replies":[{"embeddable":true,"href":"https:\/\/diariodominicano.com\/index.php?rest_route=%2Fwp%2Fv2%2Fcomments&post=249525"}],"version-history":[{"count":0,"href":"https:\/\/diariodominicano.com\/index.php?rest_route=\/wp\/v2\/posts\/249525\/revisions"}],"wp:attachment":[{"href":"https:\/\/diariodominicano.com\/index.php?rest_route=%2Fwp%2Fv2%2Fmedia&parent=249525"}],"wp:term":[{"taxonomy":"category","embeddable":true,"href":"https:\/\/diariodominicano.com\/index.php?rest_route=%2Fwp%2Fv2%2Fcategories&post=249525"},{"taxonomy":"post_tag","embeddable":true,"href":"https:\/\/diariodominicano.com\/index.php?rest_route=%2Fwp%2Fv2%2Ftags&post=249525"}],"curies":[{"name":"wp","href":"https:\/\/api.w.org\/{rel}","templated":true}]}}