{"id":249523,"date":"2016-07-01T11:02:58","date_gmt":"2016-07-01T11:02:58","guid":{"rendered":"http:\/\/diariodominicano.ddns.net\/?p=249523"},"modified":"2016-07-01T11:02:58","modified_gmt":"2016-07-01T11:02:58","slug":"determinacion-de-luchar-por-un-brasil-mas-justo-es-inamovible","status":"publish","type":"post","link":"https:\/\/diariodominicano.com\/?p=249523","title":{"rendered":"Determinaci\u00f3n de luchar por un Brasil m\u00e1s justo es inamovible"},"content":{"rendered":"<p><body><\/p>\n<p><img decoding=\"async\" src=\"img3\/brasil_lula1-7.jpg\" \/>  <\/p>\n<p><span class=\"text1noticias\">Brasilia, 1 jul (PL) El ex presidente de Brasil y fundador del Partido de los Trabajadores (PT) Luiz In\u00e1cio Lula da Silva asegur\u00f3 que la decisi\u00f3n de batallar por un pa\u00eds m\u00e1s justo para todos se mantiene hoy inamovible.<\/span><\/p>\n<p><span class=\"text1noticias\"> <\/span><\/p>\n<p><span class=\"text1noticias\">Ninguna bomba, pata de cabra, o agresi\u00f3n va a impedir nuestra determinaci\u00f3n de luchar por un Brasil m\u00e1s justo para todos, sostuvo Lula en un mensaje posteado en las redes sociales a prop\u00f3sito de los dos ataques perpetrados este jueves contra la sede nacional del PT en Sao Paulo.<\/span><\/p>\n<p><span class=\"text1noticias\"> <\/span><\/p>\n<p><span class=\"text1noticias\">\u00daltimamente, signific\u00f3, Brasil est\u00e1 asistiendo a muchas escenas de intolerancia y odio.<\/span><\/p>\n<p><span class=\"text1noticias\"> <\/span><\/p>\n<p><span class=\"text1noticias\">Lula reconoci\u00f3 que la noticia de los atentados le caus\u00f3 una inmensa tristeza y enfatiz\u00f3 que \u00abno podemos permitir que las diferencias pol\u00edticas se transformen en intolerancia\u00bb.<\/span><\/p>\n<p><span class=\"text1noticias\"> <\/span><\/p>\n<p><span class=\"text1noticias\">Por su parte, el presidente nacional del Partido de los Trabajadores, Rui Falcao, llam\u00f3 la atenci\u00f3n en conferencia de prensa sobre el hecho que los asaltos sufridos por esa instituci\u00f3n responden a la onda de intransigencia (contra la organizaci\u00f3n) estimulada por los grandes medios.<\/span><\/p>\n<p><span class=\"text1noticias\"> <\/span><\/p>\n<p><span class=\"text1noticias\">A juicio de Falcao, los permanentes ataques medi\u00e1ticos contribuyen a crear un clima de intolerancia contra el PT y \u00ablas personas acaban eligiendo un enemigo\u00bb.<\/span><\/p>\n<p><span class=\"text1noticias\"> <\/span><\/p>\n<p><span class=\"text1noticias\">Advirti\u00f3, asimismo, que ninguna agresi\u00f3n intimidar\u00e1 al Partido ni lo har\u00e1 desistir de continuar luchando por un Brasil mejor, contra el golpe parlamentario orquestado para apartar de la Presidencia de la Rep\u00fablica a Dilma Rousseff y contra el ileg\u00edtimo mandatario interino Michel Temer.<\/span><\/p>\n<p><span class=\"text1noticias\"> <\/span><\/p>\n<p><span class=\"text1noticias\">En horas de la madrugada de ayer un individuo identificado como Emilson Chaves Silva, de 38 a\u00f1os, destruy\u00f3 a golpes parte de la fachada de la sede principal del PT y amenaz\u00f3 a quienes se encontraban dentro. Fue detenido y conducido a la Delegaci\u00f3n por efectivos de la Polic\u00eda Militar, e inmediatamente despu\u00e9s liberado.<\/span><\/p>\n<p><span class=\"text1noticias\"> <\/span><\/p>\n<p><span class=\"text1noticias\">Por la tarde, el propio ciudadano regres\u00f3 a la instituci\u00f3n, donde se encontraban alrededor de 10 personas, y lanz\u00f3 una bomba casera que no lleg\u00f3 a estallar.<\/span><\/p>\n<p><span class=\"text1noticias\"> <\/span><\/p>\n<p><span class=\"text1noticias\">Seg\u00fan el perito criminal de la Polic\u00eda Cient\u00edfica Ricardo Luis Lopes, citado por el sitio web del PT, el artefacto era una bomba del tipo coctel molotov, de car\u00e1cter altamente inflamable y con potencial letal y capacidad de provocar graves<\/span> heridas.<\/p>\n<h6> 2016-07-01 11:02:58 <\/h6>\n<p><!--\n<link rel=\"stylesheet\" href=\"css\/bootstrap.min.css\">\n\n\n<ul class=\"pagination\">\n\t    \n\t\n\n<li >\n\t<a href='?page_no=19167'>Previous<\/a>\n\t<\/li>\n\n\n       \n    \n\n<li><a href='?page_no=1'>1<\/a><\/li>\n\n\n\n<li><a href='?page_no=2'>2<\/a><\/li>\n\n\n\n<li><a>...<\/a><\/li>\n\n\n\n<li><a href='?page_no=19166'>19166<\/a><\/li>\n\n\n\n<li><a href='?page_no=19167'>19167<\/a><\/li>\n\n\n\n<li class='active'><a>19168<\/a><\/li>\n\n\n\n<li><a href='?page_no=19169'>19169<\/a><\/li>\n\n\n\n<li><a href='?page_no=19170'>19170<\/a><\/li>\n\n\n\n<li><a>...<\/a><\/li>\n\n\n\n<li><a href='?page_no=51012'>51012<\/a><\/li>\n\n\n\n<li><a href='?page_no=51013'>51013<\/a><\/li>\n\n    \n\t\n\n<li >\n\t<a href='?page_no=19169'>Next<\/a>\n\t<\/li>\n\n\n    \n\n<li><a href='?page_no=51013'>Last &rsaquo;&rsaquo;<\/a><\/li>\n\n<\/ul>\n\n\n--><br \/>\n<\/body><\/p>\n","protected":false},"excerpt":{"rendered":"<p>Brasilia, 1 jul (PL) El ex presidente de Brasil y fundador del Partido de los Trabajadores (PT) Luiz In\u00e1cio Lula da Silva asegur\u00f3 que la decisi\u00f3n de batallar por un pa\u00eds m\u00e1s justo para todos se mantiene hoy inamovible. Ninguna bomba, pata de cabra, o agresi\u00f3n va a impedir nuestra determinaci\u00f3n de luchar por un [&hellip;]<\/p>\n","protected":false},"author":3,"featured_media":0,"comment_status":"open","ping_status":"open","sticky":false,"template":"","format":"standard","meta":{"footnotes":""},"categories":[23],"tags":[],"class_list":["post-249523","post","type-post","status-publish","format-standard","hentry","category-internacional"],"_links":{"self":[{"href":"https:\/\/diariodominicano.com\/index.php?rest_route=\/wp\/v2\/posts\/249523","targetHints":{"allow":["GET"]}}],"collection":[{"href":"https:\/\/diariodominicano.com\/index.php?rest_route=\/wp\/v2\/posts"}],"about":[{"href":"https:\/\/diariodominicano.com\/index.php?rest_route=\/wp\/v2\/types\/post"}],"author":[{"embeddable":true,"href":"https:\/\/diariodominicano.com\/index.php?rest_route=\/wp\/v2\/users\/3"}],"replies":[{"embeddable":true,"href":"https:\/\/diariodominicano.com\/index.php?rest_route=%2Fwp%2Fv2%2Fcomments&post=249523"}],"version-history":[{"count":0,"href":"https:\/\/diariodominicano.com\/index.php?rest_route=\/wp\/v2\/posts\/249523\/revisions"}],"wp:attachment":[{"href":"https:\/\/diariodominicano.com\/index.php?rest_route=%2Fwp%2Fv2%2Fmedia&parent=249523"}],"wp:term":[{"taxonomy":"category","embeddable":true,"href":"https:\/\/diariodominicano.com\/index.php?rest_route=%2Fwp%2Fv2%2Fcategories&post=249523"},{"taxonomy":"post_tag","embeddable":true,"href":"https:\/\/diariodominicano.com\/index.php?rest_route=%2Fwp%2Fv2%2Ftags&post=249523"}],"curies":[{"name":"wp","href":"https:\/\/api.w.org\/{rel}","templated":true}]}}