{"id":249522,"date":"2016-07-01T11:29:11","date_gmt":"2016-07-01T11:29:11","guid":{"rendered":"http:\/\/diariodominicano.ddns.net\/?p=249522"},"modified":"2016-07-01T11:29:11","modified_gmt":"2016-07-01T11:29:11","slug":"avion-de-combate-sirio-se-estrella-cerca-de-damasco","status":"publish","type":"post","link":"https:\/\/diariodominicano.com\/?p=249522","title":{"rendered":"Avi\u00f3n de combate sirio se estrella cerca de Damasco"},"content":{"rendered":"<p><body><\/p>\n<p><img decoding=\"async\" src=\"img3\/damasco.jpg\" \/>  <\/p>\n<p><span class=\"text1noticias\"> DAMASCO, 1 jul (Xinhua) &#8212; Un avi\u00f3n de combate sirio se estrell\u00f3 hoy en una zona rural al este de la capital, Damasco, debido a una aver\u00eda, despu\u00e9s de que el piloto lograse eyectarse, inform\u00f3 la cadena de televisi\u00f3n estatal.<\/span><\/p>\n<p><span class=\"text1noticias\"> <\/span><\/p>\n<p><span class=\"text1noticias\">     Actualmente, se ha puesto en marcha una operaci\u00f3n de b\u00fasqueda para localizar al militar, indic\u00f3 la cadena, sin precisar el lugar de los hechos.<\/span><\/p>\n<p><span class=\"text1noticias\"> <\/span><\/p>\n<p><span class=\"text1noticias\">     La mayor parte de las afueras orientales de Damasco se encuentra bajo control de los rebeldes, que han derribado varios aviones en los cinco a\u00f1os de crisis.<\/span><\/p>\n<p><span class=\"text1noticias\"> <\/span><\/p>\n<p><span class=\"text1noticias\">     El mes pasado, otro avi\u00f3n de combate se precipit\u00f3 en la provincia central de Hama, que los medios de comunicaci\u00f3n oficiales atribuyeron tambi\u00e9n a un fallo t\u00e9cnic<\/span>o. <\/p>\n<h6> 2016-07-01 11:29:11 <\/h6>\n<p><!--\n<link rel=\"stylesheet\" href=\"css\/bootstrap.min.css\">\n\n\n<ul class=\"pagination\">\n\t    \n\t\n\n<li >\n\t<a href='?page_no=19166'>Previous<\/a>\n\t<\/li>\n\n\n       \n    \n\n<li><a href='?page_no=1'>1<\/a><\/li>\n\n\n\n<li><a href='?page_no=2'>2<\/a><\/li>\n\n\n\n<li><a>...<\/a><\/li>\n\n\n\n<li><a href='?page_no=19165'>19165<\/a><\/li>\n\n\n\n<li><a href='?page_no=19166'>19166<\/a><\/li>\n\n\n\n<li class='active'><a>19167<\/a><\/li>\n\n\n\n<li><a href='?page_no=19168'>19168<\/a><\/li>\n\n\n\n<li><a href='?page_no=19169'>19169<\/a><\/li>\n\n\n\n<li><a>...<\/a><\/li>\n\n\n\n<li><a href='?page_no=51012'>51012<\/a><\/li>\n\n\n\n<li><a href='?page_no=51013'>51013<\/a><\/li>\n\n    \n\t\n\n<li >\n\t<a href='?page_no=19168'>Next<\/a>\n\t<\/li>\n\n\n    \n\n<li><a href='?page_no=51013'>Last &rsaquo;&rsaquo;<\/a><\/li>\n\n<\/ul>\n\n\n--><br \/>\n<\/body><\/p>\n","protected":false},"excerpt":{"rendered":"<p>DAMASCO, 1 jul (Xinhua) &#8212; Un avi\u00f3n de combate sirio se estrell\u00f3 hoy en una zona rural al este de la capital, Damasco, debido a una aver\u00eda, despu\u00e9s de que el piloto lograse eyectarse, inform\u00f3 la cadena de televisi\u00f3n estatal. Actualmente, se ha puesto en marcha una operaci\u00f3n de b\u00fasqueda para localizar al militar, indic\u00f3 [&hellip;]<\/p>\n","protected":false},"author":3,"featured_media":0,"comment_status":"open","ping_status":"open","sticky":false,"template":"","format":"standard","meta":{"footnotes":""},"categories":[23],"tags":[],"class_list":["post-249522","post","type-post","status-publish","format-standard","hentry","category-internacional"],"_links":{"self":[{"href":"https:\/\/diariodominicano.com\/index.php?rest_route=\/wp\/v2\/posts\/249522","targetHints":{"allow":["GET"]}}],"collection":[{"href":"https:\/\/diariodominicano.com\/index.php?rest_route=\/wp\/v2\/posts"}],"about":[{"href":"https:\/\/diariodominicano.com\/index.php?rest_route=\/wp\/v2\/types\/post"}],"author":[{"embeddable":true,"href":"https:\/\/diariodominicano.com\/index.php?rest_route=\/wp\/v2\/users\/3"}],"replies":[{"embeddable":true,"href":"https:\/\/diariodominicano.com\/index.php?rest_route=%2Fwp%2Fv2%2Fcomments&post=249522"}],"version-history":[{"count":0,"href":"https:\/\/diariodominicano.com\/index.php?rest_route=\/wp\/v2\/posts\/249522\/revisions"}],"wp:attachment":[{"href":"https:\/\/diariodominicano.com\/index.php?rest_route=%2Fwp%2Fv2%2Fmedia&parent=249522"}],"wp:term":[{"taxonomy":"category","embeddable":true,"href":"https:\/\/diariodominicano.com\/index.php?rest_route=%2Fwp%2Fv2%2Fcategories&post=249522"},{"taxonomy":"post_tag","embeddable":true,"href":"https:\/\/diariodominicano.com\/index.php?rest_route=%2Fwp%2Fv2%2Ftags&post=249522"}],"curies":[{"name":"wp","href":"https:\/\/api.w.org\/{rel}","templated":true}]}}