{"id":249521,"date":"2016-07-01T11:36:28","date_gmt":"2016-07-01T11:36:28","guid":{"rendered":"http:\/\/diariodominicano.ddns.net\/?p=249521"},"modified":"2016-07-01T11:36:28","modified_gmt":"2016-07-01T11:36:28","slug":"al-menos-seis-muertos-y-varios-heridos-en-atentado","status":"publish","type":"post","link":"https:\/\/diariodominicano.com\/?p=249521","title":{"rendered":"Al menos seis muertos y varios heridos en atentado"},"content":{"rendered":"<p><body><\/p>\n<p><span class=\"text1noticias\">     MANDERA, Kenia, 1 jul (Xinhua) &#8212; Al menos seis personas murieron y varias m\u00e1s resultaron heridas el viernes tras un atentado de Al-Shabaab contra dos autobuses en el conflictivo condado de Mandera, cerca de la frontera somal\u00ed.<\/span><\/p>\n<p><span class=\"text1noticias\"> <\/span><\/p>\n<p><span class=\"text1noticias\">     El comisario de la polic\u00eda del condado de Mandera, Fredrick Shisia, dijo que los dos autobuses se dirig\u00edan de Nairobi a la ciudad de Mandera, cuando, a su paso por la zona de Elwak, los milicianos abrieron fuego contra los pasajeros a bordo.<\/span><\/p>\n<p><span class=\"text1noticias\"> <\/span><\/p>\n<p><span class=\"text1noticias\">     \u00abSeg\u00fan investigaciones preliminares, al menos seis personas murieron y varias otras quedaron heridas cuando sospechosos milicianos de Al-Shabaab atacaron dos autobuses de pasajeros esta ma\u00f1ana. Ofreceremos luego m\u00e1s detalles\u00bb, dijo Shisia a Xinhua.<\/span><\/p>\n<p><span class=\"text1noticias\"> <\/span><\/p>\n<p><span class=\"text1noticias\">     No se trata del primer ataque contra autobuses en la regi\u00f3n.<\/span><\/p>\n<p><span class=\"text1noticias\"> <\/span><\/p>\n<p><span class=\"text1noticias\">     Desde el ataque de noviembre de 2014, en el que 28 personas que viajaban de Mandera a Nairobi fueron asesinadas por milicianos de Al-Shabaab, el Gobierno intensific\u00f3 sus esfuerzos para mejorar la seguridad entre las zonas de frecuente paso de autobuses.<\/span><\/p>\n<p><span class=\"text1noticias\"> <\/span><\/p>\n<p><span class=\"text1noticias\">     Al-Shabaab reivindic\u00f3 entonces la autor\u00eda del ataque en un comunicado, y afirm\u00f3 que esta era una represalia por las incursiones realizadas por las fuerzas de seguridad kenianas contra mezquitas en Mom<\/span>basa.<\/p>\n<h6> 2016-07-01 11:36:28 <\/h6>\n<p><!--\n<link rel=\"stylesheet\" href=\"css\/bootstrap.min.css\">\n\n\n<ul class=\"pagination\">\n\t    \n\t\n\n<li >\n\t<a href='?page_no=19165'>Previous<\/a>\n\t<\/li>\n\n\n       \n    \n\n<li><a href='?page_no=1'>1<\/a><\/li>\n\n\n\n<li><a href='?page_no=2'>2<\/a><\/li>\n\n\n\n<li><a>...<\/a><\/li>\n\n\n\n<li><a href='?page_no=19164'>19164<\/a><\/li>\n\n\n\n<li><a href='?page_no=19165'>19165<\/a><\/li>\n\n\n\n<li class='active'><a>19166<\/a><\/li>\n\n\n\n<li><a href='?page_no=19167'>19167<\/a><\/li>\n\n\n\n<li><a href='?page_no=19168'>19168<\/a><\/li>\n\n\n\n<li><a>...<\/a><\/li>\n\n\n\n<li><a href='?page_no=51012'>51012<\/a><\/li>\n\n\n\n<li><a href='?page_no=51013'>51013<\/a><\/li>\n\n    \n\t\n\n<li >\n\t<a href='?page_no=19167'>Next<\/a>\n\t<\/li>\n\n\n    \n\n<li><a href='?page_no=51013'>Last &rsaquo;&rsaquo;<\/a><\/li>\n\n<\/ul>\n\n\n--><br \/>\n<\/body><\/p>\n","protected":false},"excerpt":{"rendered":"<p>MANDERA, Kenia, 1 jul (Xinhua) &#8212; Al menos seis personas murieron y varias m\u00e1s resultaron heridas el viernes tras un atentado de Al-Shabaab contra dos autobuses en el conflictivo condado de Mandera, cerca de la frontera somal\u00ed. El comisario de la polic\u00eda del condado de Mandera, Fredrick Shisia, dijo que los dos autobuses se dirig\u00edan [&hellip;]<\/p>\n","protected":false},"author":3,"featured_media":0,"comment_status":"open","ping_status":"open","sticky":false,"template":"","format":"standard","meta":{"footnotes":""},"categories":[23],"tags":[],"class_list":["post-249521","post","type-post","status-publish","format-standard","hentry","category-internacional"],"_links":{"self":[{"href":"https:\/\/diariodominicano.com\/index.php?rest_route=\/wp\/v2\/posts\/249521","targetHints":{"allow":["GET"]}}],"collection":[{"href":"https:\/\/diariodominicano.com\/index.php?rest_route=\/wp\/v2\/posts"}],"about":[{"href":"https:\/\/diariodominicano.com\/index.php?rest_route=\/wp\/v2\/types\/post"}],"author":[{"embeddable":true,"href":"https:\/\/diariodominicano.com\/index.php?rest_route=\/wp\/v2\/users\/3"}],"replies":[{"embeddable":true,"href":"https:\/\/diariodominicano.com\/index.php?rest_route=%2Fwp%2Fv2%2Fcomments&post=249521"}],"version-history":[{"count":0,"href":"https:\/\/diariodominicano.com\/index.php?rest_route=\/wp\/v2\/posts\/249521\/revisions"}],"wp:attachment":[{"href":"https:\/\/diariodominicano.com\/index.php?rest_route=%2Fwp%2Fv2%2Fmedia&parent=249521"}],"wp:term":[{"taxonomy":"category","embeddable":true,"href":"https:\/\/diariodominicano.com\/index.php?rest_route=%2Fwp%2Fv2%2Fcategories&post=249521"},{"taxonomy":"post_tag","embeddable":true,"href":"https:\/\/diariodominicano.com\/index.php?rest_route=%2Fwp%2Fv2%2Ftags&post=249521"}],"curies":[{"name":"wp","href":"https:\/\/api.w.org\/{rel}","templated":true}]}}