{"id":249519,"date":"2016-07-01T11:59:20","date_gmt":"2016-07-01T11:59:20","guid":{"rendered":"http:\/\/diariodominicano.ddns.net\/?p=249519"},"modified":"2016-07-01T11:59:20","modified_gmt":"2016-07-01T11:59:20","slug":"bachelet-llama-a-alianza-del-pacifico-a-profundizar-integracion","status":"publish","type":"post","link":"https:\/\/diariodominicano.com\/?p=249519","title":{"rendered":"Bachelet llama a Alianza del Pac\u00edfico a profundizar integraci\u00f3n"},"content":{"rendered":"<p><body><\/p>\n<p><img decoding=\"async\" src=\"img3\/BacheleAP1-7.jpg\" \/>  <\/p>\n<p><span class=\"text1noticias\"> FRUTILLAR, Chile, 1 jul (Xinhua) &#8212; La presidenta de Chile, Michelle Bachelet, llam\u00f3 durante la clausura de la III Cumbre Empresarial de la Alianza del Pacifico (AP) a los pa\u00edses que la forman a profundizar la integraci\u00f3n con el fin de lograr el bienestar social de sus habitantes.<\/span><\/p>\n<p><span class=\"text1noticias\"> <\/span><\/p>\n<p><span class=\"text1noticias\">     La mandataria chilena afirm\u00f3 la v\u00edspera en la sede del encuentro en Frutillar, en el sur de Chile, que de esa manera se puede evitar el surgimiento de pol\u00edticas como las que llevaron a los brit\u00e1nicos a votar para que Reino Unido se retirara de la Uni\u00f3n Europea (UE).<\/span><\/p>\n<p><span class=\"text1noticias\"> <\/span><\/p>\n<p><span class=\"text1noticias\">     \u00abCuando uno ve el &#8216;Brexit&#8217; (salida de Reino Unido de la UE), ve lo que pasa en Estados Unidos y el apoyo que tiene Donald Trump (republicano), son sectores de personas de pocos recursos que quedaron marginadas de la globalizaci\u00f3n y que son de zonas rurales\u00bb, coment\u00f3.<\/span><\/p>\n<p><span class=\"text1noticias\"> <\/span><\/p>\n<p><span class=\"text1noticias\">     Bachelet agradeci\u00f3 la presencia de sus pares Ollanta Humala, de Per\u00fa, Enrique Pe\u00f1a Nieto, de M\u00e9xico, y Juan Manuel Santos, de Colombia, as\u00ed como de los m\u00e1s de 700 empresarios presentes en el evento.<\/span><\/p>\n<p><span class=\"text1noticias\"> <\/span><\/p>\n<p><span class=\"text1noticias\">     La jefa de Estado asegur\u00f3 que todos ellos son un \u00abpilar esencial para avanzar en la integraci\u00f3n de nuestros pa\u00edses y la gestaci\u00f3n de un futuro mejor, de progreso y oportunidades para nuestros compatriotas\u00bb.<\/span><\/p>\n<p><span class=\"text1noticias\"> <\/span><\/p>\n<p><span class=\"text1noticias\">     Record\u00f3, adem\u00e1s, que los mandatarios \u00abhan planteado que es importante la integraci\u00f3n, pero que tiene que tener una cosa clave que es justamente el bienestar social, la mejora, la prosperidad compartida como un elemento clave\u00bb.  <\/span><\/p>\n<p><span class=\"text1noticias\"> <\/span><\/p>\n<p><span class=\"text1noticias\">     \u00abEs evidente que la globalizaci\u00f3n es importante, la integraci\u00f3n es importante, pero tiene que generar oportunidades reales y derechos reales, y nuestra iniciativa de integraci\u00f3n se encuentra en pleno desarrollo\u00bb, coment\u00f3 Bachelet.<\/span><\/p>\n<p><span class=\"text1noticias\"> <\/span><\/p>\n<p><span class=\"text1noticias\">     Dijo que aunque es cierto que enfrentan una coyuntura econ\u00f3mica internacional compleja, \u00abaqu\u00ed hemos hablado de volatilidad, hemos hablado de incertidumbre, y creo que tenemos que aprender a vivir con eso\u00bb.<\/span><\/p>\n<p><span class=\"text1noticias\"> <\/span><\/p>\n<p><span class=\"text1noticias\">     Es parte del mundo actual, los pa\u00edses desarrollados siguen insertos en un contexto de incertidumbre acentuado sin duda por el \u00abBrexit\u00bb de Reino Unido, coment\u00f3 la mandataria chilena.<\/span><\/p>\n<p><span class=\"text1noticias\"> <\/span><\/p>\n<p><span class=\"text1noticias\">     Durante la sesi\u00f3n, los cuatro jefes de Estado de los pa\u00edses integrantes de la AP (Chile, Colombia, M\u00e9xico y Per\u00fa) participaron en un panel y respondieron preguntas sobre el desarrollo de sus pa\u00edses.<\/span><\/p>\n<p><span class=\"text1noticias\"> <\/span><\/p>\n<p><span class=\"text1noticias\">     El presidente colombiano Santos hizo una exposici\u00f3n sobre el proceso de paz negociado en Cuba con las Fuerzas Armadas Revolucionarias de Colombia (FARC), al augurar que tendr\u00e1 un buen resultado y contribuir\u00e1 al desarrollo econ\u00f3mico del pa\u00eds.<\/span><\/p>\n<p><span class=\"text1noticias\"> <\/span><\/p>\n<p><span class=\"text1noticias\">     Su colega de M\u00e9xico, Pe\u00f1a Nieto, explic\u00f3 las reformas econ\u00f3micas que ha implementado en el pa\u00eds latinoamericano en los \u00faltimos a\u00f1os.<\/span><\/p>\n<p><span class=\"text1noticias\"> <\/span><\/p>\n<p><span class=\"text1noticias\">     A su vez, el mandatario peruano Humala explic\u00f3 el programa educativo que ha llevado a cabo su gobierno a favor de los j\u00f3venes de familias de bajos recursos.<\/span><\/p>\n<p><span class=\"text1noticias\"> <\/span><\/p>\n<p><span class=\"text1noticias\">     Los cuatro jefes de Estado participar\u00e1n este viernes en la XI Cumbre Presidencial de la Alianza del Pac\u00edfico en Puerto Varas.<\/span><\/p>\n<p><span class=\"text1noticias\"> <\/span><\/p>\n<p><span class=\"text1noticias\">     A la cita tambi\u00e9n fueron invitados los presidentes Mauricio Macri, de Argentina, y Luis Guillermo Sol\u00eds, de Costa Rica, cuyos pa\u00edses aspiran a ingresar a la AP, as\u00ed como el mandatario electo de Per\u00fa, Pedro P<\/span>ablo Kuczynski<\/p>\n<h6> 2016-07-01 11:59:20 <\/h6>\n<p><!--\n<link rel=\"stylesheet\" href=\"css\/bootstrap.min.css\">\n\n\n<ul class=\"pagination\">\n\t    \n\t\n\n<li >\n\t<a href='?page_no=19163'>Previous<\/a>\n\t<\/li>\n\n\n       \n    \n\n<li><a href='?page_no=1'>1<\/a><\/li>\n\n\n\n<li><a href='?page_no=2'>2<\/a><\/li>\n\n\n\n<li><a>...<\/a><\/li>\n\n\n\n<li><a href='?page_no=19162'>19162<\/a><\/li>\n\n\n\n<li><a href='?page_no=19163'>19163<\/a><\/li>\n\n\n\n<li class='active'><a>19164<\/a><\/li>\n\n\n\n<li><a href='?page_no=19165'>19165<\/a><\/li>\n\n\n\n<li><a href='?page_no=19166'>19166<\/a><\/li>\n\n\n\n<li><a>...<\/a><\/li>\n\n\n\n<li><a href='?page_no=51012'>51012<\/a><\/li>\n\n\n\n<li><a href='?page_no=51013'>51013<\/a><\/li>\n\n    \n\t\n\n<li >\n\t<a href='?page_no=19165'>Next<\/a>\n\t<\/li>\n\n\n    \n\n<li><a href='?page_no=51013'>Last &rsaquo;&rsaquo;<\/a><\/li>\n\n<\/ul>\n\n\n--><br \/>\n<\/body><\/p>\n","protected":false},"excerpt":{"rendered":"<p>FRUTILLAR, Chile, 1 jul (Xinhua) &#8212; La presidenta de Chile, Michelle Bachelet, llam\u00f3 durante la clausura de la III Cumbre Empresarial de la Alianza del Pacifico (AP) a los pa\u00edses que la forman a profundizar la integraci\u00f3n con el fin de lograr el bienestar social de sus habitantes. La mandataria chilena afirm\u00f3 la v\u00edspera en [&hellip;]<\/p>\n","protected":false},"author":3,"featured_media":0,"comment_status":"open","ping_status":"open","sticky":false,"template":"","format":"standard","meta":{"footnotes":""},"categories":[23],"tags":[],"class_list":["post-249519","post","type-post","status-publish","format-standard","hentry","category-internacional"],"_links":{"self":[{"href":"https:\/\/diariodominicano.com\/index.php?rest_route=\/wp\/v2\/posts\/249519","targetHints":{"allow":["GET"]}}],"collection":[{"href":"https:\/\/diariodominicano.com\/index.php?rest_route=\/wp\/v2\/posts"}],"about":[{"href":"https:\/\/diariodominicano.com\/index.php?rest_route=\/wp\/v2\/types\/post"}],"author":[{"embeddable":true,"href":"https:\/\/diariodominicano.com\/index.php?rest_route=\/wp\/v2\/users\/3"}],"replies":[{"embeddable":true,"href":"https:\/\/diariodominicano.com\/index.php?rest_route=%2Fwp%2Fv2%2Fcomments&post=249519"}],"version-history":[{"count":0,"href":"https:\/\/diariodominicano.com\/index.php?rest_route=\/wp\/v2\/posts\/249519\/revisions"}],"wp:attachment":[{"href":"https:\/\/diariodominicano.com\/index.php?rest_route=%2Fwp%2Fv2%2Fmedia&parent=249519"}],"wp:term":[{"taxonomy":"category","embeddable":true,"href":"https:\/\/diariodominicano.com\/index.php?rest_route=%2Fwp%2Fv2%2Fcategories&post=249519"},{"taxonomy":"post_tag","embeddable":true,"href":"https:\/\/diariodominicano.com\/index.php?rest_route=%2Fwp%2Fv2%2Ftags&post=249519"}],"curies":[{"name":"wp","href":"https:\/\/api.w.org\/{rel}","templated":true}]}}