{"id":249518,"date":"2016-07-01T12:07:40","date_gmt":"2016-07-01T12:07:40","guid":{"rendered":"http:\/\/diariodominicano.ddns.net\/?p=249518"},"modified":"2016-07-01T12:07:40","modified_gmt":"2016-07-01T12:07:40","slug":"presidente-sirio-culpa-a-eeuu-de-problemas-y-caos-mundiales","status":"publish","type":"post","link":"https:\/\/diariodominicano.com\/?p=249518","title":{"rendered":"Presidente sirio culpa a EEUU de problemas y caos mundiales"},"content":{"rendered":"<p><body><\/p>\n<p><img decoding=\"async\" src=\"img3\/Pte Sirio.jpg\" \/>  <\/p>\n<p><span class=\"text1noticias\">  DAMASCO, 1 jul (Xinhua) &#8212; El presidente de Siria, Bashar al-Assad, dijo hoy que las administraci\u00f3n estadounidenses s\u00f3lo han generado problemas en el mundo y no los han resuelto.<\/span><\/p>\n<p><span class=\"text1noticias\"> <\/span><\/p>\n<p><span class=\"text1noticias\">     En una entrevista con la televisi\u00f3n australiana SBS, que tambi\u00e9n fue transmitida hoy por la oficial agencia noticiosa siria SANA, Al-Assad dijo que desde la d\u00e9cada de los cincuenta en el siglo pasado, las administraciones estadounidenses s\u00f3lo han generado turbulencia y nunca han resuelto ning\u00fan problema.<\/span><\/p>\n<p><span class=\"text1noticias\"> <\/span><\/p>\n<p><span class=\"text1noticias\">     Al-Assad dio el ejemplo de Irak y dijo que el ex presidente George W. Bush invadi\u00f3 Irak y logr\u00f3 ocuparlo en una semanas, pero \u00ab\u00bfcu\u00e1l fue el siguiente paso? \u00bfQu\u00e9 es lo que quer\u00edan lograr? No han logrado nada. Fracasaron en Libia, Irak, Yemen, Siria y en todas partes\u00bb.<\/span><\/p>\n<p><span class=\"text1noticias\"> <\/span><\/p>\n<p><span class=\"text1noticias\">       \u00abNo han hecho nada m\u00e1s que fomentar el caos. Si Estados Unidos quiere generar m\u00e1s caos, lo puede hacer, pero \u00bfpuede resolver los problemas que genera? No\u00bb, dijo el presidente.<\/span><\/p>\n<p><span class=\"text1noticias\"> <\/span><\/p>\n<p><span class=\"text1noticias\">     Sin embargo, el presidente dijo que no  est\u00e1 en contra de la cooperaci\u00f3n con Estados Unidos.<\/span><\/p>\n<p><span class=\"text1noticias\"> <\/span><\/p>\n<p><span class=\"text1noticias\">      \u00abNo estamos en contra de la cooperaci\u00f3n con Estados Unidos, pero esta cooperaci\u00f3n debe abordar y discutir los intereses mutuos y trabajar en aplicarlos, no poner sus intereses por encima de los nuestros\u00bb, dijo el presidente.<\/span><\/p>\n<p><span class=\"text1noticias\"> <\/span><\/p>\n<p><span class=\"text1noticias\">     Por otra parte, el presidente mencion\u00f3 la doble moral de los pa\u00edses occidentales en ge<\/span>neral.<\/p>\n<h6> 2016-07-01 12:07:40 <\/h6>\n<p><!--\n<link rel=\"stylesheet\" href=\"css\/bootstrap.min.css\">\n\n\n<ul class=\"pagination\">\n\t    \n\t\n\n<li >\n\t<a href='?page_no=19162'>Previous<\/a>\n\t<\/li>\n\n\n       \n    \n\n<li><a href='?page_no=1'>1<\/a><\/li>\n\n\n\n<li><a href='?page_no=2'>2<\/a><\/li>\n\n\n\n<li><a>...<\/a><\/li>\n\n\n\n<li><a href='?page_no=19161'>19161<\/a><\/li>\n\n\n\n<li><a href='?page_no=19162'>19162<\/a><\/li>\n\n\n\n<li class='active'><a>19163<\/a><\/li>\n\n\n\n<li><a href='?page_no=19164'>19164<\/a><\/li>\n\n\n\n<li><a href='?page_no=19165'>19165<\/a><\/li>\n\n\n\n<li><a>...<\/a><\/li>\n\n\n\n<li><a href='?page_no=51012'>51012<\/a><\/li>\n\n\n\n<li><a href='?page_no=51013'>51013<\/a><\/li>\n\n    \n\t\n\n<li >\n\t<a href='?page_no=19164'>Next<\/a>\n\t<\/li>\n\n\n    \n\n<li><a href='?page_no=51013'>Last &rsaquo;&rsaquo;<\/a><\/li>\n\n<\/ul>\n\n\n--><br \/>\n<\/body><\/p>\n","protected":false},"excerpt":{"rendered":"<p>DAMASCO, 1 jul (Xinhua) &#8212; El presidente de Siria, Bashar al-Assad, dijo hoy que las administraci\u00f3n estadounidenses s\u00f3lo han generado problemas en el mundo y no los han resuelto. En una entrevista con la televisi\u00f3n australiana SBS, que tambi\u00e9n fue transmitida hoy por la oficial agencia noticiosa siria SANA, Al-Assad dijo que desde la d\u00e9cada [&hellip;]<\/p>\n","protected":false},"author":3,"featured_media":0,"comment_status":"open","ping_status":"open","sticky":false,"template":"","format":"standard","meta":{"footnotes":""},"categories":[23],"tags":[],"class_list":["post-249518","post","type-post","status-publish","format-standard","hentry","category-internacional"],"_links":{"self":[{"href":"https:\/\/diariodominicano.com\/index.php?rest_route=\/wp\/v2\/posts\/249518","targetHints":{"allow":["GET"]}}],"collection":[{"href":"https:\/\/diariodominicano.com\/index.php?rest_route=\/wp\/v2\/posts"}],"about":[{"href":"https:\/\/diariodominicano.com\/index.php?rest_route=\/wp\/v2\/types\/post"}],"author":[{"embeddable":true,"href":"https:\/\/diariodominicano.com\/index.php?rest_route=\/wp\/v2\/users\/3"}],"replies":[{"embeddable":true,"href":"https:\/\/diariodominicano.com\/index.php?rest_route=%2Fwp%2Fv2%2Fcomments&post=249518"}],"version-history":[{"count":0,"href":"https:\/\/diariodominicano.com\/index.php?rest_route=\/wp\/v2\/posts\/249518\/revisions"}],"wp:attachment":[{"href":"https:\/\/diariodominicano.com\/index.php?rest_route=%2Fwp%2Fv2%2Fmedia&parent=249518"}],"wp:term":[{"taxonomy":"category","embeddable":true,"href":"https:\/\/diariodominicano.com\/index.php?rest_route=%2Fwp%2Fv2%2Fcategories&post=249518"},{"taxonomy":"post_tag","embeddable":true,"href":"https:\/\/diariodominicano.com\/index.php?rest_route=%2Fwp%2Fv2%2Ftags&post=249518"}],"curies":[{"name":"wp","href":"https:\/\/api.w.org\/{rel}","templated":true}]}}