{"id":249517,"date":"2016-07-01T14:50:57","date_gmt":"2016-07-01T14:50:57","guid":{"rendered":"http:\/\/diariodominicano.ddns.net\/?p=249517"},"modified":"2016-07-01T14:50:57","modified_gmt":"2016-07-01T14:50:57","slug":"mas-del-65-por-ciento-de-brasilenos-desconfian-de-presidente-temer","status":"publish","type":"post","link":"https:\/\/diariodominicano.com\/?p=249517","title":{"rendered":"&#13;M\u00e1s del 65 por ciento de brasile\u00f1os desconf\u00edan de presidente Temer"},"content":{"rendered":"<p><body><\/p>\n<p><img decoding=\"async\" src=\"img3\/tremer.jpg\" \/>  <\/p>\n<\/p>\n<p><span class=\"text1noticias\">\t <\/span><\/p>\n<p><span class=\"text1noticias\">  <\/span><\/p>\n<p><span class=\"text1noticias\">Brasilia, 1 jul (PL) M\u00e1s del 65 por ciento de los brasile\u00f1os dijeron no confiar en Michel Temer, quien hace poco m\u00e1s de un mes asumi\u00f3 de forma provisional la Presidencia de la naci\u00f3n, revel\u00f3 una encuesta cuyos resultados fueron difundidos hoy.<\/span><\/p>\n<\/p>\n<p><span class=\"text1noticias\">Mientras un 27 por ciento de los dos millares de encuestados manifestaron confianza en el mandatario en funciones, el 66 por ciento dijo que no confiaba en el mismo, seg\u00fan el muestreo realizado por la empresa Ibope y divulgado por la Confederaci\u00f3n Nacional de la Industria (CNI).<\/span><\/p>\n<\/p>\n<p><span class=\"text1noticias\">En lo que respecta a la evaluaci\u00f3n del gobierno de Temer, un 39 por ciento lo considera malo o p\u00e9simo, un 36 por ciento regular y solo un 13 por ciento lo cataloga de excelente o bueno.<\/span><\/p>\n<\/p>\n<p><span class=\"text1noticias\">La forma de gobernar del jefe interino del Ejecutivo tampoco es compartida por la mayor\u00eda (53 por ciento) que est\u00e1 en desacuerdo con ella, en tanto un 31 por ciento la aprueba.<\/span><\/p>\n<\/p>\n<p><span class=\"text1noticias\">De acuerdo con el sondeo, la popularidad de Temer est\u00e1 por debajo de la media en la regi\u00f3n Nordeste de Brasil. All\u00ed un 44 por ciento estima que est\u00e1 siendo un gobierno malo o p\u00e9simo, el 72 por ciento no conf\u00eda en \u00e9l y el 63 por ciento desaprueba su manera de ejercer el cargo.<\/span><\/p>\n<\/p>\n<p><span class=\"text1noticias\">La encuesta de Ibope\/CNI, cuyo grado de confianza es del 95 por ciento, se realiz\u00f3 entre los d\u00edas 24 y 27 de junio entre dos mil dos personas y abarc\u00f3 141 municipios del pa\u00eds. El margen de error estimado es de dos puntos porcentuales m\u00e1s o menos.<\/span><\/p>\n<h6> 2016-07-01 14:50:57 <\/h6>\n<p><!--\n<link rel=\"stylesheet\" href=\"css\/bootstrap.min.css\">\n\n\n<ul class=\"pagination\">\n\t    \n\t\n\n<li >\n\t<a href='?page_no=19161'>Previous<\/a>\n\t<\/li>\n\n\n       \n    \n\n<li><a href='?page_no=1'>1<\/a><\/li>\n\n\n\n<li><a href='?page_no=2'>2<\/a><\/li>\n\n\n\n<li><a>...<\/a><\/li>\n\n\n\n<li><a href='?page_no=19160'>19160<\/a><\/li>\n\n\n\n<li><a href='?page_no=19161'>19161<\/a><\/li>\n\n\n\n<li class='active'><a>19162<\/a><\/li>\n\n\n\n<li><a href='?page_no=19163'>19163<\/a><\/li>\n\n\n\n<li><a href='?page_no=19164'>19164<\/a><\/li>\n\n\n\n<li><a>...<\/a><\/li>\n\n\n\n<li><a href='?page_no=51012'>51012<\/a><\/li>\n\n\n\n<li><a href='?page_no=51013'>51013<\/a><\/li>\n\n    \n\t\n\n<li >\n\t<a href='?page_no=19163'>Next<\/a>\n\t<\/li>\n\n\n    \n\n<li><a href='?page_no=51013'>Last &rsaquo;&rsaquo;<\/a><\/li>\n\n<\/ul>\n\n\n--><br \/>\n<\/body><\/p>\n","protected":false},"excerpt":{"rendered":"<p>Brasilia, 1 jul (PL) M\u00e1s del 65 por ciento de los brasile\u00f1os dijeron no confiar en Michel Temer, quien hace poco m\u00e1s de un mes asumi\u00f3 de forma provisional la Presidencia de la naci\u00f3n, revel\u00f3 una encuesta cuyos resultados fueron difundidos hoy. Mientras un 27 por ciento de los dos millares de encuestados manifestaron confianza [&hellip;]<\/p>\n","protected":false},"author":3,"featured_media":0,"comment_status":"open","ping_status":"open","sticky":false,"template":"","format":"standard","meta":{"footnotes":""},"categories":[23],"tags":[],"class_list":["post-249517","post","type-post","status-publish","format-standard","hentry","category-internacional"],"_links":{"self":[{"href":"https:\/\/diariodominicano.com\/index.php?rest_route=\/wp\/v2\/posts\/249517","targetHints":{"allow":["GET"]}}],"collection":[{"href":"https:\/\/diariodominicano.com\/index.php?rest_route=\/wp\/v2\/posts"}],"about":[{"href":"https:\/\/diariodominicano.com\/index.php?rest_route=\/wp\/v2\/types\/post"}],"author":[{"embeddable":true,"href":"https:\/\/diariodominicano.com\/index.php?rest_route=\/wp\/v2\/users\/3"}],"replies":[{"embeddable":true,"href":"https:\/\/diariodominicano.com\/index.php?rest_route=%2Fwp%2Fv2%2Fcomments&post=249517"}],"version-history":[{"count":0,"href":"https:\/\/diariodominicano.com\/index.php?rest_route=\/wp\/v2\/posts\/249517\/revisions"}],"wp:attachment":[{"href":"https:\/\/diariodominicano.com\/index.php?rest_route=%2Fwp%2Fv2%2Fmedia&parent=249517"}],"wp:term":[{"taxonomy":"category","embeddable":true,"href":"https:\/\/diariodominicano.com\/index.php?rest_route=%2Fwp%2Fv2%2Fcategories&post=249517"},{"taxonomy":"post_tag","embeddable":true,"href":"https:\/\/diariodominicano.com\/index.php?rest_route=%2Fwp%2Fv2%2Ftags&post=249517"}],"curies":[{"name":"wp","href":"https:\/\/api.w.org\/{rel}","templated":true}]}}