{"id":249516,"date":"2016-07-01T14:55:00","date_gmt":"2016-07-01T14:55:00","guid":{"rendered":"http:\/\/diariodominicano.ddns.net\/?p=249516"},"modified":"2016-07-01T14:55:00","modified_gmt":"2016-07-01T14:55:00","slug":"quieren-distraer-a-argentinos-del-ajuste-enfatiza-cristina-fernadez","status":"publish","type":"post","link":"https:\/\/diariodominicano.com\/?p=249516","title":{"rendered":"&#13;&#13;Quieren distraer a argentinos del ajuste, enfatiza Cristina Fern\u00e1dez"},"content":{"rendered":"<p><body><\/p>\n<p><img decoding=\"async\" src=\"img3\/arg-cristina.jpg\" \/>  <\/p>\n<\/p>\n<p>Buenos Aires, 1 jul (PL) La expresidenta argentina Cristina Fern\u00e1ndez denunci\u00f3 hoy que el actual Gobierno y sectores del Poder Judicial y los medios quieren distraer a la poblaci\u00f3n del ajuste y la debacle econ\u00f3mica azuzando causas en su contra.<\/p>\n<\/p>\n<p>En otro descargo a trav\u00e9s de las redes sociales, la exdignataria sostiene que \u00abel Partido Judicial, con inusitada virulencia, instado por el Gobierno y con el expl\u00edcito incentivo que le brindan los medios hegem\u00f3nicos de comunicaci\u00f3n han intensificado su campa\u00f1a de persecuci\u00f3n y difamaci\u00f3n contra el Gobierno que presid\u00ed\u00bb.<\/p>\n<\/p>\n<p>Su denuncia en @CFKArgentina enfatiza que la avanzada judicial tiene dos objetivos: Uno, instalar en la opini\u00f3n p\u00fablica que el anterior gobierno durante los doce a\u00f1os y medio de gesti\u00f3n tuvo como \u00fanico prop\u00f3sito cometer delitos de manera indiscriminada.<\/p>\n<\/p>\n<p>Con ello, intentan crear un nuevo tipo penal: el delito de haber pertenecido al gobierno durante el per\u00edodo 2003\/2015.<\/p>\n<\/p>\n<p>Y como segundo fin, distraer a la poblaci\u00f3n mientras el ajuste y la debacle econ\u00f3mica aumentan la pobreza, la desigualdad y la inseguridad de manera ya inocultable y exponencial.<\/p>\n<\/p>\n<p>Bajo el subt\u00edtulo de \u00abHecho y medios\u00bb, la exmandataria describe la manipulaci\u00f3n de los procedimientos judiciales, la irregular reapertura de causas ya abiertas y c\u00f3mo fueron difundidos a trav\u00e9s de los medios de comunicaci\u00f3n.<\/p>\n<\/p>\n<p>Al mismo tiempo desentra\u00f1a las maniobras de los jueces Claudio Bonadio y Juli\u00e1n Ercolin, as\u00ed como de los miembros de la Sala II de la C\u00e1mara Federal y de los fiscales Gerardo Pollicita y Guillermo Marijuan.<\/p>\n<\/p>\n<p>\u00abEstas mismas personas, abusando de su posici\u00f3n como jueces de c\u00e1mara, se ponen al descubierto ahora con mayor claridad a\u00fan, como mis concretos y directos acusadores, pretendiendo imponerle al magistrado Sebasti\u00e1n Casanello -a quien, repito una vez m\u00e1s, no conozco- la obligaci\u00f3n de investigarme por hechos que ya se encuentran a conocimiento de otros juzgados\u00bb, recalca.<\/p>\n<\/p>\n<p>De esta manera, Cristina Fern\u00e1ndez sostiene que el objetivo es multiplicar las causas judiciales en su contra \u00abpor los mismos hechos, vulnerando as\u00ed prohibiciones expresas que establece la Constituci\u00f3n Nacional y tratando de impedir toda posibilidad de defensa como la que debe otorgarse y a la que tiene derecho cualquier persona\u00bb.<\/p>\n<\/p>\n<p>\u00ab\u00bfQu\u00e9 garant\u00eda de imparcialidad puede esperar cualquier ciudadano cuando los mismos jueces que deben evaluar de manera imparcial un caso, son los que acusan, vali\u00e9ndose adem\u00e1s de las falsas evidencias que vienen inventando los conocidos y conocidas denunciadores\/as de siempre?\u00bb, se pregunta la expresidenta. \u00abEn suma, se viven tiempos dif\u00edciles para el Estado de Derecho\u00bb en Argentina, sentencia.<\/p>\n<\/p>\n<p>Y para concluir, la exdignataria pide no preocuparse por su situaci\u00f3n personal y s\u00ed por lo que considera el real objetivo de la \u00abcampa\u00f1a de persecuci\u00f3n y difamaci\u00f3n\u00bb.<\/p>\n<\/p>\n<p>Concreta que es \u00abuna tapadera para hacer retroceder a nuestro pa\u00eds a una situaci\u00f3n de desigualdad social y subordinaci\u00f3n al poder econ\u00f3mico concentrado que cre\u00edamos definitivamente desterrados\u00bb.<\/p>\n<h6> 2016-07-01 14:55:00 <\/h6>\n<p><!--\n<link rel=\"stylesheet\" href=\"css\/bootstrap.min.css\">\n\n\n<ul class=\"pagination\">\n\t    \n\t\n\n<li >\n\t<a href='?page_no=19160'>Previous<\/a>\n\t<\/li>\n\n\n       \n    \n\n<li><a href='?page_no=1'>1<\/a><\/li>\n\n\n\n<li><a href='?page_no=2'>2<\/a><\/li>\n\n\n\n<li><a>...<\/a><\/li>\n\n\n\n<li><a href='?page_no=19159'>19159<\/a><\/li>\n\n\n\n<li><a href='?page_no=19160'>19160<\/a><\/li>\n\n\n\n<li class='active'><a>19161<\/a><\/li>\n\n\n\n<li><a href='?page_no=19162'>19162<\/a><\/li>\n\n\n\n<li><a href='?page_no=19163'>19163<\/a><\/li>\n\n\n\n<li><a>...<\/a><\/li>\n\n\n\n<li><a href='?page_no=51012'>51012<\/a><\/li>\n\n\n\n<li><a href='?page_no=51013'>51013<\/a><\/li>\n\n    \n\t\n\n<li >\n\t<a href='?page_no=19162'>Next<\/a>\n\t<\/li>\n\n\n    \n\n<li><a href='?page_no=51013'>Last &rsaquo;&rsaquo;<\/a><\/li>\n\n<\/ul>\n\n\n--><br \/>\n<\/body><\/p>\n","protected":false},"excerpt":{"rendered":"<p>Buenos Aires, 1 jul (PL) La expresidenta argentina Cristina Fern\u00e1ndez denunci\u00f3 hoy que el actual Gobierno y sectores del Poder Judicial y los medios quieren distraer a la poblaci\u00f3n del ajuste y la debacle econ\u00f3mica azuzando causas en su contra. En otro descargo a trav\u00e9s de las redes sociales, la exdignataria sostiene que \u00abel Partido [&hellip;]<\/p>\n","protected":false},"author":3,"featured_media":0,"comment_status":"open","ping_status":"open","sticky":false,"template":"","format":"standard","meta":{"footnotes":""},"categories":[23],"tags":[],"class_list":["post-249516","post","type-post","status-publish","format-standard","hentry","category-internacional"],"_links":{"self":[{"href":"https:\/\/diariodominicano.com\/index.php?rest_route=\/wp\/v2\/posts\/249516","targetHints":{"allow":["GET"]}}],"collection":[{"href":"https:\/\/diariodominicano.com\/index.php?rest_route=\/wp\/v2\/posts"}],"about":[{"href":"https:\/\/diariodominicano.com\/index.php?rest_route=\/wp\/v2\/types\/post"}],"author":[{"embeddable":true,"href":"https:\/\/diariodominicano.com\/index.php?rest_route=\/wp\/v2\/users\/3"}],"replies":[{"embeddable":true,"href":"https:\/\/diariodominicano.com\/index.php?rest_route=%2Fwp%2Fv2%2Fcomments&post=249516"}],"version-history":[{"count":0,"href":"https:\/\/diariodominicano.com\/index.php?rest_route=\/wp\/v2\/posts\/249516\/revisions"}],"wp:attachment":[{"href":"https:\/\/diariodominicano.com\/index.php?rest_route=%2Fwp%2Fv2%2Fmedia&parent=249516"}],"wp:term":[{"taxonomy":"category","embeddable":true,"href":"https:\/\/diariodominicano.com\/index.php?rest_route=%2Fwp%2Fv2%2Fcategories&post=249516"},{"taxonomy":"post_tag","embeddable":true,"href":"https:\/\/diariodominicano.com\/index.php?rest_route=%2Fwp%2Fv2%2Ftags&post=249516"}],"curies":[{"name":"wp","href":"https:\/\/api.w.org\/{rel}","templated":true}]}}