{"id":249514,"date":"2016-07-01T15:03:06","date_gmt":"2016-07-01T15:03:06","guid":{"rendered":"http:\/\/diariodominicano.ddns.net\/?p=249514"},"modified":"2016-07-01T15:03:06","modified_gmt":"2016-07-01T15:03:06","slug":"obama-firma-ley-promesa-y-puertorriquenos-reclaman-independencia","status":"publish","type":"post","link":"https:\/\/diariodominicano.com\/?p=249514","title":{"rendered":"&#13;&#13;Obama firma ley Promesa y puertorrique\u00f1os reclaman independencia"},"content":{"rendered":"<p><body><\/p>\n<p><img decoding=\"async\" src=\"img3\/eua_barackobama_firma.jpg\" \/>  <\/p>\n<\/p>\n<p>Por Miguel Fern\u00e1ndez Mart\u00ednez<\/p>\n<\/p>\n<p>Las calles de San Juan se sacudieron ante los gritos de \u00abdesde adentro y desde afuera, le vamos a dar candela\u00bb, frente al principal edificio federal de Estados Unidos en la isla caribe\u00f1a, para reafirmar la repulsa popular a m\u00e1s de 118 a\u00f1os de dominaci\u00f3n colonial.<\/p>\n<\/p>\n<p>La nueva ley de Supervisi\u00f3n, Gesti\u00f3n y Estabilidad Econ\u00f3mica de Puerto Rico (Promesa, por sus siglas en ingl\u00e9s) firmada la v\u00edspera por el mandatario estadounidense, colm\u00f3 la copa de los boricuas, pero esencialmente desenmascar\u00f3 el status colonial que Washington mantiene en la isla, contraviniendo los postulados internacionales contra el coloniaje.<\/p>\n<\/p>\n<p>Cuarenta y cuatro a\u00f1os despu\u00e9s de emitirse la primera resoluci\u00f3n del Comit\u00e9 de Descolonizaci\u00f3n de la Organizaci\u00f3n de Naciones Unidas (ONU) a favor de la libre determinaci\u00f3n e independencia de Puerto Rico, Estados Unidos sigue coartando las libertades pol\u00edticas y econ\u00f3micas de la isla borinque\u00f1a.<\/p>\n<\/p>\n<p>Por tanto, la firma de Obama a esta nueva ley, es una burla al pedido internacional de reconsiderar el caso de Puerto Rico, que en 1953 fue excluido del listado de territorios coloniales, despu\u00e9s que se adopt\u00f3 el engendro semicolonial de Estado Libre Asociado.<\/p>\n<\/p>\n<p>Recientemente el Tribunal Supremo de Estados Unidos declar\u00f3 inconstitucional la ley de quiebra puertorrique\u00f1a, al determinar que el denominado Estado Libre Asociado carec\u00eda de soberan\u00eda, contrario a lo que Washington argumenta con el prop\u00f3sito de sacar a Puerto Rico de la lista de pa\u00edses coloniales de la ONU.<\/p>\n<\/p>\n<p>Hasta el gobernador puertorrique\u00f1o Alejandro Garc\u00eda Padilla alz\u00f3 su voz, reconociendo que \u00abha llegado el momento de actuar sobre el caso de Puerto Rico\u00bb, ofreciendo su respaldo a que el caso de la isla regrese como un asunto independiente ante la Asamblea General de la ONU.<\/p>\n<\/p>\n<p>Poco m\u00e1s de un siglo de dominaci\u00f3n for\u00e1nea dej\u00f3 en la isla del Encanto tristes huellas de pobreza, desempleo y una creciente insolvencia financiera, que se une a una recesi\u00f3n paralizante del desarrollo econ\u00f3mico y una deuda p\u00fablica impagable, superior a los 70 mil millones de d\u00f3lares.<\/p>\n<\/p>\n<p>Todo esto, condujo a la sociedad boricua a una crisis sin precedentes y a devastadoras consecuencias para la poblaci\u00f3n.<\/p>\n<\/p>\n<p>Como respuesta, Washington impuso una junta de supervisi\u00f3n fiscal integrada por siete proc\u00f3nsules, reafirmando la condici\u00f3n solapada de colonia mantenida hasta hoy, en lugar de abrir un proceso que permita ejercer la libre determinaci\u00f3n y adoptar medidas soberanas para encontrar soluciones a los conflictos internos.<\/p>\n<\/p>\n<p>Hasta el candidato presidencial dem\u00f3crata, Bernie Sanders, coment\u00f3 hace unos d\u00edas que la aplicaci\u00f3n de la ley Promesa, sin dudas, \u00ablimitar\u00e1 virtualmente todos los derechos pol\u00edticos y econ\u00f3micos al pueblo de Puerto Rico, y lo tratar\u00e1 completamente como una colonia\u00bb.<\/p>\n<h6> 2016-07-01 15:03:06 <\/h6>\n<p><!--\n<link rel=\"stylesheet\" href=\"css\/bootstrap.min.css\">\n\n\n<ul class=\"pagination\">\n\t    \n\t\n\n<li >\n\t<a href='?page_no=19158'>Previous<\/a>\n\t<\/li>\n\n\n       \n    \n\n<li><a href='?page_no=1'>1<\/a><\/li>\n\n\n\n<li><a href='?page_no=2'>2<\/a><\/li>\n\n\n\n<li><a>...<\/a><\/li>\n\n\n\n<li><a href='?page_no=19157'>19157<\/a><\/li>\n\n\n\n<li><a href='?page_no=19158'>19158<\/a><\/li>\n\n\n\n<li class='active'><a>19159<\/a><\/li>\n\n\n\n<li><a href='?page_no=19160'>19160<\/a><\/li>\n\n\n\n<li><a href='?page_no=19161'>19161<\/a><\/li>\n\n\n\n<li><a>...<\/a><\/li>\n\n\n\n<li><a href='?page_no=51012'>51012<\/a><\/li>\n\n\n\n<li><a href='?page_no=51013'>51013<\/a><\/li>\n\n    \n\t\n\n<li >\n\t<a href='?page_no=19160'>Next<\/a>\n\t<\/li>\n\n\n    \n\n<li><a href='?page_no=51013'>Last &rsaquo;&rsaquo;<\/a><\/li>\n\n<\/ul>\n\n\n--><br \/>\n<\/body><\/p>\n","protected":false},"excerpt":{"rendered":"<p>Por Miguel Fern\u00e1ndez Mart\u00ednez Las calles de San Juan se sacudieron ante los gritos de \u00abdesde adentro y desde afuera, le vamos a dar candela\u00bb, frente al principal edificio federal de Estados Unidos en la isla caribe\u00f1a, para reafirmar la repulsa popular a m\u00e1s de 118 a\u00f1os de dominaci\u00f3n colonial. La nueva ley de Supervisi\u00f3n, [&hellip;]<\/p>\n","protected":false},"author":3,"featured_media":0,"comment_status":"open","ping_status":"open","sticky":false,"template":"","format":"standard","meta":{"footnotes":""},"categories":[23],"tags":[],"class_list":["post-249514","post","type-post","status-publish","format-standard","hentry","category-internacional"],"_links":{"self":[{"href":"https:\/\/diariodominicano.com\/index.php?rest_route=\/wp\/v2\/posts\/249514","targetHints":{"allow":["GET"]}}],"collection":[{"href":"https:\/\/diariodominicano.com\/index.php?rest_route=\/wp\/v2\/posts"}],"about":[{"href":"https:\/\/diariodominicano.com\/index.php?rest_route=\/wp\/v2\/types\/post"}],"author":[{"embeddable":true,"href":"https:\/\/diariodominicano.com\/index.php?rest_route=\/wp\/v2\/users\/3"}],"replies":[{"embeddable":true,"href":"https:\/\/diariodominicano.com\/index.php?rest_route=%2Fwp%2Fv2%2Fcomments&post=249514"}],"version-history":[{"count":0,"href":"https:\/\/diariodominicano.com\/index.php?rest_route=\/wp\/v2\/posts\/249514\/revisions"}],"wp:attachment":[{"href":"https:\/\/diariodominicano.com\/index.php?rest_route=%2Fwp%2Fv2%2Fmedia&parent=249514"}],"wp:term":[{"taxonomy":"category","embeddable":true,"href":"https:\/\/diariodominicano.com\/index.php?rest_route=%2Fwp%2Fv2%2Fcategories&post=249514"},{"taxonomy":"post_tag","embeddable":true,"href":"https:\/\/diariodominicano.com\/index.php?rest_route=%2Fwp%2Fv2%2Ftags&post=249514"}],"curies":[{"name":"wp","href":"https:\/\/api.w.org\/{rel}","templated":true}]}}