{"id":249513,"date":"2016-07-04T02:36:32","date_gmt":"2016-07-04T02:36:32","guid":{"rendered":"http:\/\/diariodominicano.ddns.net\/?p=249513"},"modified":"2016-07-04T02:36:32","modified_gmt":"2016-07-04T02:36:32","slug":"al-menos-119-muertos-en-un-atentado-del-grupo-estado-islamico-en-irak","status":"publish","type":"post","link":"https:\/\/diariodominicano.com\/?p=249513","title":{"rendered":"Al menos 119 muertos en un atentado del grupo Estado Isl\u00e1mico en Irak"},"content":{"rendered":"<p><body><\/p>\n<p><img decoding=\"async\" src=\"img3\/bbe324ce7382ca78d306dc0c0bdd3d18ab638046.jpg\" \/><br \/><img decoding=\"async\" src=\"img3\/69b92960712088682c40e9cc6e8952bc613691e2.jpg\" \/><br \/><img decoding=\"async\" src=\"img3\/53e8bd6dcd1dbd9eb8308981259aae054872d74a.jpg\" \/>  <\/p>\n<\/p>\n<p>3 Jul 2016<\/p>\n<p>.<\/p>\n<\/p>\n<p>AFP \/ Haidar Hamdani<\/p>\n<p>Un hombre iraqu\u00ed llora la muerte de un ser querido durante su funeral en Nayaf, el 3 de julio de 2016, tras perder la vida junto a otras 119 personas en un atentado reivindicado por el grupo yihadista Estado Isl\u00e1mico (EI) en Bagdad<\/p>\n<p>Al menos 119 personas murieron y m\u00e1s de 180 resultaron heridas este domingo en un atentado suicida en Bagdad reivindicado por el grupo yihadista Estado Isl\u00e1mico (EI), el peor ataque en la capital iraqu\u00ed en 2016.<\/p>\n<p>El ataque tuvo lugar en una calle comercial del barrio de Karrada de la capital iraqu\u00ed, donde muchas personas suelen hacer sus compras antes de la fiesta del final del ramad\u00e1n.<\/p>\n<p>Seg\u00fan los responsables de seguridad, al menos 119 personas perdieron la vida y m\u00e1s de 180 resultaron heridas.<\/p>\n<p>El gobierno decret\u00f3 tres d\u00edas de duelo nacional y anunci\u00f3 que se endurecer\u00e1n las medidas de seguridad, en medio de las cr\u00edticas y cuestionamientos.<\/p>\n<p>El primer ministro, Haider Al Abadi, se desplaz\u00f3 al lugar del atentado y prometi\u00f3 \u00abcastigar\u00bb a los responsables, pero los bagdad\u00edes est\u00e1n furiosos por la incapacidad del gobierno de impedir este tipo de ataques.<\/p>\n<p>Una de las nuevas medidas anunciadas es el retiro de detectores de explosivos que han probado ser ineficaces.<\/p>\n<\/p>\n<p>AFP \/ Sabah Arar<\/p>\n<p>Bomberos y ciudadanos iraqu\u00edes en el lugar de un atentado suicida con coche bomba reivindicado por el grupo yihadista Estado Isl\u00e1mico el 3 de julio de 2016 en Bagdad, donde murieron 75 personas y m\u00e1s de 130 resultaron heridas<\/p>\n<p>Un video que circula en las redes sociales muestra a hombres lanzando piedras contra un convoy que parece ser el de Abadi.<\/p>\n<p>La deflagraci\u00f3n caus\u00f3 da\u00f1os importantes. Varios inmuebles y comercios fueron arrasados por las llamas, en incendios que segu\u00edan activos doce horas despu\u00e9s del atentado.<\/p>\n<p>Un miembro de las unidades de Protecci\u00f3n Civil explic\u00f3 que la identificaci\u00f3n de las v\u00edctimas \u00abva a tomar varios d\u00edas\u00bb.<\/p>\n<p>Husein Ali, un exsoldado de 24 a\u00f1os, dijo que seis personas que trabajaban en la tienda de su familia murieron y que sus cuerpo quedaron tan calcinados que no han podido ser identificados.<\/p>\n<p>\u00abVoy a volver al frente de batalla. Al menos ah\u00ed, puedo luchar. Aqu\u00ed no s\u00e9 con qu\u00e9 me enfrent\u00f3\u00bb, dijo a la AFP el joven.<\/p>\n<\/p>\n<p>AFP \/ Sabah Arar<\/p>\n<p>Una mujer iraqu\u00ed pasa junto a un edificio destrozado por la explosi\u00f3n de un coche bomba en el distrito bagdad\u00ed de Karrada, el 3 de julio de 2016, cuando el ataque, reivindicado por el grupo yihadista Estado Isl\u00e1mico, dej\u00f3 75 muertos<\/p>\n<p>El EI reivindic\u00f3 el ataque, afirmando que uno de sus combatientes hab\u00eda hecho estallar un coche bomba cerca de una reuni\u00f3n de musulmanes chiitas, seg\u00fan el centro de seguimiento de grupos yihadistas SITE.<\/p>\n<p>El atentado se produce una semana despu\u00e9s de que el EI perdiera la ciudad de Faluya frente a las tropas gubernamentales iraqu\u00edes apoyadas por la coalici\u00f3n internacional liderada por Estados Unidos.<\/p>\n<p>El atentado demuestra que a pesar de los reveses sufridos en Irak y Siria, el EI mantiene su capacidad operativa y es capaz de golpear lejos de sus bases.<\/p>\n<p>El \u00faltimo ataque de gran envergadura del EI en Bagdad ocurri\u00f3 el 17 mayo. Un doble atentado dej\u00f3 50 muertos y m\u00e1s de 100 heridos.<\/p>\n<p>&#8211; Capacidades de ataque &#8211;<\/p>\n<p>El ataque tuvo tambi\u00e9n lugar dos d\u00edas despu\u00e9s de que el Pent\u00e1gono anunciara la muerte de dos jefes militares del EI en un ataque de la coalici\u00f3n cerca de Mosul el 25 de junio.<\/p>\n<p>En el bombardeo \u00abmuri\u00f3 Basim Mohamed Sultan al Bajari, el viceministro de guerra del EI y Hatim Talib al Hamduni, un comandante militar de Mosul\u00bb, seg\u00fan la misma fuente.<\/p>\n<p>Ambos eran dos de los \u00abprincipales responsables militares del EI en el norte de Irak\u00bb y su \u00abeliminaci\u00f3n\u00bb permite \u00abpreparar el terreno para que las tropas iraqu\u00edes liberen Mosul, con el apoyo de la coalici\u00f3n\u00bb.<\/p>\n<p>Estados Unidos espera concluir la campa\u00f1a militar contra el grupo Estado Isl\u00e1mico antes de finales del verano de 2017.<\/p>\n<p>Seg\u00fan el director de la CIA, John Brennan, pese a que el EI ha perdido terreno en sus bastiones de Irak y Siria, mantiene intactas sus capacidades para cometer atentados \u00abterroristas\u00bb.<\/p>\n<p>\u00abA medida que la presi\u00f3n aumente\u00bb sobre el EI en el terreno, \u00abcreemos que intensificar\u00e1\u00bb sus esfuerzos para mantener su posici\u00f3n de organizaci\u00f3n \u00abterrorista\u00bb m\u00e1s fuerte del mundo, dijo Brennan en junio.<\/p>\n<p>El enviado de la ONU para Irak, por su parte, conden\u00f3 un \u00abacto cobarde y odioso de proporciones sin igual\u00bb, y llam\u00f3 a las autoridades a llevar a los responsables ante la justicia.<\/p>\n<p>Este grupo extremista, que ocupa tambi\u00e9n gran parte de Siria, ha cometido asimismo m\u00faltiples atentados en varios pa\u00edses del mundo.<\/p>\n<h6> 2016-07-04 02:36:32 <\/h6>\n<p><!--\n<link rel=\"stylesheet\" href=\"css\/bootstrap.min.css\">\n\n\n<ul class=\"pagination\">\n\t    \n\t\n\n<li >\n\t<a href='?page_no=19157'>Previous<\/a>\n\t<\/li>\n\n\n       \n    \n\n<li><a href='?page_no=1'>1<\/a><\/li>\n\n\n\n<li><a href='?page_no=2'>2<\/a><\/li>\n\n\n\n<li><a>...<\/a><\/li>\n\n\n\n<li><a href='?page_no=19156'>19156<\/a><\/li>\n\n\n\n<li><a href='?page_no=19157'>19157<\/a><\/li>\n\n\n\n<li class='active'><a>19158<\/a><\/li>\n\n\n\n<li><a href='?page_no=19159'>19159<\/a><\/li>\n\n\n\n<li><a href='?page_no=19160'>19160<\/a><\/li>\n\n\n\n<li><a>...<\/a><\/li>\n\n\n\n<li><a href='?page_no=51012'>51012<\/a><\/li>\n\n\n\n<li><a href='?page_no=51013'>51013<\/a><\/li>\n\n    \n\t\n\n<li >\n\t<a href='?page_no=19159'>Next<\/a>\n\t<\/li>\n\n\n    \n\n<li><a href='?page_no=51013'>Last &rsaquo;&rsaquo;<\/a><\/li>\n\n<\/ul>\n\n\n--><br \/>\n<\/body><\/p>\n","protected":false},"excerpt":{"rendered":"<p>3 Jul 2016 . AFP \/ Haidar Hamdani Un hombre iraqu\u00ed llora la muerte de un ser querido durante su funeral en Nayaf, el 3 de julio de 2016, tras perder la vida junto a otras 119 personas en un atentado reivindicado por el grupo yihadista Estado Isl\u00e1mico (EI) en Bagdad Al menos 119 personas [&hellip;]<\/p>\n","protected":false},"author":3,"featured_media":0,"comment_status":"open","ping_status":"open","sticky":false,"template":"","format":"standard","meta":{"footnotes":""},"categories":[23],"tags":[],"class_list":["post-249513","post","type-post","status-publish","format-standard","hentry","category-internacional"],"_links":{"self":[{"href":"https:\/\/diariodominicano.com\/index.php?rest_route=\/wp\/v2\/posts\/249513","targetHints":{"allow":["GET"]}}],"collection":[{"href":"https:\/\/diariodominicano.com\/index.php?rest_route=\/wp\/v2\/posts"}],"about":[{"href":"https:\/\/diariodominicano.com\/index.php?rest_route=\/wp\/v2\/types\/post"}],"author":[{"embeddable":true,"href":"https:\/\/diariodominicano.com\/index.php?rest_route=\/wp\/v2\/users\/3"}],"replies":[{"embeddable":true,"href":"https:\/\/diariodominicano.com\/index.php?rest_route=%2Fwp%2Fv2%2Fcomments&post=249513"}],"version-history":[{"count":0,"href":"https:\/\/diariodominicano.com\/index.php?rest_route=\/wp\/v2\/posts\/249513\/revisions"}],"wp:attachment":[{"href":"https:\/\/diariodominicano.com\/index.php?rest_route=%2Fwp%2Fv2%2Fmedia&parent=249513"}],"wp:term":[{"taxonomy":"category","embeddable":true,"href":"https:\/\/diariodominicano.com\/index.php?rest_route=%2Fwp%2Fv2%2Fcategories&post=249513"},{"taxonomy":"post_tag","embeddable":true,"href":"https:\/\/diariodominicano.com\/index.php?rest_route=%2Fwp%2Fv2%2Ftags&post=249513"}],"curies":[{"name":"wp","href":"https:\/\/api.w.org\/{rel}","templated":true}]}}