{"id":249512,"date":"2016-07-04T02:45:53","date_gmt":"2016-07-04T02:45:53","guid":{"rendered":"http:\/\/diariodominicano.ddns.net\/?p=249512"},"modified":"2016-07-04T02:45:53","modified_gmt":"2016-07-04T02:45:53","slug":"la-batalla-por-la-sucesion-de-cameron-se-endurece-en-el-reino-unido","status":"publish","type":"post","link":"https:\/\/diariodominicano.com\/?p=249512","title":{"rendered":"La batalla por la sucesi\u00f3n de Cameron se endurece en el Reino Unido"},"content":{"rendered":"<p><body><\/p>\n<p><img decoding=\"async\" src=\"img3\/c31464c4ab98115bfd02ccdee863ca0d31971b10.jpg\" \/><br \/><img decoding=\"async\" src=\"img3\/d122a7ff1e0dd3cfef29319d00b1ab21e13ca82c.jpg\" \/>  <\/p>\n<\/p>\n<p>3 Jul 2016<\/p>\n<p>AddThis Sharing ButtonsShare to FacebookShare to TwitterShare to Google+Share to M\u00e1s&#8230;<\/p>\n<\/p>\n<p>AFP \/ Chris J Ratcliffe<\/p>\n<p>El primer ministro brit\u00e1nico, David Cameron, saliendo de su residencia oficial, el n\u00famero 10 de Downing Street, el 30 de junio de 2016<\/p>\n<p>La batalla por suceder al primer ministro brit\u00e1nico, David Cameron, se endureci\u00f3 este domingo en los medios de comunicaci\u00f3n, en un momento en que la ministra del Interior, Theresa May, aparece como la gran favorita.<\/p>\n<p>May contar\u00eda ya con el apoyo de un centenar de los 330 diputados conservadores, quienes deber\u00e1n escoger a partir del martes a los dos candidatos finalistas, seg\u00fan los medios de comunicaci\u00f3n brit\u00e1nicos.<\/p>\n<p>Sin embargo, sus principales rivales decidieron bloquearle el paso, asegurando que el sucesor de Cameron deber\u00eda salir de las filas de los partidarios del Brexit en el refer\u00e9ndum del pasado junio.<\/p>\n<p>Theresa May milit\u00f3 por la permanencia en la UE, as\u00ed como David Cameron, que anunci\u00f3 su dimisi\u00f3n un d\u00eda despu\u00e9s de la victoria de los partidarios de abandonar el bloque.<\/p>\n<p>\u00abTheresa es una candidata destacable, pero el pa\u00eds necesita un dirigente que crea realmente en las oportunidades que se abren con una salida de la UE\u00bb, declar\u00f3 a la BBC la secretaria de Estado de Energ\u00eda, Andrea Leadsom, tambi\u00e9n candidata a primera ministra y quien hizo campa\u00f1a por el Brexit.<\/p>\n<p>En la misma l\u00ednea, otro de los candidatos a suceder a Cameron, el euroesc\u00e9ptico ministro de Justicia Michael Gove, afirm\u00f3 tambi\u00e9n que \u00abel pr\u00f3ximo primer ministro deber\u00e1 ser alguien que defendi\u00f3 la visi\u00f3n de la independencia durante el refer\u00e9ndum\u00bb, en una tribuna en el Sunday Telegraph.<\/p>\n<p>Un sondeo de ICM para el diario Sun otorgaba una amplia ventaja a la ministra del Interior frente a sus rivales. Un 46% de los conservadores consideran a May como la mejor candidata, por delante de Gove (18%) y Leadsom (7%).<\/p>\n<p>El 59% de las personas encuestadas estiman adem\u00e1s que el pr\u00f3ximo jefe de gobierno brit\u00e1nico no tiene por qu\u00e9 haber defendido la salida del Reino Unido de la UE durante la campa\u00f1a.<\/p>\n<p>&#8211; &#8216;Controlar la libertad de circulaci\u00f3n&#8217; &#8211;<\/p>\n<\/p>\n<p>AFP \/ Frantzesco Kangaris<\/p>\n<p>La ministra del Interior brit\u00e1nica, Theresa May, en una rueda de prensa en el centro de Londres el 30 de junio de 2016<\/p>\n<p>\u00abLa carrera por la sucesi\u00f3n de David Cameron podr\u00eda no ser un marat\u00f3n, sino un esprint\u00bb, estima Martin Boon, del instituto ICM, para quien la ministra del Interior \u00abaparece de manera aplastante como la candidata m\u00e1s competente\u00bb.<\/p>\n<p>Mientras Andrea Leadsom padece una falta de notoriedad, Michael Gove tiene la imagen de \u00abtraidor\u00bb, en primer lugar, respecto a su amigo Cameron por elegir el campo del Brexit y, despu\u00e9s, de cara a su aliado euroesc\u00e9ptico Boris Johnson, por anunciar su candidatura antes que \u00e9l.<\/p>\n<p>Gove reiter\u00f3 el domingo en la BBC que no pensaba que Boris Johnson podr\u00eda haber dirigido el pa\u00eds. \u00abTengo el sentimiento de que no estaba listo para responder al desaf\u00edo\u00bb, declar\u00f3 y puso como ejemplo el hecho de que finalmente el exalcalde de Londres renunciara a suceder a Cameron.<\/p>\n<p>En declaraciones a la cadena ITV, May estim\u00f3, por su parte, que el pa\u00eds merece algo m\u00e1s que un primer ministro pro-Brexit. \u00abNecesitamos a alguien que sepa construir a partir de la herencia de David Cameron\u00bb y para todo el pa\u00eds, asegur\u00f3.<\/p>\n<p>La v\u00edspera, decenas de miles de brit\u00e1nicos marcharon en el centro de Londres para manifestar su oposici\u00f3n a una salida de la UE.<\/p>\n<p>Respecto a las negociaciones con Bruselas, la ministra de Interior reiter\u00f3 que, en caso de ser elegida jefa de gobierno, no piensa notificar el Brexit a la UE antes de finales de a\u00f1o.<\/p>\n<p>Los l\u00edderes europeos reiteraron, no obstante, durante el Consejo Europeo del pasado martes, que \u00absin notificaci\u00f3n, no hay negociaci\u00f3n\u00bb con Reino Unido.<\/p>\n<p>\u00abEs importante que alcancemos un bueno acuerdo sobre el control de la libertad de circulaci\u00f3n [de personas], pero tambi\u00e9n para el comercio de bienes y servicios\u00bb, agreg\u00f3 May.<\/p>\n<p>Los brit\u00e1nicos votaron en su mayor\u00eda a favor de salir de la Uni\u00f3n Europea para frenar la llegada de migrantes procedentes de la UE.<\/p>\n<p>Sin embargo, los dirigentes europeos defienden que la libertad de circulaci\u00f3n es innegociable si Reino Unido quiere permanecer en el mercado \u00fanico europeo tras el Brexit.<\/p>\n<p>Tras la designaci\u00f3n por parte de los diputados conservadores de los dos finalistas al puesto de primer ministro el 12 de julio, unos 150.000 militantes conservadores deber\u00e1n elegir al sucesor de Cameron antes del 9 de septiembre.<\/p>\n<h6> 2016-07-04 02:45:53 <\/h6>\n<p><!--\n<link rel=\"stylesheet\" href=\"css\/bootstrap.min.css\">\n\n\n<ul class=\"pagination\">\n\t    \n\t\n\n<li >\n\t<a href='?page_no=19156'>Previous<\/a>\n\t<\/li>\n\n\n       \n    \n\n<li><a href='?page_no=1'>1<\/a><\/li>\n\n\n\n<li><a href='?page_no=2'>2<\/a><\/li>\n\n\n\n<li><a>...<\/a><\/li>\n\n\n\n<li><a href='?page_no=19155'>19155<\/a><\/li>\n\n\n\n<li><a href='?page_no=19156'>19156<\/a><\/li>\n\n\n\n<li class='active'><a>19157<\/a><\/li>\n\n\n\n<li><a href='?page_no=19158'>19158<\/a><\/li>\n\n\n\n<li><a href='?page_no=19159'>19159<\/a><\/li>\n\n\n\n<li><a>...<\/a><\/li>\n\n\n\n<li><a href='?page_no=51012'>51012<\/a><\/li>\n\n\n\n<li><a href='?page_no=51013'>51013<\/a><\/li>\n\n    \n\t\n\n<li >\n\t<a href='?page_no=19158'>Next<\/a>\n\t<\/li>\n\n\n    \n\n<li><a href='?page_no=51013'>Last &rsaquo;&rsaquo;<\/a><\/li>\n\n<\/ul>\n\n\n--><br \/>\n<\/body><\/p>\n","protected":false},"excerpt":{"rendered":"<p>3 Jul 2016 AddThis Sharing ButtonsShare to FacebookShare to TwitterShare to Google+Share to M\u00e1s&#8230; AFP \/ Chris J Ratcliffe El primer ministro brit\u00e1nico, David Cameron, saliendo de su residencia oficial, el n\u00famero 10 de Downing Street, el 30 de junio de 2016 La batalla por suceder al primer ministro brit\u00e1nico, David Cameron, se endureci\u00f3 este [&hellip;]<\/p>\n","protected":false},"author":3,"featured_media":0,"comment_status":"open","ping_status":"open","sticky":false,"template":"","format":"standard","meta":{"footnotes":""},"categories":[23],"tags":[],"class_list":["post-249512","post","type-post","status-publish","format-standard","hentry","category-internacional"],"_links":{"self":[{"href":"https:\/\/diariodominicano.com\/index.php?rest_route=\/wp\/v2\/posts\/249512","targetHints":{"allow":["GET"]}}],"collection":[{"href":"https:\/\/diariodominicano.com\/index.php?rest_route=\/wp\/v2\/posts"}],"about":[{"href":"https:\/\/diariodominicano.com\/index.php?rest_route=\/wp\/v2\/types\/post"}],"author":[{"embeddable":true,"href":"https:\/\/diariodominicano.com\/index.php?rest_route=\/wp\/v2\/users\/3"}],"replies":[{"embeddable":true,"href":"https:\/\/diariodominicano.com\/index.php?rest_route=%2Fwp%2Fv2%2Fcomments&post=249512"}],"version-history":[{"count":0,"href":"https:\/\/diariodominicano.com\/index.php?rest_route=\/wp\/v2\/posts\/249512\/revisions"}],"wp:attachment":[{"href":"https:\/\/diariodominicano.com\/index.php?rest_route=%2Fwp%2Fv2%2Fmedia&parent=249512"}],"wp:term":[{"taxonomy":"category","embeddable":true,"href":"https:\/\/diariodominicano.com\/index.php?rest_route=%2Fwp%2Fv2%2Fcategories&post=249512"},{"taxonomy":"post_tag","embeddable":true,"href":"https:\/\/diariodominicano.com\/index.php?rest_route=%2Fwp%2Fv2%2Ftags&post=249512"}],"curies":[{"name":"wp","href":"https:\/\/api.w.org\/{rel}","templated":true}]}}