{"id":249511,"date":"2016-07-04T02:50:55","date_gmt":"2016-07-04T02:50:55","guid":{"rendered":"http:\/\/diariodominicano.ddns.net\/?p=249511"},"modified":"2016-07-04T02:50:55","modified_gmt":"2016-07-04T02:50:55","slug":"un-superviviente-de-banglades-atormentado-por-los-gritos","status":"publish","type":"post","link":"https:\/\/diariodominicano.com\/?p=249511","title":{"rendered":"Un superviviente de Banglad\u00e9s, atormentado por los gritos"},"content":{"rendered":"<p><body><\/p>\n<p><img decoding=\"async\" src=\"img3\/144a40a4d889205c2deab0c904b7aa69380dac58.jpg\" \/>  <\/p>\n<\/p>\n<p>3 Jul 2016<\/p>\n<\/p>\n<p>AFP \/ Roberto Schmidt<\/p>\n<p>Un polic\u00eda banglades\u00ed vigilando durante un acto de un grupo de pacifistas tras el ataque yihadista en un restaurante de Daca, el 3 de julio de 2016<\/p>\n<p>Un superviviente de la masacre yihadista perpetrada el viernes por la noche en un restaurante en Daca cont\u00f3 este domingo a AFP que \u00abrez\u00f3 a Al\u00e1\u00bb y \u00abvomit\u00f3 varias veces\u00bb al escuchar los gritos de las personas asesinadas a machetazos.<\/p>\n<p>Este empleado del Holey Artisan Bakery, un restaurante del exclusivo barrio de Gulshan, dijo que se salv\u00f3 por ser musulm\u00e1n. Los atacantes dijeron a los rehenes que no har\u00edan da\u00f1o a los musulmanes.<\/p>\n<p>\u00abMe llevaron junto a dos de mis colegas y nos obligaron a sentarnos, con la cabeza apoyada en una mesa\u00bb, relat\u00f3 este hombre, bajo condici\u00f3n de anonimato.<\/p>\n<p>\u00abRec\u00e9 a Al\u00e1. Vomit\u00e9 varias veces. Nos dijeron que no levant\u00e1ramos la cabeza, pero durante unos segundos levant\u00e9 ligeramente la cabeza y vi un cuerpo yaciendo en el suelo en un charco de sangre\u00bb.<\/p>\n<p>Pens\u00f3 que no saldr\u00eda vivo de esta pesadilla que comenz\u00f3 la noche del viernes y dur\u00f3 once horas. Veinte rehenes, de ellos 18 extranjeros, fueron masacrados.<\/p>\n<p>El ministro del Interior de Banglad\u00e9s dijo a AFP que probablemente fueron asesinados durante los diez primeros minutos del ataque.<\/p>\n<p>\u00abCreo que fueron asesinados poco despu\u00e9s de que los atacantes entraran al restaurante\u00bb, confirm\u00f3 el empleado banglades\u00ed.<\/p>\n<p>\u00abEscuch\u00e9 muchos gritos, llantos y disparos los primeros minutos. Luego hubo una pausa larga\u00bb.<\/p>\n<p>\u00abHacia la medianoche volvimos a escuchar disparos pero enseguida volvi\u00f3 la calma\u00bb.<\/p>\n<p>\u00abLa luz estaba apagada pero pod\u00eda ver a clientes banglades\u00edes sentados cerca de nosotros en otra mesa. Nadie hablaba\u00bb.<\/p>\n<p>\u00abM\u00e1s tarde, nos preguntaron si ayun\u00e1bamos por el ramad\u00e1n. Dije que s\u00ed y nos trajeron comida, para que podamos comer antes de que se levantara el sol. Com\u00ed muy poco y beb\u00ed agua\u00bb.<\/p>\n<p>\u00abLos vi llevando armas y machetes todo el tiempo. Iban de una pieza a la otra, no se sentaban nunca\u00bb.<\/p>\n<p>\u00abCuando vieron que las tropas iban a lanzar un asalto, vinieron a vernos una \u00faltima vez y nos pidieron que no manch\u00e1ramos el nombre del islam y que fu\u00e9ramos buenos musulmanes\u00bb.<\/p>\n<p>\u00abSalieron de la pieza y escuchamos disparos. Unos minutos despu\u00e9s, todo termin\u00f3\u00bb.<\/p>\n<p>ANTERIOR\tRETORNAR\tSIGUIENTE<\/p>\n<p>Bolet\u00edn AFP<\/p>\n<p>Suscr\u00edbase al bolet\u00edn informativo de AFP<\/p>\n<\/p>\n<p>user@example.com<\/p>\n<p>OK<\/p>\n<p>La red mundial de AFP<\/p>\n<\/p>\n<p>200 oficinas en 150 pa\u00edsesAMPLIAR<\/p>\n<p>Contacto AFP<\/p>\n<\/p>\n<p>\u00bfDesea compartir una informaci\u00f3n, un comentario? Escr\u00edbanos a&#8230;MAILFACEBOOKTWITTER<\/p>\n<h6> 2016-07-04 02:50:55 <\/h6>\n<p><!--\n<link rel=\"stylesheet\" href=\"css\/bootstrap.min.css\">\n\n\n<ul class=\"pagination\">\n\t    \n\t\n\n<li >\n\t<a href='?page_no=19155'>Previous<\/a>\n\t<\/li>\n\n\n       \n    \n\n<li><a href='?page_no=1'>1<\/a><\/li>\n\n\n\n<li><a href='?page_no=2'>2<\/a><\/li>\n\n\n\n<li><a>...<\/a><\/li>\n\n\n\n<li><a href='?page_no=19154'>19154<\/a><\/li>\n\n\n\n<li><a href='?page_no=19155'>19155<\/a><\/li>\n\n\n\n<li class='active'><a>19156<\/a><\/li>\n\n\n\n<li><a href='?page_no=19157'>19157<\/a><\/li>\n\n\n\n<li><a href='?page_no=19158'>19158<\/a><\/li>\n\n\n\n<li><a>...<\/a><\/li>\n\n\n\n<li><a href='?page_no=51012'>51012<\/a><\/li>\n\n\n\n<li><a href='?page_no=51013'>51013<\/a><\/li>\n\n    \n\t\n\n<li >\n\t<a href='?page_no=19157'>Next<\/a>\n\t<\/li>\n\n\n    \n\n<li><a href='?page_no=51013'>Last &rsaquo;&rsaquo;<\/a><\/li>\n\n<\/ul>\n\n\n--><br \/>\n<\/body><\/p>\n","protected":false},"excerpt":{"rendered":"<p>3 Jul 2016 AFP \/ Roberto Schmidt Un polic\u00eda banglades\u00ed vigilando durante un acto de un grupo de pacifistas tras el ataque yihadista en un restaurante de Daca, el 3 de julio de 2016 Un superviviente de la masacre yihadista perpetrada el viernes por la noche en un restaurante en Daca cont\u00f3 este domingo a [&hellip;]<\/p>\n","protected":false},"author":3,"featured_media":0,"comment_status":"open","ping_status":"open","sticky":false,"template":"","format":"standard","meta":{"footnotes":""},"categories":[23],"tags":[],"class_list":["post-249511","post","type-post","status-publish","format-standard","hentry","category-internacional"],"_links":{"self":[{"href":"https:\/\/diariodominicano.com\/index.php?rest_route=\/wp\/v2\/posts\/249511","targetHints":{"allow":["GET"]}}],"collection":[{"href":"https:\/\/diariodominicano.com\/index.php?rest_route=\/wp\/v2\/posts"}],"about":[{"href":"https:\/\/diariodominicano.com\/index.php?rest_route=\/wp\/v2\/types\/post"}],"author":[{"embeddable":true,"href":"https:\/\/diariodominicano.com\/index.php?rest_route=\/wp\/v2\/users\/3"}],"replies":[{"embeddable":true,"href":"https:\/\/diariodominicano.com\/index.php?rest_route=%2Fwp%2Fv2%2Fcomments&post=249511"}],"version-history":[{"count":0,"href":"https:\/\/diariodominicano.com\/index.php?rest_route=\/wp\/v2\/posts\/249511\/revisions"}],"wp:attachment":[{"href":"https:\/\/diariodominicano.com\/index.php?rest_route=%2Fwp%2Fv2%2Fmedia&parent=249511"}],"wp:term":[{"taxonomy":"category","embeddable":true,"href":"https:\/\/diariodominicano.com\/index.php?rest_route=%2Fwp%2Fv2%2Fcategories&post=249511"},{"taxonomy":"post_tag","embeddable":true,"href":"https:\/\/diariodominicano.com\/index.php?rest_route=%2Fwp%2Fv2%2Ftags&post=249511"}],"curies":[{"name":"wp","href":"https:\/\/api.w.org\/{rel}","templated":true}]}}