{"id":249510,"date":"2016-07-04T03:02:46","date_gmt":"2016-07-04T03:02:46","guid":{"rendered":"http:\/\/diariodominicano.ddns.net\/?p=249510"},"modified":"2016-07-04T03:02:46","modified_gmt":"2016-07-04T03:02:46","slug":"elie-wiesel-escritor-premio-nobel-y-gran-testigo-del-holocausto","status":"publish","type":"post","link":"https:\/\/diariodominicano.com\/?p=249510","title":{"rendered":"Elie Wiesel, escritor, premio Nobel y gran testigo del Holocausto"},"content":{"rendered":"<p><body><\/p>\n<\/p>\n<p>3 Jul 2016<\/p>\n<\/p>\n<p>AFP\/Archivos \/ Bertrand Langlois<\/p>\n<p>El premio Nobel de la Paz Elie Wiesel, tras recibir la orden de caballero brit\u00e1nico de honor en el Ministerio de Exteriores de Londres, el 30 de noviembre de 2006<\/p>\n<p>Escritor franc\u00e9s, ciudadano estadounidense y ante todo jud\u00edo, Elie Wiesel, el premio Nobel de la Paz fallecido el s\u00e1bado a los 87 a\u00f1os, dedic\u00f3 su vida a defender la memoria del Holocausto tras sobrevivir al campo de exterminio nazi de Auschwitz.<\/p>\n<p>Catedr\u00e1tico de Ciencias Humanas de la Universidad de Boston durante muchos a\u00f1os, Wiesel vivi\u00f3 a caballo entre Estados Unidos, Francia e Israel.<\/p>\n<p>De origen rumano, pensaba en yidis, escrib\u00eda con frecuencia en franc\u00e9s y viv\u00eda su d\u00eda a d\u00eda en ingl\u00e9s.<\/p>\n<p>Para favorecer la comprensi\u00f3n entre pueblos, este \u00abmensajero de la Humanidad\u00bb, como lo calific\u00f3 el comit\u00e9 del premio Nobel, cre\u00f3 la Fundaci\u00f3n Elie Wiesel para la Humanidad con su esposa, de origen austr\u00edaco, y tambi\u00e9n la Academia Universal de las Culturas.<\/p>\n<p>Infatigable militante de los derechos humanos de gran prestigio en la escena internacional, abander\u00f3 todo tipo de causas sociales, de Armenia a Darfur, haciendo siempre hincapi\u00e9 en la infancia.<\/p>\n<p>Durante a\u00f1os temi\u00f3 que el mundo olvidara el Holocausto, ese \u00abevento \u00fanico\u00bb en la Historia, para acabar admitiendo que hab\u00eda sido ampliamente documentado. Pas\u00f3 entonces a clamar contra su \u00abbanalizaci\u00f3n\u00bb y contra la indiferencia derivada de ella.\u00bbLo opuesto al amor no es el odio, sino la indiferencia, lo opuesto a la vida no es la muerte, sino la indiferencia ante la vida y ante la muerte\u00bb, afirmaba.<\/p>\n<p>&#8211; &#8216;La noche&#8217;, su obra maestra &#8211;<\/p>\n<\/p>\n<p>AFP\/Archivos \/ Philippe Wojazer<\/p>\n<p>El entonces presidente franc\u00e9s, Fran\u00e7ois Mitterrand (dcha), galardonando al escritor de origen rumano Elie Wiesel con la Legi\u00f3n de Honor, en el Palacio del El\u00edseo parisino, el 9 de mayo de 1984<\/p>\n<p>Nacido el 30 de septiembre de 1928 en Sighet, Ruman\u00eda (Transilvania en aquella \u00e9poca) en el seno de una familia modesta, Wiesel fue deportado a los 15 a\u00f1os a Auschwitz-Birkenau, el mayor campo de exterminio nazi en Polonia, ocupada por Alemania. Su madre y su hermana menor fueron asesinadas, mientras que su padre muri\u00f3 ante sus ojos en el campo de Buchenwald (Alemania) al que fueron trasladados posteriormente.<\/p>\n<p>Tras ser rescatado al final de la guerra, en 1945, fue acogido en Francia por la OSE (Obra Jud\u00eda de Auxilio a la Infancia) y vivi\u00f3 con la asociaci\u00f3n hasta los 28 a\u00f1os. Durante esta \u00e9poca, Wiesel estudi\u00f3 Filosof\u00eda en la Sorbona, y posteriormente se hizo periodista y escritor.<\/p>\n<p>En Francia aprendi\u00f3 a amar el franc\u00e9s, una \u00ablengua cartesiana que rechaza el misticismo\u00bb en el que se \u00abba\u00f1\u00f3\u00bb durante su infancia y adolescencia, en el que vivi\u00f3 todas sus \u00abaventuras interiores\u00bb.<\/p>\n<p>\u00abLa \u00fanica condecoraci\u00f3n que porto es la Legi\u00f3n de Honor, por gratitud hacia Francia, a la que tanto debo\u00bb, aseguraba este admirador de Moli\u00e8re y Camus, que fue durante a\u00f1os \u00edntimo de Fran\u00e7ois Mitterrand, antes de descubrirse la amistad del presidente franc\u00e9s con un alto responsable colaboracionista del gobierno de Vichy.<\/p>\n<p>Fran\u00e7ois Mauriac, premio Nobel de Literatura, firm\u00f3 el prefacio de su primera novela, &#8216;La noche&#8217; (1958), en la que relata sus recuerdos de ni\u00f1o deportado. Le seguir\u00edan decenas de obras m\u00e1s, escritas en franc\u00e9s, ingl\u00e9s, hebreo y yidis, con incursiones en la ficci\u00f3n, el teatro y el ensayo.<\/p>\n<p>&#8216;El testamento de un poeta jud\u00edo asesinado&#8217; (1980), en el cuestiona el silencio de Dios, fue su libro m\u00e1s conocido.<\/p>\n<p>El Congreso estadounidense le conceder\u00eda la medalla de oro por su trabajo al frente del Holocaust Memorial Council de Estados Unidos y en 2006, recibi\u00f3 la propuesta de presidir el Estado de Israel, que Wiesel rechaz\u00f3 alegando que no era m\u00e1s que un escritor.<\/p>\n<p>Hombre atento y lleno de humor, de voz dulce y mirada intensa, consideraba que todo lo que hac\u00eda, lo hac\u00eda \u00aben tanto que jud\u00edo\u00bb: \u00abPuedo ser jud\u00edo con o contra Dios. Pero no sin Dios. Mi padre era creyente, mi abuelo era creyente, su propio padre era creyente&#8230; \u00bfC\u00f3mo podr\u00eda yo romper esa cadena?\u00bb, se preguntaba.<\/p>\n<h6> 2016-07-04 03:02:46 <\/h6>\n<p><!--\n<link rel=\"stylesheet\" href=\"css\/bootstrap.min.css\">\n\n\n<ul class=\"pagination\">\n\t    \n\t\n\n<li >\n\t<a href='?page_no=19154'>Previous<\/a>\n\t<\/li>\n\n\n       \n    \n\n<li><a href='?page_no=1'>1<\/a><\/li>\n\n\n\n<li><a href='?page_no=2'>2<\/a><\/li>\n\n\n\n<li><a>...<\/a><\/li>\n\n\n\n<li><a href='?page_no=19153'>19153<\/a><\/li>\n\n\n\n<li><a href='?page_no=19154'>19154<\/a><\/li>\n\n\n\n<li class='active'><a>19155<\/a><\/li>\n\n\n\n<li><a href='?page_no=19156'>19156<\/a><\/li>\n\n\n\n<li><a href='?page_no=19157'>19157<\/a><\/li>\n\n\n\n<li><a>...<\/a><\/li>\n\n\n\n<li><a href='?page_no=51012'>51012<\/a><\/li>\n\n\n\n<li><a href='?page_no=51013'>51013<\/a><\/li>\n\n    \n\t\n\n<li >\n\t<a href='?page_no=19156'>Next<\/a>\n\t<\/li>\n\n\n    \n\n<li><a href='?page_no=51013'>Last &rsaquo;&rsaquo;<\/a><\/li>\n\n<\/ul>\n\n\n--><br \/>\n<\/body><\/p>\n","protected":false},"excerpt":{"rendered":"<p>3 Jul 2016 AFP\/Archivos \/ Bertrand Langlois El premio Nobel de la Paz Elie Wiesel, tras recibir la orden de caballero brit\u00e1nico de honor en el Ministerio de Exteriores de Londres, el 30 de noviembre de 2006 Escritor franc\u00e9s, ciudadano estadounidense y ante todo jud\u00edo, Elie Wiesel, el premio Nobel de la Paz fallecido el [&hellip;]<\/p>\n","protected":false},"author":3,"featured_media":0,"comment_status":"open","ping_status":"open","sticky":false,"template":"","format":"standard","meta":{"footnotes":""},"categories":[23],"tags":[],"class_list":["post-249510","post","type-post","status-publish","format-standard","hentry","category-internacional"],"_links":{"self":[{"href":"https:\/\/diariodominicano.com\/index.php?rest_route=\/wp\/v2\/posts\/249510","targetHints":{"allow":["GET"]}}],"collection":[{"href":"https:\/\/diariodominicano.com\/index.php?rest_route=\/wp\/v2\/posts"}],"about":[{"href":"https:\/\/diariodominicano.com\/index.php?rest_route=\/wp\/v2\/types\/post"}],"author":[{"embeddable":true,"href":"https:\/\/diariodominicano.com\/index.php?rest_route=\/wp\/v2\/users\/3"}],"replies":[{"embeddable":true,"href":"https:\/\/diariodominicano.com\/index.php?rest_route=%2Fwp%2Fv2%2Fcomments&post=249510"}],"version-history":[{"count":0,"href":"https:\/\/diariodominicano.com\/index.php?rest_route=\/wp\/v2\/posts\/249510\/revisions"}],"wp:attachment":[{"href":"https:\/\/diariodominicano.com\/index.php?rest_route=%2Fwp%2Fv2%2Fmedia&parent=249510"}],"wp:term":[{"taxonomy":"category","embeddable":true,"href":"https:\/\/diariodominicano.com\/index.php?rest_route=%2Fwp%2Fv2%2Fcategories&post=249510"},{"taxonomy":"post_tag","embeddable":true,"href":"https:\/\/diariodominicano.com\/index.php?rest_route=%2Fwp%2Fv2%2Ftags&post=249510"}],"curies":[{"name":"wp","href":"https:\/\/api.w.org\/{rel}","templated":true}]}}