{"id":249506,"date":"2016-07-04T08:47:19","date_gmt":"2016-07-04T08:47:19","guid":{"rendered":"http:\/\/diariodominicano.ddns.net\/?p=249506"},"modified":"2016-07-04T08:47:19","modified_gmt":"2016-07-04T08:47:19","slug":"alerta-por-seguridad-de-jovenes-boricuas-opuestos-a-junta-fiscal","status":"publish","type":"post","link":"https:\/\/diariodominicano.com\/?p=249506","title":{"rendered":"Alerta por seguridad de j\u00f3venes boricuas opuestos a junta fiscal"},"content":{"rendered":"<p><body><\/p>\n<p><img decoding=\"async\" src=\"img3\/Ssanjuan4-7.jpg\" \/>  <\/p>\n<p><span class=\"text1noticias\">San Juan, 4 jul (PL) El Colegio de Abogados de Puerto Rico permanece hoy alerta ante el posible desalojo de los j\u00f3venes que protestan contra la junta fiscal de Estados Unidos en la entrada del edificio federal en San Juan.<\/span><\/p>\n<p><span class=\"text1noticias\"> <\/span><\/p>\n<p><span class=\"text1noticias\">\u00abNosotros tenemos un grupo de abogados, algunos de los cuales participaron en la lucha de Vieques contra la Marina de Guerra de Estados Unidos o defendieron a los desobedientes civiles, pendientes de cualquier eventualidad en el edificio federal en Hato Rey\u00bb, revel\u00f3 el presidente de los togados colegiados, Mark Anthony Bimbela.<\/span><\/p>\n<p><span class=\"text1noticias\"> <\/span><\/p>\n<p><span class=\"text1noticias\">Los j\u00f3venes, que desde el mi\u00e9rcoles de la semana pasada bloquean la entrada principal del edificio -con caracter\u00edsticas similares a las embajadas de Estados Unidos-, recurrieron a la instituci\u00f3n de letrados para orientarse sobre algunos aspectos legales.<\/span><\/p>\n<p><span class=\"text1noticias\"> <\/span><\/p>\n<p><span class=\"text1noticias\">Bimbela explic\u00f3 que el Colegio de Abogados no tiene una estrategia de c\u00f3mo tratar el asunto, porque eso corresponde a los manifestantes decidirlo, pero \u00abnosotros estamos en la total disposici\u00f3n de ayudarlos en lo que nos piden\u00bb.<\/span><\/p>\n<p><span class=\"text1noticias\"> <\/span><\/p>\n<p><span class=\"text1noticias\">Ante la posible intervenci\u00f3n de la polic\u00eda puertorrique\u00f1a con el campamento de desobedientes civiles, el l\u00edder de los abogados hizo gestiones a nivel del secretario de Justicia, C\u00e9sar Miranda, para que se evitara una confrontaci\u00f3n.<\/span><\/p>\n<p><span class=\"text1noticias\"> <\/span><\/p>\n<p><span class=\"text1noticias\">La acci\u00f3n de Bimbela se une a las de otras organizaciones que se mantienen alertas ante la posibilidad de que se intente desalojar a los manifestantes, quienes han colocado carteles y pintado consignas de repudio a la junta federal de control fiscal y la dominaci\u00f3n colonial de Puerto Rico, que Washington mantiene desde hace 118 a\u00f1os.<\/span><\/p>\n<p><span class=\"text1noticias\"> <\/span><\/p>\n<p><span class=\"text1noticias\">\u00abExigimos que cualquier intento de desalojar el campamento se haga con pleno respeto por los derechos humanos de estos j\u00f3venes que est\u00e1n expresando su sentir\u00bb, manifest\u00f3 por su parte Liza Gallardo Mart\u00edn, directora ejecutiva de Amnist\u00eda Internacional de Puerto Rico.<\/span><\/p>\n<p><span class=\"text1noticias\"> <\/span><\/p>\n<p><span class=\"text1noticias\">El planteamiento se produjo un d\u00eda despu\u00e9s de que los manifestantes fueron advertidos por alguaciles estadounidenses de que se encontraban en \u00abterreno federal\u00bb, por lo que deb\u00edan abandonar el lugar o, de lo contrario, en cualquier momento ser\u00e1n desalojados.<\/span><\/p>\n<p><span class=\"text1noticias\"> <\/span><\/p>\n<p><span class=\"text1noticias\">La junta de control fiscal de siete miembros ser\u00e1 impuesta al gobierno puertorrique\u00f1o por Estados Unidos, luego de que el presidente Barack Obama estampara su firma a la legislaci\u00f3n Promesa (Puerto Rico Oversight, Management, and Economic Stability Act).<\/span><\/p>\n<p><span class=\"text1noticias\"> <\/span><\/p>\n<p><span class=\"text1noticias\">El establecimiento del organismo federal tiene como prop\u00f3sito garantizar el pago de la deuda de 70 mil millones de d\u00f3lares a los bonistas de Wall Street y a los fondos buitres, a la vez que reduce de 7,25 a 4,25 d\u00f3lares la hora a los j\u00f3venes de 25 a\u00f1os o menos, entre otras restricciones.<\/span><\/p>\n<p><span class=\"text1noticias\"> <\/span><\/p>\n<p><span class=\"text1noticias\">Gallardo consider\u00f3 que este grupo, que levant\u00f3 el campamento el pasado mi\u00e9rcoles, quiere expresar su preocupaci\u00f3n por la decisi\u00f3n de imponer una junta de control fiscal y que se est\u00e1 llevando a cabo de manera pac\u00edfica, por lo que no se justifica una acci\u00f3n violenta en su contra.<\/span><\/p>\n<p><span class=\"text1noticias\"> <\/span><\/p>\n<p><span class=\"text1noticias\">Los manifestantes confirmaron a Prensa Latina que se proponen permanecer en el campamento por tiempo indefinido, sin importar las consecuencias, por lo que solicitaron que hoy, cuando se conmemora la independencia de Estados Unidos, se desarrolle un programa en reclamo a la soberan\u00eda de Puerto Rico.<\/span><\/p>\n<p><span class=\"text1noticias\"> <\/span><\/p>\n<p><span class=\"text1noticias\">Ana Isabel Moreira, una de las portavoces de los manifestantes, reconoci\u00f3 que hasta ahora no han tenido ning\u00fan problema con los oficiales federales que vigilan en la parte interior de las rejas que divide el edificio federal del exterior, donde se encuentra la polic\u00eda puertorrique\u00f1a.<\/span><\/p>\n<p><span class=\"text1noticias\"> <\/span><\/p>\n<p><span class=\"text1noticias\">\u00abNuestro llamado es a unificar a las personas de todos los sectores, para combatir el pago de la deuda, que es ilegal\u00bb, detall\u00f3 la joven, acompa\u00f1ada de Luis P\u00e9rez Cintr\u00f3n y Camila S\u00e1nchez-Longo, tambi\u00e9n portavoces de los manifestantes.<\/span><\/p>\n<p><span class=\"text1noticias\"> <\/span><\/p>\n<p><span class=\"text1noticias\">Los manifestantes reclaman que Washington d\u00e9 pasos hacia la descolonizaci\u00f3n, a la vez que destacan en sus carteles que el problema no es la deuda ni la junta de control fiscal, sino el colonialismo impuesto en 1898, cuando Estados Unidos invadi\u00f3 <\/span>a Puerto Rico.<\/p>\n<h6> 2016-07-04 08:47:19 <\/h6>\n<p><!--\n<link rel=\"stylesheet\" href=\"css\/bootstrap.min.css\">\n\n\n<ul class=\"pagination\">\n\t    \n\t\n\n<li >\n\t<a href='?page_no=19150'>Previous<\/a>\n\t<\/li>\n\n\n       \n    \n\n<li><a href='?page_no=1'>1<\/a><\/li>\n\n\n\n<li><a href='?page_no=2'>2<\/a><\/li>\n\n\n\n<li><a>...<\/a><\/li>\n\n\n\n<li><a href='?page_no=19149'>19149<\/a><\/li>\n\n\n\n<li><a href='?page_no=19150'>19150<\/a><\/li>\n\n\n\n<li class='active'><a>19151<\/a><\/li>\n\n\n\n<li><a href='?page_no=19152'>19152<\/a><\/li>\n\n\n\n<li><a href='?page_no=19153'>19153<\/a><\/li>\n\n\n\n<li><a>...<\/a><\/li>\n\n\n\n<li><a href='?page_no=51012'>51012<\/a><\/li>\n\n\n\n<li><a href='?page_no=51013'>51013<\/a><\/li>\n\n    \n\t\n\n<li >\n\t<a href='?page_no=19152'>Next<\/a>\n\t<\/li>\n\n\n    \n\n<li><a href='?page_no=51013'>Last &rsaquo;&rsaquo;<\/a><\/li>\n\n<\/ul>\n\n\n--><br \/>\n<\/body><\/p>\n","protected":false},"excerpt":{"rendered":"<p>San Juan, 4 jul (PL) El Colegio de Abogados de Puerto Rico permanece hoy alerta ante el posible desalojo de los j\u00f3venes que protestan contra la junta fiscal de Estados Unidos en la entrada del edificio federal en San Juan. \u00abNosotros tenemos un grupo de abogados, algunos de los cuales participaron en la lucha de [&hellip;]<\/p>\n","protected":false},"author":3,"featured_media":0,"comment_status":"open","ping_status":"open","sticky":false,"template":"","format":"standard","meta":{"footnotes":""},"categories":[23],"tags":[],"class_list":["post-249506","post","type-post","status-publish","format-standard","hentry","category-internacional"],"_links":{"self":[{"href":"https:\/\/diariodominicano.com\/index.php?rest_route=\/wp\/v2\/posts\/249506","targetHints":{"allow":["GET"]}}],"collection":[{"href":"https:\/\/diariodominicano.com\/index.php?rest_route=\/wp\/v2\/posts"}],"about":[{"href":"https:\/\/diariodominicano.com\/index.php?rest_route=\/wp\/v2\/types\/post"}],"author":[{"embeddable":true,"href":"https:\/\/diariodominicano.com\/index.php?rest_route=\/wp\/v2\/users\/3"}],"replies":[{"embeddable":true,"href":"https:\/\/diariodominicano.com\/index.php?rest_route=%2Fwp%2Fv2%2Fcomments&post=249506"}],"version-history":[{"count":0,"href":"https:\/\/diariodominicano.com\/index.php?rest_route=\/wp\/v2\/posts\/249506\/revisions"}],"wp:attachment":[{"href":"https:\/\/diariodominicano.com\/index.php?rest_route=%2Fwp%2Fv2%2Fmedia&parent=249506"}],"wp:term":[{"taxonomy":"category","embeddable":true,"href":"https:\/\/diariodominicano.com\/index.php?rest_route=%2Fwp%2Fv2%2Fcategories&post=249506"},{"taxonomy":"post_tag","embeddable":true,"href":"https:\/\/diariodominicano.com\/index.php?rest_route=%2Fwp%2Fv2%2Ftags&post=249506"}],"curies":[{"name":"wp","href":"https:\/\/api.w.org\/{rel}","templated":true}]}}