{"id":249504,"date":"2016-07-04T09:25:22","date_gmt":"2016-07-04T09:25:22","guid":{"rendered":"http:\/\/diariodominicano.ddns.net\/?p=249504"},"modified":"2016-07-04T09:25:22","modified_gmt":"2016-07-04T09:25:22","slug":"tres-dias-de-luto-nacional-por-atentado-con-al-menos-166-muertos","status":"publish","type":"post","link":"https:\/\/diariodominicano.com\/?p=249504","title":{"rendered":"Tres d\u00edas de luto nacional por atentado con al menos 166 muertos"},"content":{"rendered":"<p><body><\/p>\n<p><img decoding=\"async\" src=\"img3\/bagdad4-7et.jpg\" \/>  <\/p>\n<p><span class=\"text1noticias\">     BAGDAD, 4 jul (Xinhua) &#8212; Irak comenz\u00f3 el lunes tres d\u00edas de duelo nacional por las v\u00edctimas de los atentados el domingo en la capital del pa\u00eds, Bagdad, que dejaron al menos 166 muertos seg\u00fan las \u00faltimas cifras oficiales.<\/span><\/p>\n<p><span class=\"text1noticias\"> <\/span><\/p>\n<p><span class=\"text1noticias\">     Una fuente del Ministerio del Interior indic\u00f3 que 165 personas fallecieron y 225 resultaron heridas en el atentado suicida en el distrito sure\u00f1o de Karrada-Dakhil, mientras otra persona falleci\u00f3 en la explosi\u00f3n de otro coche bomba en un mercado al noreste de a ciudad.<\/span><\/p>\n<p><span class=\"text1noticias\"> <\/span><\/p>\n<p><span class=\"text1noticias\">     El primer ministro, Haider al-Abadi, anunci\u00f3 tres d\u00edas de luto nacional el domingo, tras visitar el lugar de las explosiones. Su comitiva fue atacada por ciudadanos furiosos que acusaron al Gobierno de no haber conseguido proteger al pueblo.<\/span><\/p>\n<p><span class=\"text1noticias\"> <\/span><\/p>\n<p><span class=\"text1noticias\">     \u00abAhora exigimos una soluci\u00f3n del Gobierno\u00bb, dijo Mohammad Musa, un vecino. \u00abToda esa gente ha perdido el dinero, las propiedades, la vida y otras cosas. Todo se ha esfumado\u00bb, apunt\u00f3, tras se\u00f1alar las dificultades en las que ha vivido el pa\u00eds desde 2003.<\/span><\/p>\n<p><span class=\"text1noticias\"> <\/span><\/p>\n<p><span class=\"text1noticias\">     Como comandante en jefe de las fuerzas iraqu\u00edes, Abadi orden\u00f3 reforzar las medidas de seguridad en las entradas de Bagdad y otras provincias iraqu\u00ed<\/span>es. <\/p>\n<h6> 2016-07-04 09:25:22 <\/h6>\n<p><!--\n<link rel=\"stylesheet\" href=\"css\/bootstrap.min.css\">\n\n\n<ul class=\"pagination\">\n\t    \n\t\n\n<li >\n\t<a href='?page_no=19148'>Previous<\/a>\n\t<\/li>\n\n\n       \n    \n\n<li><a href='?page_no=1'>1<\/a><\/li>\n\n\n\n<li><a href='?page_no=2'>2<\/a><\/li>\n\n\n\n<li><a>...<\/a><\/li>\n\n\n\n<li><a href='?page_no=19147'>19147<\/a><\/li>\n\n\n\n<li><a href='?page_no=19148'>19148<\/a><\/li>\n\n\n\n<li class='active'><a>19149<\/a><\/li>\n\n\n\n<li><a href='?page_no=19150'>19150<\/a><\/li>\n\n\n\n<li><a href='?page_no=19151'>19151<\/a><\/li>\n\n\n\n<li><a>...<\/a><\/li>\n\n\n\n<li><a href='?page_no=51012'>51012<\/a><\/li>\n\n\n\n<li><a href='?page_no=51013'>51013<\/a><\/li>\n\n    \n\t\n\n<li >\n\t<a href='?page_no=19150'>Next<\/a>\n\t<\/li>\n\n\n    \n\n<li><a href='?page_no=51013'>Last &rsaquo;&rsaquo;<\/a><\/li>\n\n<\/ul>\n\n\n--><br \/>\n<\/body><\/p>\n","protected":false},"excerpt":{"rendered":"<p>BAGDAD, 4 jul (Xinhua) &#8212; Irak comenz\u00f3 el lunes tres d\u00edas de duelo nacional por las v\u00edctimas de los atentados el domingo en la capital del pa\u00eds, Bagdad, que dejaron al menos 166 muertos seg\u00fan las \u00faltimas cifras oficiales. Una fuente del Ministerio del Interior indic\u00f3 que 165 personas fallecieron y 225 resultaron heridas en [&hellip;]<\/p>\n","protected":false},"author":3,"featured_media":0,"comment_status":"open","ping_status":"open","sticky":false,"template":"","format":"standard","meta":{"footnotes":""},"categories":[23],"tags":[],"class_list":["post-249504","post","type-post","status-publish","format-standard","hentry","category-internacional"],"_links":{"self":[{"href":"https:\/\/diariodominicano.com\/index.php?rest_route=\/wp\/v2\/posts\/249504","targetHints":{"allow":["GET"]}}],"collection":[{"href":"https:\/\/diariodominicano.com\/index.php?rest_route=\/wp\/v2\/posts"}],"about":[{"href":"https:\/\/diariodominicano.com\/index.php?rest_route=\/wp\/v2\/types\/post"}],"author":[{"embeddable":true,"href":"https:\/\/diariodominicano.com\/index.php?rest_route=\/wp\/v2\/users\/3"}],"replies":[{"embeddable":true,"href":"https:\/\/diariodominicano.com\/index.php?rest_route=%2Fwp%2Fv2%2Fcomments&post=249504"}],"version-history":[{"count":0,"href":"https:\/\/diariodominicano.com\/index.php?rest_route=\/wp\/v2\/posts\/249504\/revisions"}],"wp:attachment":[{"href":"https:\/\/diariodominicano.com\/index.php?rest_route=%2Fwp%2Fv2%2Fmedia&parent=249504"}],"wp:term":[{"taxonomy":"category","embeddable":true,"href":"https:\/\/diariodominicano.com\/index.php?rest_route=%2Fwp%2Fv2%2Fcategories&post=249504"},{"taxonomy":"post_tag","embeddable":true,"href":"https:\/\/diariodominicano.com\/index.php?rest_route=%2Fwp%2Fv2%2Ftags&post=249504"}],"curies":[{"name":"wp","href":"https:\/\/api.w.org\/{rel}","templated":true}]}}