{"id":249503,"date":"2016-07-04T09:46:44","date_gmt":"2016-07-04T09:46:44","guid":{"rendered":"http:\/\/diariodominicano.ddns.net\/?p=249503"},"modified":"2016-07-04T09:46:44","modified_gmt":"2016-07-04T09:46:44","slug":"descubren-en-cuba-molecula-con-efecto-neuroprotector","status":"publish","type":"post","link":"https:\/\/diariodominicano.com\/?p=249503","title":{"rendered":"Descubren en Cuba mol\u00e9cula con efecto neuroprotector"},"content":{"rendered":"<p><body><\/p>\n<p><img decoding=\"async\" src=\"img3\/moleculacerebra4-7.jpg\" \/>  <\/p>\n<p><span class=\"text1noticias\">La Habana, 4 jul(PL) Un equipo de cient\u00edficos cubanos descubri\u00f3 la mol\u00e9cula denominada JM-20, que protege al sistema nervioso de procesos degenerativos propios de lesiones cerebrales, seg\u00fan se public\u00f3 hoy en el diario Granma.<\/span><\/p>\n<p><span class=\"text1noticias\"> <\/span><\/p>\n<p><span class=\"text1noticias\">En ensayos precl\u00ednicos, los investigadores hallaron en la part\u00edcula las caracter\u00edsticas neuroprotectoras, por lo que podr\u00eda contribuir al desarrollo de nuevos tratamientos para enfrentar la isquemia cerebral, indic\u00f3 el rotativo.<\/span><\/p>\n<p><span class=\"text1noticias\"> <\/span><\/p>\n<p><span class=\"text1noticias\">De acuerdo con la publicaci\u00f3n, esos resultados posibilitaron el seguimiento de la pesquisa hacia la fase de ensayos cl\u00ednicos en humanos.<\/span><\/p>\n<p><span class=\"text1noticias\"> <\/span><\/p>\n<p><span class=\"text1noticias\">Posteriormente, si se comprueba con \u00e9xito el beneficio de la JM-20, el mercado podr\u00e1 disponer, por primera vez, de un producto con acci\u00f3n terap\u00e9utica efectiva contra esa dolencia y sus secuelas, revelaron los especialistas.<\/span><\/p>\n<p><span class=\"text1noticias\"> <\/span><\/p>\n<p><span class=\"text1noticias\">Tambi\u00e9n afirmaron que la mol\u00e9cula y sus derivados est\u00e1n protegidos por una patente cubana.<\/span><\/p>\n<p><span class=\"text1noticias\"> <\/span><\/p>\n<p><span class=\"text1noticias\">En la investigaci\u00f3n intervienen expertos de la Universidad de La Habana, as\u00ed como de los centros de Investigaci\u00f3n y Desarrollo de Medicamentos, y de Estudios para las Investigaciones y Evaluaciones Biol\u00f3gicas.<\/span><\/p>\n<p><span class=\"text1noticias\"> <\/span><\/p>\n<p><span class=\"text1noticias\">Colaboran, adem\u00e1s, cient\u00edficos del Instituto de Ciencias B\u00e1sicas de la Salud, y de la Universidad Federal de R\u00edo Grande del Sur, Brasil.<\/span><\/p>\n<p><span class=\"text1noticias\"> <\/span><\/p>\n<p><span class=\"text1noticias\">Asimismo se conoci\u00f3 que el estudio recibi\u00f3 en el 2015 uno de los premios de la Academia de Ciencias, entre otros lauros, por su relevancia cien<\/span>t\u00edfica.<\/p>\n<h6> 2016-07-04 09:46:44 <\/h6>\n<p><!--\n<link rel=\"stylesheet\" href=\"css\/bootstrap.min.css\">\n\n\n<ul class=\"pagination\">\n\t    \n\t\n\n<li >\n\t<a href='?page_no=19147'>Previous<\/a>\n\t<\/li>\n\n\n       \n    \n\n<li><a href='?page_no=1'>1<\/a><\/li>\n\n\n\n<li><a href='?page_no=2'>2<\/a><\/li>\n\n\n\n<li><a>...<\/a><\/li>\n\n\n\n<li><a href='?page_no=19146'>19146<\/a><\/li>\n\n\n\n<li><a href='?page_no=19147'>19147<\/a><\/li>\n\n\n\n<li class='active'><a>19148<\/a><\/li>\n\n\n\n<li><a href='?page_no=19149'>19149<\/a><\/li>\n\n\n\n<li><a href='?page_no=19150'>19150<\/a><\/li>\n\n\n\n<li><a>...<\/a><\/li>\n\n\n\n<li><a href='?page_no=51012'>51012<\/a><\/li>\n\n\n\n<li><a href='?page_no=51013'>51013<\/a><\/li>\n\n    \n\t\n\n<li >\n\t<a href='?page_no=19149'>Next<\/a>\n\t<\/li>\n\n\n    \n\n<li><a href='?page_no=51013'>Last &rsaquo;&rsaquo;<\/a><\/li>\n\n<\/ul>\n\n\n--><br \/>\n<\/body><\/p>\n","protected":false},"excerpt":{"rendered":"<p>La Habana, 4 jul(PL) Un equipo de cient\u00edficos cubanos descubri\u00f3 la mol\u00e9cula denominada JM-20, que protege al sistema nervioso de procesos degenerativos propios de lesiones cerebrales, seg\u00fan se public\u00f3 hoy en el diario Granma. En ensayos precl\u00ednicos, los investigadores hallaron en la part\u00edcula las caracter\u00edsticas neuroprotectoras, por lo que podr\u00eda contribuir al desarrollo de nuevos [&hellip;]<\/p>\n","protected":false},"author":3,"featured_media":0,"comment_status":"open","ping_status":"open","sticky":false,"template":"","format":"standard","meta":{"footnotes":""},"categories":[23],"tags":[],"class_list":["post-249503","post","type-post","status-publish","format-standard","hentry","category-internacional"],"_links":{"self":[{"href":"https:\/\/diariodominicano.com\/index.php?rest_route=\/wp\/v2\/posts\/249503","targetHints":{"allow":["GET"]}}],"collection":[{"href":"https:\/\/diariodominicano.com\/index.php?rest_route=\/wp\/v2\/posts"}],"about":[{"href":"https:\/\/diariodominicano.com\/index.php?rest_route=\/wp\/v2\/types\/post"}],"author":[{"embeddable":true,"href":"https:\/\/diariodominicano.com\/index.php?rest_route=\/wp\/v2\/users\/3"}],"replies":[{"embeddable":true,"href":"https:\/\/diariodominicano.com\/index.php?rest_route=%2Fwp%2Fv2%2Fcomments&post=249503"}],"version-history":[{"count":0,"href":"https:\/\/diariodominicano.com\/index.php?rest_route=\/wp\/v2\/posts\/249503\/revisions"}],"wp:attachment":[{"href":"https:\/\/diariodominicano.com\/index.php?rest_route=%2Fwp%2Fv2%2Fmedia&parent=249503"}],"wp:term":[{"taxonomy":"category","embeddable":true,"href":"https:\/\/diariodominicano.com\/index.php?rest_route=%2Fwp%2Fv2%2Fcategories&post=249503"},{"taxonomy":"post_tag","embeddable":true,"href":"https:\/\/diariodominicano.com\/index.php?rest_route=%2Fwp%2Fv2%2Ftags&post=249503"}],"curies":[{"name":"wp","href":"https:\/\/api.w.org\/{rel}","templated":true}]}}